{"id":47308,"date":"2021-06-09T13:06:19","date_gmt":"2021-06-09T12:06:19","guid":{"rendered":"https:\/\/www.greenpeace.org\/sweden\/?p=47308"},"modified":"2021-12-01T13:39:33","modified_gmt":"2021-12-01T12:39:33","slug":"massivt-stod-for-skydd-av-fjallskogsomradet-karatj-ravvaive","status":"publish","type":"post","link":"https:\/\/www.greenpeace.org\/sweden\/pressmeddelanden\/greenpeace\/massivt-stod-for-skydd-av-fjallskogsomradet-karatj-ravvaive\/","title":{"rendered":"Massivt st\u00f6d f\u00f6r skydd av fj\u00e4llskogsomr\u00e5det Karatj-R\u00e5vv\u00e5ive"},"content":{"rendered":"\n<p><strong>Sex milj\u00f6organisationer och mer \u00e4n 11 000 privatpersoner kr\u00e4ver nu att hela den fj\u00e4lln\u00e4ra gammelskogen Karatj-R\u00e5vv\u00e5ive i Jokkmokks kommun f\u00e5r skydd som naturreservat. 4000 hektar av&nbsp;omr\u00e5det \u00e4r fortfarande utan skydd och delar av gammelskogen kan komma att avverkas.<\/strong><\/p>\n\n<figure class=\"wp-block-image\"><img decoding=\"async\" src=\"https:\/\/skyddaskogen.se\/wp-content\/uploads\/2021\/06\/skyddaskogen.se_kr-foto-mose-agestam-2-639-600-450-100.jpg\" alt=\"\"\/><figcaption>Karatj-R\u00e5vv\u00e5ive \u00e4r ett fj\u00e4lln\u00e4ra naturskogsomr\u00e5de med h\u00f6ga naturv\u00e4rden. Foto: Mose Agestam\/Skydda Skogen<\/figcaption><\/figure>\n\n<p>Det en kvadratmil stora fj\u00e4llskogsomr\u00e5det Karatj-R\u00e5vv\u00e5ive har sedan l\u00e4nge varit planerat som naturreservat. N\u00e4r reservatet till slut bildades 2018 s\u00e5 hade n\u00e4stan&nbsp; halva det skyddsv\u00e4rda omr\u00e5det skurits bort. Ist\u00e4llet skulle mark\u00e4garen och myndigheter unders\u00f6ka m\u00f6jligheten att bilda en s\u00e5 kallad ekopark. Det skulle ge omr\u00e5det ett mycket svagare&nbsp; skydd utan f\u00f6rbud mot avverkning av skogar med h\u00f6ga naturv\u00e4rden.&nbsp;<\/p>\n\n<p>\u2013 Att bilda en ekopark kan framst\u00e5 som ett fullgott alternativ till naturreservat, men det inneb\u00e4r likv\u00e4l i praktiken att den skyddsv\u00e4rda skogen kan huggas ner. Vad har den biologiska m\u00e5ngfalden vunnit d\u00e5? s\u00e4ger <strong>Linda Ellegaard Nordstr\u00f6m fr\u00e5n Skydda Skogen<\/strong>.&nbsp;<\/p>\n\n<p>Skogsstyrelsen presenterade i b\u00f6rjan av \u00e5ret resultatet fr\u00e5n sin ekoparksutredning av Karatj R\u00e5vv\u00e5ive, och d\u00e4r sl\u00e5r de fast att <em>\u201domr\u00e5dets naturv\u00e4rden och kulturhistoriska v\u00e4rden \u00e4r unika och&nbsp; ett formellt skydd \u00f6ver omr\u00e5det \u00e4r att rekommendera\u201d. <\/em>Det \u00e4r samma bed\u00f6mning som b\u00e5de&nbsp; Naturv\u00e5rdsverket och L\u00e4nsstyrelsen i Norrbotten gjort.&nbsp;<\/p>\n\n<p>\u2013 Vi som st\u00e5r bakom uppropet f\u00f6r Karatj-R\u00e5vv\u00e5ive f\u00f6respr\u00e5kar att hela omr\u00e5det f\u00e5r ett formellt skydd som naturreservat. Stora sammanh\u00e4ngande naturskogsomr\u00e5den som Karatj-R\u00e5vv\u00e5ive \u00e4r mycket viktiga att beh\u00e5lla ofragmenterade, f\u00f6r att kunna s\u00e4kra en&nbsp;intakt f\u00e5gelfauna med arter som lappmes, tret\u00e5ig hackspett och lavskrika, s\u00e4ger <strong>Lotta Berg fr\u00e5n BirdLife Sverige<\/strong>.&nbsp;<\/p>\n\n<p>Skogarnas naturv\u00e4rden \u00e4r h\u00f6ga och v\u00e4ldokumenterade, och mer \u00e4n h\u00e4lften \u00e4r redan klassade&nbsp;som nyckelbiotoper. Vidare utg\u00f6r de h\u00e4nglavsrika tallhedarna ett riksintresse f\u00f6r renn\u00e4ringen&nbsp; och k\u00e4rnomr\u00e5de f\u00f6r Tuorpons sameby. D\u00e4r finns gott om kulturhistoriska sp\u00e5r av barkt\u00e4kter,&nbsp;samiska boplatser, eldh\u00e4rdar med mera.&nbsp;Just nu p\u00e5g\u00e5r f\u00f6rhandlingar mellan Naturv\u00e5rdsverket och mark\u00e4garen Jokkmokks Allm\u00e4nning&nbsp;f\u00f6r att avg\u00f6ra omr\u00e5dets \u00f6de.<\/p>\n\n<p>De organisationer som st\u00e5r bakom uppropet \u00e4r Skydda Skogen, Naturskyddsf\u00f6reningen i Jokkmokk, Greenpeace, F\u00e4ltbiologerna, BirdLife Sverige och Jordens V\u00e4nner. 11 300 privatpersoner fr\u00e5n hela v\u00e4rlden har undertecknat uppropet.&nbsp;&nbsp;<\/p>\n\n<p>Skydda Skogen har ocks\u00e5 gjort en film som beskriver v\u00e4rdena i Karatj-R\u00e5vv\u00e5ive, som kan ses h\u00e4r: &nbsp;<\/p>\n\n<figure class=\"wp-block-embed is-type-video is-provider-youtube wp-block-embed-youtube wp-embed-aspect-16-9 wp-has-aspect-ratio\"><div class=\"wp-block-embed__wrapper\">\nhttps:\/\/youtu.be\/HdBv5n41bQQ\n<\/div><\/figure>\n\n<p><strong>L\u00e4s Skydda Skogens brev<\/strong> till Jokkmokks Allm\u00e4nning, L\u00e4nsstyrelsen i&nbsp;Norrbotten, Milj\u00f6departementet och Naturv\u00e5rdsverket <a href=\"https:\/\/skyddaskogen.se\/wp-content\/uploads\/2021\/06\/skyddaskogen.se_brev-namninsamling-karat-ravvaive-juni-2021-1.pdf\" target=\"_blank\" rel=\"noreferrer noopener\">h\u00e4r<\/a>.<\/p>\n\n<p><strong>Presskontakter:&nbsp;<\/strong><br>Linda Ellegaard Nordstr\u00f6m, Skydda Skogen +46 70 254 11 48&nbsp;<br>Lars-Ture Lindholm, Naturskyddsf\u00f6reningen Jokkmokk + 46 70 838 48 37 Siri Maassen, Jordens V\u00e4nner +46 70 770 44 66&nbsp;<br>Christer Johansson, Birdlife Sverige +46 73 422 61 57&nbsp;<br>Dima Litvinov, Greenpeace +46 70 657 65 86&nbsp;<br>Leo Rudberg, F\u00e4ltbiologerna, +46 76 250 82 30<\/p>\n\t\t\t<section\n\t\t\tclass=\"boxout post-46050 \"\n\t\t\t\n\t\t>\n\t\t\t<a\n\t\t\t\tdata-ga-category=\"Take Action Boxout\"\n\t\t\t\tdata-ga-action=\"Image\"\n\t\t\t\tdata-ga-label=\"n\/a\"\n\t\t\t\tclass=\"cover-card-overlay\"\n\t\t\t\thref=\"https:\/\/www.greenpeace.org\/sweden\/agera\/skydda-svensk-skog\/\" \n\t\t\t><\/a>\n\t\t\t\t\t\t\t<img\n\t\t\t\t\t\tsrc=\"https:\/\/www.greenpeace.org\/static\/planet4-sweden-stateless\/2021\/02\/d67f8b00-gp0stq8ze_web_size.jpg\"\n\t\t\t\t\t\tsrcset=\"https:\/\/www.greenpeace.org\/static\/planet4-sweden-stateless\/2021\/02\/d67f8b00-gp0stq8ze_web_size-300x200.jpg 300w, https:\/\/www.greenpeace.org\/static\/planet4-sweden-stateless\/2021\/02\/d67f8b00-gp0stq8ze_web_size-768x512.jpg 768w, https:\/\/www.greenpeace.org\/static\/planet4-sweden-stateless\/2021\/02\/d67f8b00-gp0stq8ze_web_size-510x340.jpg 510w, https:\/\/www.greenpeace.org\/static\/planet4-sweden-stateless\/2021\/02\/d67f8b00-gp0stq8ze_web_size.jpg 800w\"\n\t\t\t\t\t\tsizes=\"(min-width: 1000px) 358px, (min-width: 780px) 313px, 88px\"\n\t\t\t\t\t\talt=\"\" title=\"\"\n\t\t\t\t\/>\n            \t\t\t<div class=\"boxout-content\">\n\t\t\t\t\t\t\t\t\t<a\n\t\t\t\t\t\tclass=\"boxout-heading medium\"\n\t\t\t\t\t\tdata-ga-category=\"Take Action Boxout\"\n\t\t\t\t\t\tdata-ga-action=\"Title\"\n\t\t\t\t\t\tdata-ga-label=\"n\/a\"\n\t\t\t\t\t\thref=\"https:\/\/www.greenpeace.org\/sweden\/agera\/skydda-svensk-skog\/\"\n\t\t\t\t\t\t\n\t\t\t\t\t>\n\t\t\t\t\t\tSkydda svensk skog\n\t\t\t\t\t<\/a>\n\t\t\t\t\t\t\t\t\t\t\t\t\t<p class=\"boxout-excerpt\">Skriv under och hj\u00e4lp oss s\u00e4tta press p\u00e5 regeringen och kr\u00e4v att statliga Sveaskog g\u00f6rs om fr\u00e5n en skogsbov till en skogshj\u00e4lte! <\/p>\n\t\t\t\t                                    <a\n                        class=\"btn btn-primary\"\n                        data-ga-category=\"Take Action Boxout\"\n                        data-ga-action=\"Call to Action\"\n                        data-ga-label=\"n\/a\"\n                        href=\"https:\/\/www.greenpeace.org\/sweden\/agera\/skydda-svensk-skog\/\"\n                        \n                    >\n                        Engagera dig\n                    <\/a>\n                \t\t\t<\/div>\n\t\t\t\t\t<\/section>\n\t","protected":false},"excerpt":{"rendered":"<p>Sex milj\u00f6organisationer och mer \u00e4n 11 000 privatpersoner kr\u00e4ver nu att hela den fj\u00e4lln\u00e4ra gammelskogen Karatj-R\u00e5vv\u00e5ive i Jokkmokks kommun f\u00e5r skydd som naturreservat. 4000 hektar av omr\u00e5det \u00e4r fortfarande utan skydd och delar av gammelskogen kan komma att avverkas.<\/p>\n","protected":false},"author":76,"featured_media":47316,"comment_status":"open","ping_status":"open","sticky":false,"template":"","format":"standard","meta":{"ep_exclude_from_search":false,"p4_og_title":"","p4_og_description":"","p4_og_image":"","p4_og_image_id":"","p4_seo_canonical_url":"","p4_campaign_name":"not set","p4_local_project":"not set","p4_basket_name":"not set","p4_department":"","footnotes":""},"categories":[1,22],"tags":[19,40],"p4-page-type":[14],"class_list":["post-47308","post","type-post","status-publish","format-standard","has-post-thumbnail","hentry","category-greenpeace","category-skog","tag-skyddaskogen","tag-biodiversitet","p4-page-type-pressmeddelanden"],"_links":{"self":[{"href":"https:\/\/www.greenpeace.org\/sweden\/wp-json\/wp\/v2\/posts\/47308","targetHints":{"allow":["GET"]}}],"collection":[{"href":"https:\/\/www.greenpeace.org\/sweden\/wp-json\/wp\/v2\/posts"}],"about":[{"href":"https:\/\/www.greenpeace.org\/sweden\/wp-json\/wp\/v2\/types\/post"}],"author":[{"embeddable":true,"href":"https:\/\/www.greenpeace.org\/sweden\/wp-json\/wp\/v2\/users\/76"}],"replies":[{"embeddable":true,"href":"https:\/\/www.greenpeace.org\/sweden\/wp-json\/wp\/v2\/comments?post=47308"}],"version-history":[{"count":11,"href":"https:\/\/www.greenpeace.org\/sweden\/wp-json\/wp\/v2\/posts\/47308\/revisions"}],"predecessor-version":[{"id":49739,"href":"https:\/\/www.greenpeace.org\/sweden\/wp-json\/wp\/v2\/posts\/47308\/revisions\/49739"}],"wp:featuredmedia":[{"embeddable":true,"href":"https:\/\/www.greenpeace.org\/sweden\/wp-json\/wp\/v2\/media\/47316"}],"wp:attachment":[{"href":"https:\/\/www.greenpeace.org\/sweden\/wp-json\/wp\/v2\/media?parent=47308"}],"wp:term":[{"taxonomy":"category","embeddable":true,"href":"https:\/\/www.greenpeace.org\/sweden\/wp-json\/wp\/v2\/categories?post=47308"},{"taxonomy":"post_tag","embeddable":true,"href":"https:\/\/www.greenpeace.org\/sweden\/wp-json\/wp\/v2\/tags?post=47308"},{"taxonomy":"p4-page-type","embeddable":true,"href":"https:\/\/www.greenpeace.org\/sweden\/wp-json\/wp\/v2\/p4-page-type?post=47308"}],"curies":[{"name":"wp","href":"https:\/\/api.w.org\/{rel}","templated":true}]}}