{"id":47613,"date":"2021-06-21T12:32:07","date_gmt":"2021-06-21T11:32:07","guid":{"rendered":"https:\/\/www.greenpeace.org\/sweden\/?p=47613"},"modified":"2023-02-20T15:00:18","modified_gmt":"2023-02-20T14:00:18","slug":"turne-i-norr-ska-vacka-debatt-om-skogen","status":"publish","type":"post","link":"https:\/\/www.greenpeace.org\/sweden\/pressmeddelanden\/skog\/turne-i-norr-ska-vacka-debatt-om-skogen\/","title":{"rendered":"Turn\u00e9 i norr ska v\u00e4cka debatt om skogen"},"content":{"rendered":"\n<p><strong>Volont\u00e4rer fr\u00e5n Greenpeace kommer under juli att bes\u00f6ka elva orter i Norrbotten och V\u00e4sterbotten f\u00f6r att h\u00e5lla f\u00f6redrag om skogen. Syftet \u00e4r att f\u00e5 ig\u00e5ng en diskussion om hur Sverige kan skapa ett skogsbruk som \u00e4r l\u00e5ngsiktigt h\u00e5llbart f\u00f6r s\u00e5v\u00e4l skogs\u00e4gare som f\u00f6r klimatet och den biologiska m\u00e5ngfalden.&nbsp;<\/strong><\/p>\n\n<figure class=\"wp-block-image size-large\"><img loading=\"lazy\" decoding=\"async\" width=\"800\" height=\"450\" src=\"https:\/\/www.greenpeace.org\/static\/planet4-sweden-stateless\/2021\/06\/4a7ab972-gp1sv281_web_size.jpg\" alt=\"\" class=\"wp-image-47248\" srcset=\"https:\/\/www.greenpeace.org\/static\/planet4-sweden-stateless\/2021\/06\/4a7ab972-gp1sv281_web_size.jpg 800w, https:\/\/www.greenpeace.org\/static\/planet4-sweden-stateless\/2021\/06\/4a7ab972-gp1sv281_web_size-300x169.jpg 300w, https:\/\/www.greenpeace.org\/static\/planet4-sweden-stateless\/2021\/06\/4a7ab972-gp1sv281_web_size-768x432.jpg 768w, https:\/\/www.greenpeace.org\/static\/planet4-sweden-stateless\/2021\/06\/4a7ab972-gp1sv281_web_size-510x287.jpg 510w\" sizes=\"auto, (max-width: 800px) 100vw, 800px\" \/><figcaption class=\"wp-element-caption\">&#8221;Vi vill sl\u00e5 h\u00e5l p\u00e5 en rad myter om det svenska skogsbruket&#8221;, s\u00e4ger en av f\u00f6redragsh\u00e5llarna fr\u00e5n Greenspeakers, Annalena Lohaus.<\/figcaption><\/figure>\n\n<p>\u2013 Sverige \u00e4r ett av de s\u00e4msta l\u00e4nderna i EU p\u00e5 att skydda skog. Under de h\u00e4r f\u00f6redragen vill vi sl\u00e5 h\u00e5l p\u00e5 en rad myter om det svenska skogsbruket och f\u00e5 ig\u00e5ng en diskussion om hur vi ska anv\u00e4nda v\u00e5ra skogar, s\u00e4ger <strong>Annalena Lohaus, som \u00e4r skogsm\u00e4stare, specialiserad p\u00e5 naturn\u00e4ra skogsbruk, och en av f\u00f6redragsh\u00e5llarna<\/strong>.<\/p>\n\n<p>Turn\u00e9n kommer under tv\u00e5 veckor i juli att bes\u00f6ka elva orter i Norrbotten. F\u00f6redragen kommer att ske p\u00e5 centrala platser utomhus och alla \u00e4r v\u00e4lkomna att delta, utan kostnad. Bakom arrangemanget st\u00e5r Greenspeakers, som \u00e4r volont\u00e4rer knutna till Greenpeace, i samverkan med lokalavdelningar fr\u00e5n Naturskyddsf\u00f6reningen Norrbotten och deras projekt <a href=\"https:\/\/www.gammelskogen.se\/\">Gammelskogen<\/a>.<br><br>Varje f\u00f6rel\u00e4sning kommer ha ett b\u00e5de globalt och lokalt fokus, d\u00e4r f\u00f6redragsh\u00e5llarna ber\u00e4ttar hur det ser ut f\u00f6r den ber\u00f6rda kommunen och om n\u00e5got kan g\u00f6ras d\u00e4r f\u00f6r att bidra till ett b\u00e4ttre klimat och \u00f6kad biologisk m\u00e5ngfald.<\/p>\n\n<p>\u2013 Intresset f\u00f6r att diskutera skogen har nog aldrig varit st\u00f6rre, vilket vi tycker \u00e4r fantastiskt. Vi vill f\u00e5 fler att fundera p\u00e5 hur vi kan skapa ett skogsbruk som \u00e4r l\u00e5ngsiktigt h\u00e5llbart och gynnar de som lever och bor i n\u00e4rheten av skogarna. Framtidens jobb inom skogsbruk \u00e4r i v\u00e5ra skogar, inte p\u00e5 kontor i storst\u00e4derna, s\u00e4ger <strong>Daniel Zetterstr\u00f6m p\u00e5 Greenpeace<\/strong>.<\/p>\n\n<p>Under v\u00e5ren har en intensiv debatt p\u00e5g\u00e5tt om den svenska skogen. En rad avsl\u00f6janden har bland annat visat att <a href=\"https:\/\/www.dn.se\/sverige\/svenska-trad-eldas-upp-trots-branschens-och-ministerns-loften\/\">naturskogar omvandlas till eng\u00e5ngsartiklar <\/a>och eldas upp som biobr\u00e4nsle, samtidigt som <a href=\"https:\/\/www.dn.se\/sverige\/internationell-kritik-mot-svenska-eu-krav-katastrof-for-klimatet\/\">Sveriges regering lobbar i EU<\/a> f\u00f6r att s\u00e4nka milj\u00f6kraven p\u00e5 skogsbruket. Greenpeace har riktat h\u00e5rd kritik mot <a href=\"https:\/\/www.dn.se\/debatt\/det-svenska-skogsbruket-maste-forandras-i-grunden\/\">statligt \u00e4gda Sveaskog<\/a>, bland annat f\u00f6r att bolaget kalhugger viktiga renbetesmarker i <a href=\"https:\/\/www.greenpeace.org\/sweden\/pressmeddelanden\/46529\/stoppa-sveaskogs-avverkningar-i-muonio-sameby\/\">Muonio sameby<\/a>.<\/p>\n\n<p>\u2013 \u00c4r man stark m\u00e5ste man vara sn\u00e4ll, och d\u00e4r har statligt \u00e4gda Sveaskog ett stort ansvar. Som enskilt st\u00f6rsta \u00e4gare av skog, framf\u00f6rallt i norr, har Sveaskog en s\u00e4rskild skyldighet att bedriva ett h\u00e5llbart skogsbruk. D\u00e4rf\u00f6r vill vi g\u00e4rna diskutera Sveaskogs ansvar f\u00f6r skogarna i Norrbotten, s\u00e4ger <strong>Kajsa Falk, Greenspeaker.<\/strong><\/p>\n\n<p><strong>Kontakt:&nbsp;<\/strong><br>Daniel Zetterstr\u00f6m, Greenpeace: daniel.zetterstrom@reenpeace.org, 070\u2013753 82 40<\/p>\n\n<p><strong>Fakta: Greenspeakers turn\u00e9 i Norrbotten<\/strong><br>Turn\u00e9n genomf\u00f6rs av Greenspeakers, som \u00e4r volont\u00e4rer som \u00e4r kopplade till Greenpeace, i samverkan med lokalavdelningar fr\u00e5n Naturskyddsf\u00f6reningen Norrbotten och deras projekt <a href=\"https:\/\/www.gammelskogen.se\/\">Gammelskogen<\/a>. Syftet med turn\u00e9n \u00e4r att f\u00e5 ig\u00e5ng en diskussion om hur Sverige kan skapa ett skogsbruk som \u00e4r l\u00e5ngsiktigt h\u00e5llbart f\u00f6r s\u00e5v\u00e4l skogs\u00e4gare som f\u00f6r klimatet och den biologiska m\u00e5ngfalden.&nbsp;<\/p>\n\n<p><strong>Fakta: F\u00f6redragsh\u00e5llarna<\/strong><br>Annalena Lohaus &#8211; skogsm\u00e4stare specialiserad p\u00e5 naturn\u00e4ra skogsbruk.<br>Kajsa Falk &#8211; volont\u00e4r som \u00e4r engagerad i biodrivmedels-fr\u00e5gan<br>Niclas Widmark &#8211; volont\u00e4r som \u00e4r fokuserad p\u00e5 demokrati och aktivt medborgarskap<br>Kalle Keijonen &#8211; juriststudent och lokalgruppskontakt f\u00f6r Greenpeace Stockholm<\/p>\n\n<p><strong>Fakta: Turn\u00e9schema<\/strong><br>12 juli (m\u00e5ndag) &#8211; Pite\u00e5<br>13 juli (tisdag) &#8211; Lule\u00e5<br>14 juli (onsdag) &#8211; Boden<br>15 juli (torsdag) &#8211; Kalix<br>16 juli (fredag) &#8211; Haparanda<br>17 juli (l\u00f6rdag) &#8211; Korpilombolo<br>19 juli (m\u00e5ndag) &#8211; Kiruna<br>20 juli (tisdag) &#8211; G\u00e4llivare<br>21 juli (onsdag) &#8211; Jokkmokk<br>22 juli (torsdag) &#8211; Arvidsjaur<br>23 juli (fredag) &#8211; Storuman<\/p>\n","protected":false},"excerpt":{"rendered":"<p>Volont\u00e4rer fr\u00e5n Greenpeace kommer under juli att bes\u00f6ka elva orter i Norrbotten och V\u00e4sterbotten f\u00f6r att h\u00e5lla f\u00f6redrag om skogen. Syftet \u00e4r att f\u00e5 ig\u00e5ng en diskussion om hur Sverige kan skapa ett skogsbruk som \u00e4r l\u00e5ngsiktigt h\u00e5llbart.<\/p>\n","protected":false},"author":76,"featured_media":47248,"comment_status":"closed","ping_status":"open","sticky":false,"template":"","format":"standard","meta":{"ep_exclude_from_search":false,"p4_og_title":"","p4_og_description":"","p4_og_image":"","p4_og_image_id":"","p4_seo_canonical_url":"","p4_campaign_name":"not set","p4_local_project":"not set","p4_basket_name":"not set","p4_department":"","footnotes":""},"categories":[22],"tags":[19,40,31],"p4-page-type":[14],"class_list":["post-47613","post","type-post","status-publish","format-standard","has-post-thumbnail","hentry","category-skog","tag-skyddaskogen","tag-biodiversitet","tag-aktivism","p4-page-type-pressmeddelanden"],"_links":{"self":[{"href":"https:\/\/www.greenpeace.org\/sweden\/wp-json\/wp\/v2\/posts\/47613","targetHints":{"allow":["GET"]}}],"collection":[{"href":"https:\/\/www.greenpeace.org\/sweden\/wp-json\/wp\/v2\/posts"}],"about":[{"href":"https:\/\/www.greenpeace.org\/sweden\/wp-json\/wp\/v2\/types\/post"}],"author":[{"embeddable":true,"href":"https:\/\/www.greenpeace.org\/sweden\/wp-json\/wp\/v2\/users\/76"}],"replies":[{"embeddable":true,"href":"https:\/\/www.greenpeace.org\/sweden\/wp-json\/wp\/v2\/comments?post=47613"}],"version-history":[{"count":8,"href":"https:\/\/www.greenpeace.org\/sweden\/wp-json\/wp\/v2\/posts\/47613\/revisions"}],"predecessor-version":[{"id":54742,"href":"https:\/\/www.greenpeace.org\/sweden\/wp-json\/wp\/v2\/posts\/47613\/revisions\/54742"}],"wp:featuredmedia":[{"embeddable":true,"href":"https:\/\/www.greenpeace.org\/sweden\/wp-json\/wp\/v2\/media\/47248"}],"wp:attachment":[{"href":"https:\/\/www.greenpeace.org\/sweden\/wp-json\/wp\/v2\/media?parent=47613"}],"wp:term":[{"taxonomy":"category","embeddable":true,"href":"https:\/\/www.greenpeace.org\/sweden\/wp-json\/wp\/v2\/categories?post=47613"},{"taxonomy":"post_tag","embeddable":true,"href":"https:\/\/www.greenpeace.org\/sweden\/wp-json\/wp\/v2\/tags?post=47613"},{"taxonomy":"p4-page-type","embeddable":true,"href":"https:\/\/www.greenpeace.org\/sweden\/wp-json\/wp\/v2\/p4-page-type?post=47613"}],"curies":[{"name":"wp","href":"https:\/\/api.w.org\/{rel}","templated":true}]}}