{"id":47771,"date":"2021-06-29T15:08:51","date_gmt":"2021-06-29T14:08:51","guid":{"rendered":"https:\/\/www.greenpeace.org\/sweden\/?p=47771"},"modified":"2023-02-20T15:02:47","modified_gmt":"2023-02-20T14:02:47","slug":"svenska-samernas-riksforbund-riktar-svidande-kritik-mot-sveaskog","status":"publish","type":"post","link":"https:\/\/www.greenpeace.org\/sweden\/pressmeddelanden\/skog\/svenska-samernas-riksforbund-riktar-svidande-kritik-mot-sveaskog\/","title":{"rendered":"Svenska samernas riksf\u00f6rbund riktar svidande kritik mot Sveaskog"},"content":{"rendered":"\n<p><strong> <strong>\u2013<\/strong><\/strong> <strong>Tydligt att Sveaskog beh\u00f6ver ett nytt \u00e4gardirektiv<\/strong><\/p>\n\n<figure class=\"wp-block-image size-large\"><img loading=\"lazy\" decoding=\"async\" width=\"800\" height=\"450\" src=\"https:\/\/www.greenpeace.org\/static\/planet4-sweden-stateless\/2021\/06\/4a7ab972-gp1sv281_web_size.jpg\" alt=\"\" class=\"wp-image-47248\" srcset=\"https:\/\/www.greenpeace.org\/static\/planet4-sweden-stateless\/2021\/06\/4a7ab972-gp1sv281_web_size.jpg 800w, https:\/\/www.greenpeace.org\/static\/planet4-sweden-stateless\/2021\/06\/4a7ab972-gp1sv281_web_size-300x169.jpg 300w, https:\/\/www.greenpeace.org\/static\/planet4-sweden-stateless\/2021\/06\/4a7ab972-gp1sv281_web_size-768x432.jpg 768w, https:\/\/www.greenpeace.org\/static\/planet4-sweden-stateless\/2021\/06\/4a7ab972-gp1sv281_web_size-510x287.jpg 510w\" sizes=\"auto, (max-width: 800px) 100vw, 800px\" \/><figcaption class=\"wp-element-caption\">Flygfoto \u00f6ver kalhyggen i Muonio sameby<\/figcaption><\/figure>\n\n<p>Det statliga skogsbolaget Sveaskog har under l\u00e5ng tid kritiserats p\u00e5 grund av bristande milj\u00f6h\u00e4nsyn vid avverkningar och en avsaknad av h\u00e4nsyn vid avverkningar i renbetesland. Svenska samernas riksf\u00f6rbund (SSR) som under v\u00e5ren tr\u00e4ffat ansvarig minister Ibrahim Baylan och framf\u00f6rt f\u00f6r honom och regeringen hur Sveaskog <em>\u201cgenom sitt skogsbruk helt h\u00e5ller p\u00e5 att sl\u00e5 undan f\u00f6ruts\u00e4ttningarna f\u00f6r en naturbetesbaserad rensk\u00f6tsel i Sverige.\u201d&nbsp;<\/em><\/p>\n\n<p>I ett uttalande fr\u00e5n S\u00e1miid Riikkaservis Landsm\u00f6te 2021 p\u00e5 m\u00e5ndagen den 28 juni skriver SSR att:<\/p>\n\n<p><em>&nbsp;\u201cP\u00e5 60 \u00e5r har 70 % av de lavrikaste markerna f\u00f6rsvunnit. De flesta h\u00e4nglavsskogarna \u00e4r borta. Vi lever idag mitt i en klimatkris och Sveaskog till\u00e5ts forts\u00e4tta med ett skogsbruk som inte \u00e4r h\u00e5llbart.&nbsp; F\u00f6r m\u00e5nga samebyar \u00e4r situationen akut, och f\u00f6r renen handlar det bokstavligt talat om en fr\u00e5ga p\u00e5 liv eller d\u00f6d. Det \u00e4r tydligt att Sveaskog inte respekterar samebyarnas grundlagsskyddade r\u00e4ttigheter, vilket ocks\u00e5 inneb\u00e4r en r\u00e4tt att s\u00e4ga nej till avverkningar. Varje \u00e5r g\u00f6rs ett stort antal avverkningsanm\u00e4lningar av Sveaskog mot samebyarnas uttryckliga vilja. M\u00e5nga g\u00e5nger har dessa skogar dessutom h\u00f6ga natur och bevarandev\u00e4rden. Flera av dessa omr\u00e5den har ocks\u00e5 pekats ut av L\u00e4nsstyrelserna som t\u00e4nkbara naturreservat.\u201d<\/em><\/p>\n\n<p>SSR kr\u00e4ver att regeringen agerar omg\u00e5ende p\u00e5 problematiken med statens skogsbolag:<\/p>\n\n<p><em>\u201cF\u00f6r S\u00e1miid Riikkasearvi \u00e4r det tydligt att Sveaskog beh\u00f6ver ett nytt \u00e4gardirektiv, med l\u00e4gre avkastningskrav och samiskt inflytande. Sveaskogs skogsbruk ska anpassas utifr\u00e5n renens behov av naturbete och med respekt f\u00f6r samebyarnas r\u00e4ttigheter.\u201d<\/em><\/p>\n\n<p><a href=\"https:\/\/www.sapmi.se\/hur-avser-regeringen-att-agera-efter-den-massiva-kritik-som-riktats-fran-sveriges-samtliga-samebyar-och-omvarlden-mot-sveaskog\/\">H\u00e4r kan du l\u00e4sa uttalandet fr\u00e5n riksm\u00f6tet i sin helhet<\/a><\/p>\n\n<p>Greenpeace st\u00e5r bakom SSR:s krav p\u00e5 Sveaskog. Det svenska skogsbrukets skoningsl\u00f6sa framfart i S\u00e1pmi utg\u00f6r ett direkt hot och oacceptabla inskr\u00e4nkningar p\u00e5 samernas marker och r\u00e4ttigheter. Skogsindustrin, med statliga Sveaskog i spetsen, ignorerar rutinm\u00e4ssigt samernas inv\u00e4ndningar mot kalhyggen och andra destruktiva skogsbruksmetoder i gamla naturskogar och omr\u00e5den som spelar en central roll f\u00f6r samernas livsn\u00e4ring och kultur.<\/p>\n\n<p>De skogar som Greenpeace k\u00e4mpar f\u00f6r, allts\u00e5: levande skogar som \u00e4r viktiga f\u00f6r den biologiska m\u00e5ngfalden och klimatet, \u00e4r precis samma skogar som \u00e4r vitala f\u00f6r samisk renn\u00e4ring. Greenpeace st\u00f6d f\u00f6r SSRs krav handlar om b\u00e5de att det \u00e4r helt oacceptabelt att urfolks r\u00e4ttigheter inte respekteras och att vi k\u00e4mpar f\u00f6r samma milj\u00f6- och klimatfr\u00e5ga: levande intakta skogar!<\/p>\n\n<p><strong>Greenpeace kr\u00e4ver d\u00e4rf\u00f6r att regeringen utformar ett nytt \u00e4gardirektiv f\u00f6r Sveaskog som:<\/strong><\/p>\n\n<ul class=\"wp-block-list\">\n<li>Avskaffar avkastningskravet<\/li>\n\n\n\n<li>\u00c4ndrar grundpremisserna s\u00e5 att utg\u00e5ngspunkten \u00e4r bevarande och icke-exploaterande anv\u00e4ndning av skogen.<\/li>\n\n\n\n<li>F\u00f6rbjuder kalavverkning och inf\u00f6r ist\u00e4llet ett ekosystembaserat skogsbruk.<\/li>\n\n\n\n<li>L\u00e5ter bevarandet av fungerande ekosystem samt milj\u00f6m\u00e5len begr\u00e4nsad klimatp\u00e5verkan, levande skogar, ett rikt v\u00e4xt- och djurliv, myllrande v\u00e5tmarker och levande sj\u00f6ar och vattendrag vara ramvillkor f\u00f6r verksamheten.<\/li>\n\n\n\n<li>Anpassar Sveaskogs verksamhet i enlighet med logiken i ILO169 och respekterar samernas r\u00e4ttigheter.<\/li>\n\n\n\n<li>F\u00f6rbjuder avverkning av h\u00e4nglavsskogar och annan naturskog.<\/li>\n\n\n\n<li>F\u00f6rbjuder contortaplantager.<\/li>\n<\/ul>\n\n<p><a href=\"https:\/\/www.greenpeace.org\/sweden\/publikationer\/45960\/den-svenska-skogen\/\">H\u00e4r kan du l\u00e4sa mer om Greenpeace arbete f\u00f6r ett h\u00e5llbart skogsbruk<\/a><\/p>\n\t\t\t<section\n\t\t\tclass=\"boxout post-46050 \"\n\t\t\t\n\t\t>\n\t\t\t<a\n\t\t\t\tdata-ga-category=\"Take Action Boxout\"\n\t\t\t\tdata-ga-action=\"Image\"\n\t\t\t\tdata-ga-label=\"n\/a\"\n\t\t\t\tclass=\"cover-card-overlay\"\n\t\t\t\thref=\"https:\/\/www.greenpeace.org\/sweden\/agera\/skydda-svensk-skog\/\" \n\t\t\t><\/a>\n\t\t\t\t\t\t\t<img\n\t\t\t\t\t\tsrc=\"https:\/\/www.greenpeace.org\/static\/planet4-sweden-stateless\/2021\/02\/d67f8b00-gp0stq8ze_web_size.jpg\"\n\t\t\t\t\t\tsrcset=\"https:\/\/www.greenpeace.org\/static\/planet4-sweden-stateless\/2021\/02\/d67f8b00-gp0stq8ze_web_size-300x200.jpg 300w, https:\/\/www.greenpeace.org\/static\/planet4-sweden-stateless\/2021\/02\/d67f8b00-gp0stq8ze_web_size-768x512.jpg 768w, https:\/\/www.greenpeace.org\/static\/planet4-sweden-stateless\/2021\/02\/d67f8b00-gp0stq8ze_web_size-510x340.jpg 510w, https:\/\/www.greenpeace.org\/static\/planet4-sweden-stateless\/2021\/02\/d67f8b00-gp0stq8ze_web_size.jpg 800w\"\n\t\t\t\t\t\tsizes=\"(min-width: 1000px) 358px, (min-width: 780px) 313px, 88px\"\n\t\t\t\t\t\talt=\"\" title=\"\"\n\t\t\t\t\/>\n            \t\t\t<div class=\"boxout-content\">\n\t\t\t\t\t\t\t\t\t<a\n\t\t\t\t\t\tclass=\"boxout-heading medium\"\n\t\t\t\t\t\tdata-ga-category=\"Take Action Boxout\"\n\t\t\t\t\t\tdata-ga-action=\"Title\"\n\t\t\t\t\t\tdata-ga-label=\"n\/a\"\n\t\t\t\t\t\thref=\"https:\/\/www.greenpeace.org\/sweden\/agera\/skydda-svensk-skog\/\"\n\t\t\t\t\t\t\n\t\t\t\t\t>\n\t\t\t\t\t\tSkydda svensk skog\n\t\t\t\t\t<\/a>\n\t\t\t\t\t\t\t\t\t\t\t\t\t<p class=\"boxout-excerpt\">Skriv under och hj\u00e4lp oss s\u00e4tta press p\u00e5 regeringen och kr\u00e4v att statliga Sveaskog g\u00f6rs om fr\u00e5n en skogsbov till en skogshj\u00e4lte! <\/p>\n\t\t\t\t                                    <a\n                        class=\"btn btn-primary\"\n                        data-ga-category=\"Take Action Boxout\"\n                        data-ga-action=\"Call to Action\"\n                        data-ga-label=\"n\/a\"\n                        href=\"https:\/\/www.greenpeace.org\/sweden\/agera\/skydda-svensk-skog\/\"\n                        \n                    >\n                        Engagera dig\n                    <\/a>\n                \t\t\t<\/div>\n\t\t\t\t\t<\/section>\n\t","protected":false},"excerpt":{"rendered":"<p>Det statliga skogsbolaget Sveaskog har under l\u00e5ng tid kritiserats p\u00e5 grund av bristande milj\u00f6h\u00e4nsyn vid avverkningar och en avsaknad av h\u00e4nsyn vid avverkningar i renbetesland. <\/p>\n","protected":false},"author":38,"featured_media":47248,"comment_status":"open","ping_status":"open","sticky":false,"template":"","format":"standard","meta":{"ep_exclude_from_search":false,"p4_og_title":"","p4_og_description":"","p4_og_image":"","p4_og_image_id":"","p4_seo_canonical_url":"","p4_campaign_name":"not set","p4_local_project":"not set","p4_basket_name":"not set","p4_department":"","footnotes":""},"categories":[22],"tags":[19,64,40],"p4-page-type":[14],"class_list":["post-47771","post","type-post","status-publish","format-standard","has-post-thumbnail","hentry","category-skog","tag-skyddaskogen","tag-sapmi","tag-biodiversitet","p4-page-type-pressmeddelanden"],"_links":{"self":[{"href":"https:\/\/www.greenpeace.org\/sweden\/wp-json\/wp\/v2\/posts\/47771","targetHints":{"allow":["GET"]}}],"collection":[{"href":"https:\/\/www.greenpeace.org\/sweden\/wp-json\/wp\/v2\/posts"}],"about":[{"href":"https:\/\/www.greenpeace.org\/sweden\/wp-json\/wp\/v2\/types\/post"}],"author":[{"embeddable":true,"href":"https:\/\/www.greenpeace.org\/sweden\/wp-json\/wp\/v2\/users\/38"}],"replies":[{"embeddable":true,"href":"https:\/\/www.greenpeace.org\/sweden\/wp-json\/wp\/v2\/comments?post=47771"}],"version-history":[{"count":9,"href":"https:\/\/www.greenpeace.org\/sweden\/wp-json\/wp\/v2\/posts\/47771\/revisions"}],"predecessor-version":[{"id":54749,"href":"https:\/\/www.greenpeace.org\/sweden\/wp-json\/wp\/v2\/posts\/47771\/revisions\/54749"}],"wp:featuredmedia":[{"embeddable":true,"href":"https:\/\/www.greenpeace.org\/sweden\/wp-json\/wp\/v2\/media\/47248"}],"wp:attachment":[{"href":"https:\/\/www.greenpeace.org\/sweden\/wp-json\/wp\/v2\/media?parent=47771"}],"wp:term":[{"taxonomy":"category","embeddable":true,"href":"https:\/\/www.greenpeace.org\/sweden\/wp-json\/wp\/v2\/categories?post=47771"},{"taxonomy":"post_tag","embeddable":true,"href":"https:\/\/www.greenpeace.org\/sweden\/wp-json\/wp\/v2\/tags?post=47771"},{"taxonomy":"p4-page-type","embeddable":true,"href":"https:\/\/www.greenpeace.org\/sweden\/wp-json\/wp\/v2\/p4-page-type?post=47771"}],"curies":[{"name":"wp","href":"https:\/\/api.w.org\/{rel}","templated":true}]}}