{"id":47801,"date":"2021-07-01T08:53:09","date_gmt":"2021-07-01T07:53:09","guid":{"rendered":"https:\/\/www.greenpeace.org\/sweden\/?p=47801"},"modified":"2023-02-20T15:20:50","modified_gmt":"2023-02-20T14:20:50","slug":"mot-de-unga-aktivisterna-som-agerar-for-att-stoppa-oljan-skydda-arktis-och-sin-framtid","status":"publish","type":"post","link":"https:\/\/www.greenpeace.org\/sweden\/artiklar\/klimat\/mot-de-unga-aktivisterna-som-agerar-for-att-stoppa-oljan-skydda-arktis-och-sin-framtid\/","title":{"rendered":"M\u00f6t de unga aktivisterna som agerar f\u00f6r att stoppa oljan, skydda Arktis och sin framtid"},"content":{"rendered":"\n<figure class=\"wp-block-image aligncenter size-large\"><img loading=\"lazy\" decoding=\"async\" width=\"1024\" height=\"683\" src=\"https:\/\/www.greenpeace.org\/static\/planet4-sweden-stateless\/2021\/06\/9c293d80-gina_oil-platform_right-1024x683.jpg\" alt=\"\" class=\"wp-image-47802\" srcset=\"https:\/\/www.greenpeace.org\/static\/planet4-sweden-stateless\/2021\/06\/9c293d80-gina_oil-platform_right-1024x683.jpg 1024w, https:\/\/www.greenpeace.org\/static\/planet4-sweden-stateless\/2021\/06\/9c293d80-gina_oil-platform_right-300x200.jpg 300w, https:\/\/www.greenpeace.org\/static\/planet4-sweden-stateless\/2021\/06\/9c293d80-gina_oil-platform_right-768x512.jpg 768w, https:\/\/www.greenpeace.org\/static\/planet4-sweden-stateless\/2021\/06\/9c293d80-gina_oil-platform_right-510x340.jpg 510w, https:\/\/www.greenpeace.org\/static\/planet4-sweden-stateless\/2021\/06\/9c293d80-gina_oil-platform_right.jpg 1200w\" sizes=\"auto, (max-width: 1024px) 100vw, 1024px\" \/><figcaption class=\"wp-element-caption\">Gina Gylver (20), \u00e4r en av de unga norska klimataktivisterna som valt att engagera sig i kampanjen People vs Arctic Oil.<\/figcaption><\/figure>\n\n<h3 class=\"wp-block-heading\"><strong>\u201cJag kan inte sitta stilla och se hur min framtid \u00f6del\u00e4ggs. Vi har inte en sekund att f\u00f6rlora utan m\u00e5ste stoppa utsl\u00e4ppen idag\u201d. Gina Gylver, \u00e4r en av de sex unga norska klimataktivisterna, som valt att forts\u00e4tta kampen mot den norska statens planer p\u00e5 att ut\u00f6ka oljeborrningen i Arktis. <\/strong><\/h3>\n\n<p>Tillsammans med Greenpeace Norden och milj\u00f6organisationen Natur og Ungdom har de unga aktivisterna l\u00e4mnat in <strong>en historisk ans\u00f6kan till Europadomstolen, f\u00f6r att s\u00e4kra sin r\u00e4tt till en h\u00e4lsosam milj\u00f6 och en h\u00e5llbar framtid.<\/strong><br><br><strong>VAR MED:<\/strong> <em>Vill du vara med och l\u00e5ta din r\u00f6st ge tyngd \u00e5t ungdomarnas ans\u00f6kan? <a href=\"https:\/\/www.greenpeace.org\/sweden\/agera\/skydda-arktis-lat-oljan-ligga\/\" data-type=\"URL\" data-id=\"https:\/\/www.greenpeace.org\/sweden\/agera\/skydda-arktis-lat-oljan-ligga\/\" target=\"_blank\" rel=\"noreferrer noopener\">Skriv under v\u00e5rt upprop: Ja till ett oljefritt Arktis!<\/a><\/em><\/p>\n\n<p>Under flera decennier har forskare varnat f\u00f6r att v\u00e4xthusgasutsl\u00e4ppen f\u00f6r\u00e4ndrar jordens klimat och orsakar f\u00f6r\u00f6delse f\u00f6r b\u00e5de natur och samh\u00e4llen. Men trots detta forts\u00e4tter den norska staten sin f\u00f6r\u00f6dande jakt efter mer olja i ett sm\u00e4ltande Arktis. N\u00e5got som inte bara hotar Arktis s\u00e5rbara natur, utan \u00e4ven klimatet och de ungas framtid. <\/p>\n\n<h3 class=\"wp-block-heading\"><strong>Klimatr\u00e4ttsfallet mot norska staten &#8211; People vs Arctic Oil<\/strong><\/h3>\n\n<p><strong>L\u00e5ter det h\u00e4r kanske bekant?<\/strong> Det st\u00e4mmer. Greenpeace har tidigare varit med och drivit ett klimatr\u00e4ttsfall mot norska staten f\u00f6r deras fortsatta utdelning av nya oljelicenser i Arktis. Den g\u00e5ngen handlade det om<a href=\"https:\/\/www.greenpeace.org\/sweden\/nyheter\/45180\/historiskt-klimatrattsfall-tas-upp-i-hogsta-domstol-kan-gora-oljeborrning-i-arktis-olagligt\/\" target=\"_blank\" rel=\"noreferrer noopener\"> brott mot den norska grundlagens milj\u00f6klausul<\/a>. Efter <a href=\"https:\/\/www.greenpeace.org\/sweden\/pressmeddelanden\/45707\/besvikelse-efter-dom-till-fordel-for-norska-oljestaten\/\" target=\"_blank\" rel=\"noreferrer noopener\">tre omg\u00e5ngar i norska r\u00e4ttssystemet avgjorde H\u00f6gsta domstol 2020<\/a>, i en oenig dom, att norska staten inte br\u00f6t mot grundlagen. Och faktum \u00e4r att det h\u00e4r ger tyngd \u00e5t den nya ans\u00f6kan: Det \u00e4r n\u00e4mligen betydligt st\u00f6rre chans att f\u00e5 ett m\u00e5l pr\u00f6vat i Europadomstolen f\u00f6r m\u00e4nskliga r\u00e4ttigheter (EMD) om man redan genomg\u00e5tt alla m\u00f6jligheter i det nationella r\u00e4ttssystemet.<\/p>\n\n<h3 class=\"wp-block-heading\"><strong>6 ungdomar som st\u00e5r upp mot oljan<\/strong><\/h3>\n\n<p>Sex unga klimataktivister, tillsammans med Natur og Ungdom och Greenpeace, <a href=\"https:\/\/www.greenpeace.org\/sweden\/pressmeddelanden\/47524\/aktivister-tar-norskt-klimatrattsfall-till-europadomstolen\/\" target=\"_blank\" rel=\"noreferrer noopener\">anm\u00e4ler nu norsk oljeborrning i arktiska Barentshav <\/a>till Europadomstolen, f\u00f6r brott m\u00e4nskliga r\u00e4ttigheter.&nbsp;<\/p>\n\n<p>De m\u00e4nskliga r\u00e4ttigheterna fastsl\u00e5r att varje person har r\u00e4tt till en h\u00e4lsosam milj\u00f6 och att det ocks\u00e5 faller p\u00e5 staten att s\u00e4kra denna r\u00e4ttighet. Den h\u00e4r g\u00e5ngen har vi sex modiga klimataktivister med oss, som alla valt att agera f\u00f6r att skydda Arktis och sin framtid.<\/p>\n\n<figure class=\"wp-block-image size-large\"><img loading=\"lazy\" decoding=\"async\" width=\"798\" height=\"517\" src=\"https:\/\/www.greenpeace.org\/static\/planet4-sweden-stateless\/2021\/06\/b5e3aaa9-6_unga_klimaktivister_greenpeace_natur-og-ungdom.jpg\" title=\"De unga klimaktivisterna som valt att agera f\u00f6r sin och v\u00e5r planets framtid!\" alt=\"De unga klimaktivisterna som valt att agera f\u00f6r sin och v\u00e5r planets framtid!\" class=\"wp-image-47797\" srcset=\"https:\/\/www.greenpeace.org\/static\/planet4-sweden-stateless\/2021\/06\/b5e3aaa9-6_unga_klimaktivister_greenpeace_natur-og-ungdom.jpg 798w, https:\/\/www.greenpeace.org\/static\/planet4-sweden-stateless\/2021\/06\/b5e3aaa9-6_unga_klimaktivister_greenpeace_natur-og-ungdom-300x194.jpg 300w, https:\/\/www.greenpeace.org\/static\/planet4-sweden-stateless\/2021\/06\/b5e3aaa9-6_unga_klimaktivister_greenpeace_natur-og-ungdom-768x498.jpg 768w, https:\/\/www.greenpeace.org\/static\/planet4-sweden-stateless\/2021\/06\/b5e3aaa9-6_unga_klimaktivister_greenpeace_natur-og-ungdom-510x330.jpg 510w\" sizes=\"auto, (max-width: 798px) 100vw, 798px\" \/><figcaption class=\"wp-element-caption\">Sex unga klimaktivister anm\u00e4ler norsk oljeborrning i Arktis till EU-domstolen i Strasbourg tillsammans med Greenpeace och Natur og Ungdom. Klimaktivisterna \u00e4r Ingrid Skjoldv\u00e6r (27), Lasse Eriksen Bj\u00f8rn (24), Ella Marie H\u00e6tta Isaksen (23), Gina Gylver (20), Mia Chamberlain (22) og Gaute Eiterjord (25). H\u00e4r tillsammans med ledaren f\u00f6r Natur og Ungdom, Therese Hugstyr Woie, (till v\u00e4nster) och Frode Pleym (l\u00e4ngst bak) ledare f\u00f6r Greenpeace Norge. \u00a9 Lasse Fl\u00f8de \/ Greenpeace<\/figcaption><\/figure>\n\n<h3 class=\"has-text-align-left wp-block-heading\">\u2013 Vi menar att det strider mot de m\u00e4nskliga r\u00e4ttigheterna att \u00f6ppna f\u00f6r ny oljeborrning mitt i en klimatkris.<\/h3>\n\n<h3 class=\"wp-block-heading\"><strong>Ella Marie H\u00e6tta Isaksen, 23 \u00e5r.<\/strong><\/h3>\n\n<p>\u201cSom m\u00e5nga andra ungdomar \u00e4r \u00e4ven jag orolig och r\u00e4dd inf\u00f6r effekten av klimatf\u00f6r\u00e4ndringarna. Men samtidigt som jag tillbringar mycket tid med att oroa mig inf\u00f6r vad som ska ske, f\u00f6rs\u00f6ker jag ocks\u00e5 h\u00e5lla hoppet uppe.\u201d<\/p>\n\n<p><strong>Ellas engagemang<\/strong> i klimatr\u00e4ttsfallet mot den norska staten, f\u00f6r att stoppa ny oljeborrning i Arktis, \u00e4r inget nytt &#8211; under f\u00f6rhandlingarna i november 2017 var hon med p\u00e5 plats i r\u00e4ttssalen. Och nu \u00e4r hon en av de unga norska klimataktivister som valt att forts\u00e4tta kampen f\u00f6r att stoppa oljan och skydda Arktis.<\/p>\n\n<h3 class=\"wp-block-heading\"><strong>Ingrid Skjoldv\u00e6r, 27 \u00e5r.<\/strong><\/h3>\n\n<p>\u201c\u00d6ver 15 \u00e5r har g\u00e5tt sedan jag b\u00f6rjade vara en aktiv del av milj\u00f6r\u00f6relsen, under 2006. P\u00e5 den tiden s\u00e5g man fortfarande klimatf\u00f6r\u00e4ndringar som ett framtida hot, som gick att stoppa. Idag handlar inte fr\u00e5gan l\u00e4ngre om vi kan stoppa klimatf\u00f6r\u00e4ndringarna eller inte, utan om hur mycket vi kan begr\u00e4nsa dess f\u00f6r\u00f6dande effekter.\u201d<br><br><strong>Ingrid, och de andra aktivisterna, <\/strong>menar att den Norska regeringens agerande, med att forts\u00e4tta dela ut nya oljelicenser, inte bara \u00e4r ett hot mot Arktis natur &#8211; utan \u00e4ven kr\u00e4nker de ungas m\u00e4nskliga r\u00e4ttigheter, genom att bidra till \u00f6kade utsl\u00e4pp som direkt hotar deras framtid. D\u00e4rf\u00f6r \u00e4r hon en av de unga norska klimataktivister som valt att forts\u00e4tta kampen mot ny oljeborrning i Arktis s\u00e5rbara natur.&nbsp;<\/p>\n\n<p><em>De andra s\u00f6kanden \u00e4r: Gaute Eiterjord (25), Mia Cathryn Chamberlain (22), Lasse Eriksen Bj\u00f8rn (24), Natur og Ungdom och Greenpeace Norden.<\/em><\/p>\n\n<p>L\u00c4S MER: <a rel=\"noreferrer noopener\" href=\"https:\/\/www.greenpeace.org\/norway\/nyheter\/9245\/meet-the-applicants\/\" target=\"_blank\">L\u00e4r k\u00e4nna alla de 6 unga norska klimataktivisterna h\u00e4r<strong>.<\/strong><\/a><\/p>\n\n<h3 class=\"wp-block-heading\"><strong>Du kan vara med och g\u00f6ra skillnad<\/strong><\/h3>\n\n<p>Ans\u00f6kan om att f\u00e5 fallet pr\u00f6vat i Europadomstolen \u00e4r inskickad, och nu \u00e5terst\u00e5r det att se om den g\u00e5r igenom. Oavsett utfall kommer vi, tillsammans med er, forts\u00e4tta arbetet f\u00f6r att stoppa ny olja och skydda v\u00e5r planet. Vill du vara med och h\u00f6ja din r\u00f6st f\u00f6r Arktis? <a href=\"https:\/\/www.greenpeace.org\/sweden\/agera\/skydda-arktis-lat-oljan-ligga\/\" target=\"_blank\" rel=\"noreferrer noopener\">Genom att skriva under och dela v\u00e5r namninsamling <\/a>kan du visa ditt st\u00f6d f\u00f6r att skydda Arktis s\u00e5rbara natur och allas v\u00e5r framtid. Anv\u00e4nd din r\u00f6st f\u00f6r att ge tyngd \u00e5t ungdomarnas budskap: <strong><a href=\"https:\/\/www.greenpeace.org\/sweden\/agera\/skydda-arktis-lat-oljan-ligga\/\" data-type=\"URL\" data-id=\"https:\/\/www.greenpeace.org\/sweden\/agera\/skydda-arktis-lat-oljan-ligga\/\" target=\"_blank\" rel=\"noreferrer noopener\">Ja till ett oljefritt Arktis!<\/a><\/strong><\/p>\n\t\t\t<section\n\t\t\tclass=\"boxout post-47765 \"\n\t\t\t\n\t\t>\n\t\t\t<a\n\t\t\t\tdata-ga-category=\"Take Action Boxout\"\n\t\t\t\tdata-ga-action=\"Image\"\n\t\t\t\tdata-ga-label=\"n\/a\"\n\t\t\t\tclass=\"cover-card-overlay\"\n\t\t\t\thref=\"https:\/\/www.greenpeace.org\/sweden\/agera\/skydda-arktis-lat-oljan-ligga\/\" \n\t\t\t><\/a>\n\t\t\t\t\t\t\t<img\n\t\t\t\t\t\tsrc=\"https:\/\/www.greenpeace.org\/static\/planet4-sweden-stateless\/2021\/06\/2d8a4506-outlaw_split_quote-oil_platform.jpg\"\n\t\t\t\t\t\tsrcset=\"https:\/\/www.greenpeace.org\/static\/planet4-sweden-stateless\/2021\/06\/2d8a4506-outlaw_split_quote-oil_platform-300x167.jpg 300w, https:\/\/www.greenpeace.org\/static\/planet4-sweden-stateless\/2021\/06\/2d8a4506-outlaw_split_quote-oil_platform-768x427.jpg 768w, https:\/\/www.greenpeace.org\/static\/planet4-sweden-stateless\/2021\/06\/2d8a4506-outlaw_split_quote-oil_platform-510x283.jpg 510w, https:\/\/www.greenpeace.org\/static\/planet4-sweden-stateless\/2021\/06\/2d8a4506-outlaw_split_quote-oil_platform.jpg 900w\"\n\t\t\t\t\t\tsizes=\"(min-width: 1000px) 358px, (min-width: 780px) 313px, 88px\"\n\t\t\t\t\t\talt=\"Skydda Arktis, l\u00e5t oljan ligga!\" title=\"Skydda Arktis, l\u00e5t oljan ligga!\"\n\t\t\t\t\/>\n            \t\t\t<div class=\"boxout-content\">\n\t\t\t\t\t\t\t\t\t<a\n\t\t\t\t\t\tclass=\"boxout-heading medium\"\n\t\t\t\t\t\tdata-ga-category=\"Take Action Boxout\"\n\t\t\t\t\t\tdata-ga-action=\"Title\"\n\t\t\t\t\t\tdata-ga-label=\"n\/a\"\n\t\t\t\t\t\thref=\"https:\/\/www.greenpeace.org\/sweden\/agera\/skydda-arktis-lat-oljan-ligga\/\"\n\t\t\t\t\t\t\n\t\t\t\t\t>\n\t\t\t\t\t\tSkydda Arktis, l\u00e5t oljan ligga!\n\t\t\t\t\t<\/a>\n\t\t\t\t\t\t\t\t\t\t\t\t\t<p class=\"boxout-excerpt\">Mitt i en klimatkris v\u00e4ljer den norska regeringen att \u00f6ppna nya omr\u00e5den i Arktis f\u00f6r oljeindustrin. Vi kan inte l\u00e5ta det h\u00e4r h\u00e4nda. St\u00f6d de ungas anm\u00e4lan till EU-domstolen: Ja till ett oljefritt Arktis!<\/p>\n\t\t\t\t                                    <a\n                        class=\"btn btn-primary\"\n                        data-ga-category=\"Take Action Boxout\"\n                        data-ga-action=\"Call to Action\"\n                        data-ga-label=\"n\/a\"\n                        href=\"https:\/\/www.greenpeace.org\/sweden\/agera\/skydda-arktis-lat-oljan-ligga\/\"\n                        \n                    >\n                        Engagera dig\n                    <\/a>\n                \t\t\t<\/div>\n\t\t\t\t\t<\/section>\n\t","protected":false},"excerpt":{"rendered":"<p>L\u00e4s mer om de sex unga norska aktivisterna som valt att forts\u00e4tta kampen mot den norska statens planer p\u00e5 att ut\u00f6ka oljeborrningen i Arktis. <\/p>\n","protected":false},"author":35,"featured_media":47802,"comment_status":"closed","ping_status":"open","sticky":false,"template":"","format":"standard","meta":{"ep_exclude_from_search":false,"p4_og_title":"M\u00f6t de unga aktivisterna som agerar f\u00f6r att stoppa oljan, skydda Arktis och sin framtid","p4_og_description":"\u201cJag kan inte sitta stilla och se hur min framtid \u00f6del\u00e4ggs. Vi har inte en sekund att f\u00f6rlora utan m\u00e5ste stoppa utsl\u00e4ppen idag\u201d. Gina Gylver, \u00e4r en av de sex unga norska klimaktvisterna, som valt att forts\u00e4tta kampen mot den norska statens planer p\u00e5 att ut\u00f6ka oljeborrningen i Arktis. ","p4_og_image":"https:\/\/www.greenpeace.org\/static\/planet4-sweden-stateless\/2021\/06\/9c293d80-gina_oil-platform_right.jpg","p4_og_image_id":"47802","p4_seo_canonical_url":"","p4_campaign_name":"not set","p4_local_project":"not set","p4_basket_name":"not set","p4_department":"","footnotes":""},"categories":[2],"tags":[49,46],"p4-page-type":[16],"class_list":["post-47801","post","type-post","status-publish","format-standard","has-post-thumbnail","hentry","category-klimat","tag-olja","tag-skyddaarktis","p4-page-type-artiklar"],"_links":{"self":[{"href":"https:\/\/www.greenpeace.org\/sweden\/wp-json\/wp\/v2\/posts\/47801","targetHints":{"allow":["GET"]}}],"collection":[{"href":"https:\/\/www.greenpeace.org\/sweden\/wp-json\/wp\/v2\/posts"}],"about":[{"href":"https:\/\/www.greenpeace.org\/sweden\/wp-json\/wp\/v2\/types\/post"}],"author":[{"embeddable":true,"href":"https:\/\/www.greenpeace.org\/sweden\/wp-json\/wp\/v2\/users\/35"}],"replies":[{"embeddable":true,"href":"https:\/\/www.greenpeace.org\/sweden\/wp-json\/wp\/v2\/comments?post=47801"}],"version-history":[{"count":20,"href":"https:\/\/www.greenpeace.org\/sweden\/wp-json\/wp\/v2\/posts\/47801\/revisions"}],"predecessor-version":[{"id":54793,"href":"https:\/\/www.greenpeace.org\/sweden\/wp-json\/wp\/v2\/posts\/47801\/revisions\/54793"}],"wp:featuredmedia":[{"embeddable":true,"href":"https:\/\/www.greenpeace.org\/sweden\/wp-json\/wp\/v2\/media\/47802"}],"wp:attachment":[{"href":"https:\/\/www.greenpeace.org\/sweden\/wp-json\/wp\/v2\/media?parent=47801"}],"wp:term":[{"taxonomy":"category","embeddable":true,"href":"https:\/\/www.greenpeace.org\/sweden\/wp-json\/wp\/v2\/categories?post=47801"},{"taxonomy":"post_tag","embeddable":true,"href":"https:\/\/www.greenpeace.org\/sweden\/wp-json\/wp\/v2\/tags?post=47801"},{"taxonomy":"p4-page-type","embeddable":true,"href":"https:\/\/www.greenpeace.org\/sweden\/wp-json\/wp\/v2\/p4-page-type?post=47801"}],"curies":[{"name":"wp","href":"https:\/\/api.w.org\/{rel}","templated":true}]}}