{"id":47924,"date":"2021-07-05T13:03:26","date_gmt":"2021-07-05T12:03:26","guid":{"rendered":"https:\/\/www.greenpeace.org\/sweden\/?p=47924"},"modified":"2024-08-27T09:31:31","modified_gmt":"2024-08-27T08:31:31","slug":"centerns-utspel-gar-skogsindustrins-arenden","status":"publish","type":"post","link":"https:\/\/www.greenpeace.org\/sweden\/pressmeddelanden\/klimat\/centerns-utspel-gar-skogsindustrins-arenden\/","title":{"rendered":"Centerns utspel g\u00e5r skogsindustrins \u00e4renden"},"content":{"rendered":"\n<p><strong>Med anledning av Centerpartiets utspel om att man sl\u00e4pper fram en S\/MP-regering om den regeringen<\/strong><a href=\"https:\/\/www.aftonbladet.se\/nyheter\/a\/9O57Qd\/liverapportering-om-regeringskrisen\"><strong> g\u00e5r Centerpartiet till m\u00f6tes vad g\u00e4ller bland annat att st\u00e4rka \u00e4gander\u00e4tten till skogen<\/strong><\/a><strong> f\u00f6ljer h\u00e4r Greenpeace kommentarer:<\/strong><\/p>\n\n<p>\u2013 Att centern anv\u00e4nder ett k\u00e4nsligt parlamentariskt l\u00e4ge som murbr\u00e4cka f\u00f6r att g\u00e5 skogsindustrins \u00e4renden \u00e4r ytterst beklagligt. Centerpartiets krav \u00e4r ett hot mot den biologiska m\u00e5ngfalden v\u00e5r m\u00f6jlighet att n\u00e5 klimatm\u00e5len och m\u00e4nniskors l\u00e5ngsiktiga f\u00f6rs\u00f6rjningsm\u00f6jligheter fr\u00e5n skogen, s\u00e4ger <strong>Isadora Wronski, sverigechef, Greenpeace<\/strong><br><br>\u2013 Ist\u00e4llet f\u00f6r att respektera den omfattande och viktiga skogsutredningen vill nu Centern utnyttja regeringskrisen f\u00f6r att driva igenom f\u00f6rslag som skadar biologisk m\u00e5ngfald, klimatet och g\u00e5 emot EU:s, konsumenternas och vetenskapens krav, s\u00e4ger <strong>Carl Schlyter, kampanjledare p\u00e5 Greenpeace<\/strong><\/p>\n\t\t\t<section\n\t\t\tclass=\"boxout post-46050 \"\n\t\t\t\n\t\t>\n\t\t\t<a\n\t\t\t\tdata-ga-category=\"Take Action Boxout\"\n\t\t\t\tdata-ga-action=\"Image\"\n\t\t\t\tdata-ga-label=\"n\/a\"\n\t\t\t\tclass=\"cover-card-overlay\"\n\t\t\t\thref=\"https:\/\/www.greenpeace.org\/sweden\/agera\/skydda-svensk-skog\/\" \n\t\t\t><\/a>\n\t\t\t\t\t\t\t<img\n\t\t\t\t\t\tsrc=\"https:\/\/www.greenpeace.org\/static\/planet4-sweden-stateless\/2021\/02\/d67f8b00-gp0stq8ze_web_size.jpg\"\n\t\t\t\t\t\tsrcset=\"https:\/\/www.greenpeace.org\/static\/planet4-sweden-stateless\/2021\/02\/d67f8b00-gp0stq8ze_web_size-300x200.jpg 300w, https:\/\/www.greenpeace.org\/static\/planet4-sweden-stateless\/2021\/02\/d67f8b00-gp0stq8ze_web_size-768x512.jpg 768w, https:\/\/www.greenpeace.org\/static\/planet4-sweden-stateless\/2021\/02\/d67f8b00-gp0stq8ze_web_size-510x340.jpg 510w, https:\/\/www.greenpeace.org\/static\/planet4-sweden-stateless\/2021\/02\/d67f8b00-gp0stq8ze_web_size.jpg 800w\"\n\t\t\t\t\t\tsizes=\"(min-width: 1000px) 358px, (min-width: 780px) 313px, 88px\"\n\t\t\t\t\t\talt=\"\" title=\"\"\n\t\t\t\t\/>\n            \t\t\t<div class=\"boxout-content\">\n\t\t\t\t\t\t\t\t\t<a\n\t\t\t\t\t\tclass=\"boxout-heading medium\"\n\t\t\t\t\t\tdata-ga-category=\"Take Action Boxout\"\n\t\t\t\t\t\tdata-ga-action=\"Title\"\n\t\t\t\t\t\tdata-ga-label=\"n\/a\"\n\t\t\t\t\t\thref=\"https:\/\/www.greenpeace.org\/sweden\/agera\/skydda-svensk-skog\/\"\n\t\t\t\t\t\t\n\t\t\t\t\t>\n\t\t\t\t\t\tSkydda svensk skog\n\t\t\t\t\t<\/a>\n\t\t\t\t\t\t\t\t\t\t\t\t\t<p class=\"boxout-excerpt\">Skriv under och hj\u00e4lp oss s\u00e4tta press p\u00e5 regeringen och kr\u00e4v att statliga Sveaskog g\u00f6rs om fr\u00e5n en skogsbov till en skogshj\u00e4lte! <\/p>\n\t\t\t\t                                    <a\n                        class=\"btn btn-primary\"\n                        data-ga-category=\"Take Action Boxout\"\n                        data-ga-action=\"Call to Action\"\n                        data-ga-label=\"n\/a\"\n                        href=\"https:\/\/www.greenpeace.org\/sweden\/agera\/skydda-svensk-skog\/\"\n                        \n                    >\n                        Engagera dig\n                    <\/a>\n                \t\t\t<\/div>\n\t\t\t\t\t<\/section>\n\t","protected":false},"excerpt":{"rendered":"<p>Att centern anv\u00e4nder ett k\u00e4nsligt parlamentariskt l\u00e4ge som murbr\u00e4cka f\u00f6r att g\u00e5 skogsindustrins \u00e4renden \u00e4r ytterst beklagligt. Centerpartiets krav \u00e4r ett hot mot den biologiska m\u00e5ngfalden v\u00e5r m\u00f6jlighet att n\u00e5 klimatm\u00e5len och m\u00e4nniskors l\u00e5ngsiktiga f\u00f6rs\u00f6rjningsm\u00f6jligheter fr\u00e5n skogen<\/p>\n","protected":false},"author":38,"featured_media":47626,"comment_status":"open","ping_status":"open","sticky":false,"template":"","format":"standard","meta":{"ep_exclude_from_search":false,"p4_og_title":"","p4_og_description":"","p4_og_image":"","p4_og_image_id":"","p4_seo_canonical_url":"","p4_campaign_name":"not set","p4_local_project":"not set","p4_basket_name":"not set","p4_department":"","footnotes":""},"categories":[2,22],"tags":[19,40,23],"p4-page-type":[14],"class_list":["post-47924","post","type-post","status-publish","format-standard","has-post-thumbnail","hentry","category-klimat","category-skog","tag-skyddaskogen","tag-biodiversitet","tag-globaluppvarmning","p4-page-type-pressmeddelanden"],"_links":{"self":[{"href":"https:\/\/www.greenpeace.org\/sweden\/wp-json\/wp\/v2\/posts\/47924","targetHints":{"allow":["GET"]}}],"collection":[{"href":"https:\/\/www.greenpeace.org\/sweden\/wp-json\/wp\/v2\/posts"}],"about":[{"href":"https:\/\/www.greenpeace.org\/sweden\/wp-json\/wp\/v2\/types\/post"}],"author":[{"embeddable":true,"href":"https:\/\/www.greenpeace.org\/sweden\/wp-json\/wp\/v2\/users\/38"}],"replies":[{"embeddable":true,"href":"https:\/\/www.greenpeace.org\/sweden\/wp-json\/wp\/v2\/comments?post=47924"}],"version-history":[{"count":2,"href":"https:\/\/www.greenpeace.org\/sweden\/wp-json\/wp\/v2\/posts\/47924\/revisions"}],"predecessor-version":[{"id":49734,"href":"https:\/\/www.greenpeace.org\/sweden\/wp-json\/wp\/v2\/posts\/47924\/revisions\/49734"}],"wp:featuredmedia":[{"embeddable":true,"href":"https:\/\/www.greenpeace.org\/sweden\/wp-json\/wp\/v2\/media\/47626"}],"wp:attachment":[{"href":"https:\/\/www.greenpeace.org\/sweden\/wp-json\/wp\/v2\/media?parent=47924"}],"wp:term":[{"taxonomy":"category","embeddable":true,"href":"https:\/\/www.greenpeace.org\/sweden\/wp-json\/wp\/v2\/categories?post=47924"},{"taxonomy":"post_tag","embeddable":true,"href":"https:\/\/www.greenpeace.org\/sweden\/wp-json\/wp\/v2\/tags?post=47924"},{"taxonomy":"p4-page-type","embeddable":true,"href":"https:\/\/www.greenpeace.org\/sweden\/wp-json\/wp\/v2\/p4-page-type?post=47924"}],"curies":[{"name":"wp","href":"https:\/\/api.w.org\/{rel}","templated":true}]}}