{"id":48056,"date":"2021-07-14T14:16:55","date_gmt":"2021-07-14T13:16:55","guid":{"rendered":"https:\/\/www.greenpeace.org\/sweden\/?p=48056"},"modified":"2023-02-23T09:36:31","modified_gmt":"2023-02-23T08:36:31","slug":"greenpeace-eus-klimatpaket-liknar-mest-kejsarens-nya-klader","status":"publish","type":"post","link":"https:\/\/www.greenpeace.org\/sweden\/pressmeddelanden\/klimat\/greenpeace-eus-klimatpaket-liknar-mest-kejsarens-nya-klader\/","title":{"rendered":"Greenpeace: &#8221;EU:s klimatpaket liknar mest kejsarens nya kl\u00e4der&#8221;"},"content":{"rendered":"\n<p><strong>EU:s klimatpaket \u201dFit for 55\u201d inneh\u00e5ller krav p\u00e5 mer f\u00f6rnybart, skatt p\u00e5 flygbr\u00e4nslen och betonar skogens roll som kols\u00e4nka \u2013 men \u00e4r l\u00e5ngt ifr\u00e5n tillr\u00e4ckligt f\u00f6r att vi ska h\u00e5lla oss inom Parisavtalets 1,5-gradersm\u00e5l. En rad kryph\u00e5l i f\u00f6rslaget fr\u00e5n EU-kommissionen riskerar dessutom att g\u00f6ra \u00e5tg\u00e4rderna till ett slag i luften.<\/strong><\/p>\n\n<figure class=\"wp-block-image size-large\"><img loading=\"lazy\" decoding=\"async\" width=\"800\" height=\"533\" src=\"https:\/\/www.greenpeace.org\/static\/planet4-sweden-stateless\/2021\/07\/b294280a-gp0stud6l_web_size_with_credit_line.jpg\" alt=\"EU:s klimatpaket \u201dFit for 55\u201d inneh\u00e5ller krav p\u00e5 mer f\u00f6rnybart, skatt p\u00e5 flygbr\u00e4nslen och betonar skogens roll som kols\u00e4nka \u2013 men \u00e4r l\u00e5ngt ifr\u00e5n tillr\u00e4ckligt f\u00f6r att vi ska h\u00e5lla oss inom Parisavtalets 1,5-gradersm\u00e5l. En rad kryph\u00e5l i f\u00f6rslaget fr\u00e5n EU-kommissionen riskerar dessutom att g\u00f6ra \u00e5tg\u00e4rderna till ett slag i luften.\" class=\"wp-image-48057\" srcset=\"https:\/\/www.greenpeace.org\/static\/planet4-sweden-stateless\/2021\/07\/b294280a-gp0stud6l_web_size_with_credit_line.jpg 800w, https:\/\/www.greenpeace.org\/static\/planet4-sweden-stateless\/2021\/07\/b294280a-gp0stud6l_web_size_with_credit_line-300x200.jpg 300w, https:\/\/www.greenpeace.org\/static\/planet4-sweden-stateless\/2021\/07\/b294280a-gp0stud6l_web_size_with_credit_line-768x512.jpg 768w, https:\/\/www.greenpeace.org\/static\/planet4-sweden-stateless\/2021\/07\/b294280a-gp0stud6l_web_size_with_credit_line-510x340.jpg 510w\" sizes=\"auto, (max-width: 800px) 100vw, 800px\" \/><\/figure>\n\n<p>\u2013 EU:s klimatpaket liknar mest kejsarens nya kl\u00e4der. Bakom de stora orden \u00e4r klimatpolitiken naken inf\u00f6r de hot som ska bem\u00f6tas. Satsningen bygger p\u00e5 m\u00e5l som ligger l\u00e5ngt under vad vetenskapen konstaterar att det kr\u00e4vs f\u00f6r att vi ska undvika en klimatkatastrof. Dessutom \u00e4r f\u00f6rslaget fullt av kryph\u00e5l, som riskerar att leda till katastrofala konsekvenser f\u00f6r skogen och den biologiska m\u00e5ngfalden, s\u00e4ger <strong>Carl Schlyter, talesperson f\u00f6r klimat- och omst\u00e4llningsfr\u00e5gor p\u00e5 Greenpeace.<\/strong><\/p>\n\n<p>\u2013 En <a href=\"https:\/\/www.greenpeace.org\/eu-unit\/issues\/climate-energy\/45007\/new-roadmap-to-decarbonise-european-transport-by-2040\/\">rapport fr\u00e5n Greenpeace<\/a> har visat att den sista f\u00f6rbr\u00e4nningsmotorn m\u00e5ste s\u00e4ljas senast 2028 f\u00f6r att n\u00e5 en fossiloberoende fordonsflotta till 2040. N\u00f6dv\u00e4ndiga krav p\u00e5 att bilar ska vara energisn\u00e5lare, oavsett br\u00e4nsle, saknas ocks\u00e5 i EU-kommissionens klimatpaket. Dagens f\u00f6rslag \u00e4r helt enkelt f\u00f6r lite och f\u00f6r sent, s\u00e4ger <strong>Carl Schlyter<\/strong>.<\/p>\n\n<p>Milj\u00f6r\u00f6relsen och forskare har kr\u00e4vt att EU-kommissionen inte ska bygga sin klimatpolitik p\u00e5 att f\u00f6rbr\u00e4nna biomassa fr\u00e5n skog, eftersom denna strategi hotar biologisk m\u00e5ngfald, \u00f6kar avverkningarna och f\u00f6rs\u00e4mrar luftkvaliteten. Avverkningstakten i skogarna m\u00e5ste ocks\u00e5 minska de n\u00e4rmaste \u00e5ren f\u00f6r att klara m\u00e5l f\u00f6r biologisk m\u00e5ngfald och f\u00f6r att binda in mer koldioxid under tiden vi st\u00e4ller om v\u00e5r ekonomi.<\/p>\n\n<p>\u2013 Utsl\u00e4pp \u00e4r utsl\u00e4pp vare sig de kommer fr\u00e5n att vi eldar fossila br\u00e4nslen eller eldar skog. Atmosf\u00e4ren g\u00f6r ingen skillnad. Ska vi klara Parisavtalets 1,5-gradersm\u00e5l m\u00e5ste vi skydda mer skog och sluta subventionera bioenergi som en klimatl\u00f6sning, s\u00e4ger <strong>Carl Schlyter<\/strong>.<\/p>\n\n<p>\u2013 F\u00f6r fem \u00e5r sedan s\u00e4nktes m\u00e5ls\u00e4ttningen f\u00f6r f\u00f6rnybar energi fr\u00e5n 40% till 32%. I dag \u00e4ndras den tillbaka till 40%. Vi vet redan att dagens paket \u00e4r otillr\u00e4ckligt och att det sannolikt kommer sk\u00e4rpas inom fem \u00e5r. Om vi ska klara klimatkrisen har vi inte r\u00e5d att p\u00e5 detta s\u00e4tt kasta bort fler \u00e5r p\u00e5 att tillgodose kortsiktiga vinstintressen i gamla industrier, med gammal teknik och gamla aff\u00e4rsmodeller.<\/p>\n\n<p><strong>F\u00f6r information och kommentarer: <\/strong>Carl Schlyter, talesperson f\u00f6r klimat- och omst\u00e4llningsfr\u00e5gor p\u00e5 Greenpeace, 070\u2013234 13 57 eller <a href=\"mailto:carl.schlyter@greenpeace.org\">carl.schlyter@greenpeace.org<\/a>&nbsp;<\/p>\n\n<p><strong>Mer information och fler kommentarer finns p\u00e5 Greenpeace EU-kontor:<\/strong><a href=\"https:\/\/www.greenpeace.org\/eu-unit\/\">https:\/\/www.greenpeace.org\/eu-unit\/<\/a><\/p>\n","protected":false},"excerpt":{"rendered":"<p>EU:s klimatpaket \u201dFit for 55\u201d inneh\u00e5ller krav p\u00e5 mer f\u00f6rnybart, skatt p\u00e5 flygbr\u00e4nslen och betonar skogens roll som kols\u00e4nka \u2013 men \u00e4r l\u00e5ngt ifr\u00e5n tillr\u00e4ckligt f\u00f6r att vi ska h\u00e5lla oss inom Parisavtalets 1,5-gradersm\u00e5l. En rad kryph\u00e5l i f\u00f6rslaget fr\u00e5n EU-kommissionen riskerar dessutom att g\u00f6ra \u00e5tg\u00e4rderna till ett slag i luften.<\/p>\n","protected":false},"author":76,"featured_media":48057,"comment_status":"closed","ping_status":"open","sticky":false,"template":"","format":"standard","meta":{"ep_exclude_from_search":false,"p4_og_title":"","p4_og_description":"","p4_og_image":"","p4_og_image_id":"","p4_seo_canonical_url":"","p4_campaign_name":"not set","p4_local_project":"not set","p4_basket_name":"not set","p4_department":"","footnotes":""},"categories":[2],"tags":[23,54],"p4-page-type":[14],"class_list":["post-48056","post","type-post","status-publish","format-standard","has-post-thumbnail","hentry","category-klimat","tag-globaluppvarmning","tag-parisavtalet","p4-page-type-pressmeddelanden"],"_links":{"self":[{"href":"https:\/\/www.greenpeace.org\/sweden\/wp-json\/wp\/v2\/posts\/48056","targetHints":{"allow":["GET"]}}],"collection":[{"href":"https:\/\/www.greenpeace.org\/sweden\/wp-json\/wp\/v2\/posts"}],"about":[{"href":"https:\/\/www.greenpeace.org\/sweden\/wp-json\/wp\/v2\/types\/post"}],"author":[{"embeddable":true,"href":"https:\/\/www.greenpeace.org\/sweden\/wp-json\/wp\/v2\/users\/76"}],"replies":[{"embeddable":true,"href":"https:\/\/www.greenpeace.org\/sweden\/wp-json\/wp\/v2\/comments?post=48056"}],"version-history":[{"count":2,"href":"https:\/\/www.greenpeace.org\/sweden\/wp-json\/wp\/v2\/posts\/48056\/revisions"}],"predecessor-version":[{"id":48060,"href":"https:\/\/www.greenpeace.org\/sweden\/wp-json\/wp\/v2\/posts\/48056\/revisions\/48060"}],"wp:featuredmedia":[{"embeddable":true,"href":"https:\/\/www.greenpeace.org\/sweden\/wp-json\/wp\/v2\/media\/48057"}],"wp:attachment":[{"href":"https:\/\/www.greenpeace.org\/sweden\/wp-json\/wp\/v2\/media?parent=48056"}],"wp:term":[{"taxonomy":"category","embeddable":true,"href":"https:\/\/www.greenpeace.org\/sweden\/wp-json\/wp\/v2\/categories?post=48056"},{"taxonomy":"post_tag","embeddable":true,"href":"https:\/\/www.greenpeace.org\/sweden\/wp-json\/wp\/v2\/tags?post=48056"},{"taxonomy":"p4-page-type","embeddable":true,"href":"https:\/\/www.greenpeace.org\/sweden\/wp-json\/wp\/v2\/p4-page-type?post=48056"}],"curies":[{"name":"wp","href":"https:\/\/api.w.org\/{rel}","templated":true}]}}