{"id":48074,"date":"2021-07-15T16:25:33","date_gmt":"2021-07-15T15:25:33","guid":{"rendered":"https:\/\/www.greenpeace.org\/sweden\/?p=48074"},"modified":"2023-02-17T10:47:55","modified_gmt":"2023-02-17T09:47:55","slug":"extremvadret-blir-allt-mer-extremt","status":"publish","type":"post","link":"https:\/\/www.greenpeace.org\/sweden\/artiklar\/klimat\/extremvadret-blir-allt-mer-extremt\/","title":{"rendered":"Extremv\u00e4dret blir allt mer extremt"},"content":{"rendered":"\n<figure class=\"wp-block-image size-large\"><img loading=\"lazy\" decoding=\"async\" width=\"800\" height=\"533\" src=\"https:\/\/www.greenpeace.org\/static\/planet4-sweden-stateless\/2021\/07\/bbe63351-gp1svhvm_web_size.jpg\" alt=\"\" class=\"wp-image-48084\" srcset=\"https:\/\/www.greenpeace.org\/static\/planet4-sweden-stateless\/2021\/07\/bbe63351-gp1svhvm_web_size.jpg 800w, https:\/\/www.greenpeace.org\/static\/planet4-sweden-stateless\/2021\/07\/bbe63351-gp1svhvm_web_size-300x200.jpg 300w, https:\/\/www.greenpeace.org\/static\/planet4-sweden-stateless\/2021\/07\/bbe63351-gp1svhvm_web_size-768x512.jpg 768w, https:\/\/www.greenpeace.org\/static\/planet4-sweden-stateless\/2021\/07\/bbe63351-gp1svhvm_web_size-510x340.jpg 510w\" sizes=\"auto, (max-width: 800px) 100vw, 800px\" \/><\/figure>\n\n<h3 class=\"wp-block-heading\"><strong>De v\u00e4rsta \u00f6versv\u00e4mningarna p\u00e5 flera decennier har drabbat Tyskland, Belgien och Nederl\u00e4nderna. \u00d6versv\u00e4mningarna \u00e4r tyv\u00e4rr bara ett av flera exempel p\u00e5 extremv\u00e4der under 2021 som visar det akuta behovet av att stoppa klimatkrisen.<\/strong><\/h3>\n\n<p>\u201dDet nuvarande extrema v\u00e4dret med kraftigt regn och \u00f6versv\u00e4mningar \u00e4r konsekvenser av klimatkrisen. Och det h\u00e4r \u00e4r bara b\u00f6rjan. <strong>P\u00e5 grund av den globala uppv\u00e4rmningen stiger temperaturen till nya rekordniv\u00e5er \u00f6ver hela v\u00e4rlden. Atmosf\u00e4ren v\u00e4rms upp och sl\u00e4pps ut i form av extremv\u00e4der\u201d, <\/strong>s\u00e4ger<strong> <\/strong>Greenpeace klimatexpert Karsten Smid.&nbsp;<\/p>\n\n<figure class=\"wp-block-image size-large\"><img loading=\"lazy\" decoding=\"async\" width=\"800\" height=\"534\" src=\"https:\/\/www.greenpeace.org\/static\/planet4-sweden-stateless\/2021\/07\/ef443bbb-gp1svhul_web_size.jpg\" alt=\"\" class=\"wp-image-48085\" srcset=\"https:\/\/www.greenpeace.org\/static\/planet4-sweden-stateless\/2021\/07\/ef443bbb-gp1svhul_web_size.jpg 800w, https:\/\/www.greenpeace.org\/static\/planet4-sweden-stateless\/2021\/07\/ef443bbb-gp1svhul_web_size-300x200.jpg 300w, https:\/\/www.greenpeace.org\/static\/planet4-sweden-stateless\/2021\/07\/ef443bbb-gp1svhul_web_size-768x513.jpg 768w, https:\/\/www.greenpeace.org\/static\/planet4-sweden-stateless\/2021\/07\/ef443bbb-gp1svhul_web_size-510x340.jpg 510w\" sizes=\"auto, (max-width: 800px) 100vw, 800px\" \/><\/figure>\n\n<p>2021 har hittills varit ett \u00e5r av extrema v\u00e4derh\u00e4ndelser. Idag (16 juli) kan vi l\u00e4sa att <a href=\"https:\/\/www.svt.se\/nyheter\/utrikes\/merkel-har-annu-inte-sett-hela-vidden-av-katastrofen\">\u00f6ver 80 m\u00e4nniskor mist livet i de massiva skyfallen<\/a> i Tyskland. Kraften fr\u00e5n enorma vattenmassor har slitit s\u00f6nder hus som rasat ihop. Det \u00e4r en ofattbar tragedi p\u00e5 alla s\u00e4tt och vis. <strong>Att ett av v\u00e4rldens rikaste l\u00e4nder drabbas s\u00e5 h\u00e5rt av extremv\u00e4der borde vara en alarmklocka s\u00e5 ljudlig som n\u00e5gon. <\/strong>N\u00e4r den v\u00e4rsta fasen av pandemin nu tycks vara \u00f6ver m\u00e5ste vi d\u00e4rf\u00f6r fokusera p\u00e5 det st\u00f6rsta hotet mot v\u00e5r existens &#8211; klimatkrisen.<\/p>\n\n<p>\u00c5ret b\u00f6rjade med h\u00e4pnadsv\u00e4ckande scener fr\u00e5n Spanien. Landet drabbades av en sv\u00e5r sn\u00f6storm och rekordkyla som paralyserade landet och kostade m\u00e4nniskoliv. I Madrid l\u00e5g motorv\u00e4gar, flygplatser och allm\u00e4nna kommunikationer nere efter att den spanska huvudstaden drabbats av stora sn\u00f6m\u00e4ngder.<\/p>\n\n<p>Under samma tid drog den v\u00e5ldsamma cyklonen Eloise in \u00f6ver kusten i Mozambique och \u00f6ver 250 000 m\u00e4nniskors liv gick i spillror n\u00e4r man f\u00f6rlorade sina hem och skolor och viktig infrastruktur f\u00f6rst\u00f6rdes.&nbsp;<\/p>\n\n<p>Amazonas drabbades i v\u00e5ras av massiva \u00f6versv\u00e4mningar till f\u00f6ljd av skyfall. Floderna i den st\u00f6rsta staden, Manaus, steg till de h\u00f6gsta niv\u00e5erna sedan m\u00e4tningarna startade i b\u00f6rjan av 1900-talet. 450 000 m\u00e4nniskor drabbades i mitt under en pandemi som haft katastrofala konsekvenser f\u00f6r Brasilien.<\/p>\n\n<p><strong>Det h\u00e4r \u00e4r bara n\u00e5gra exempel p\u00e5 de extremv\u00e4der vi sett bli \u00e4nnu mer extrema i \u00e5r.<\/strong> I skrivandes stund har vi 32 grader h\u00e4r i Stockholm. V\u00e4rmen \u00e4r tryckande och det mesta g\u00e5r i slowmotion. Men i andra delar av v\u00e4rlden har det varit \u00e4nnu varmare.<strong> I Kanada uppm\u00e4ttes hela 49,6 grader i staden Lytton i juni. Och <\/strong><strong>nyligen kunde forskare i <\/strong><a href=\"https:\/\/www.worldweatherattribution.org\/western-north-american-extreme-heat-virtually-impossible-without-human-caused-climate-change\/\"><strong>en f\u00f6rsta analys<\/strong><\/a><strong> konstatera att v\u00e4rmeb\u00f6ljan i Kanada hade i princip varit om\u00f6jlig utan den globala uppv\u00e4rmningen.<\/strong><\/p>\n\n<p><a href=\"https:\/\/www.dn.se\/varlden\/peter-alestig-varlden-inte-redo-for-det-forandrade-klimatet\/\">I en v\u00e4ldigt l\u00e4sv\u00e4rd artikel<\/a> i Dagens nyheter konstateras faktum: <strong>vi \u00e4r bara vid drygt en grads global uppv\u00e4rmning \u2013 men redan nu \u00e4r det tydligt att v\u00e4rlden inte \u00e4r redo f\u00f6r ett f\u00f6r\u00e4ndrat klimat.<\/strong><\/p>\n\n<p>Vill du vara med oss och g\u00f6r skillnad i kampen mot klimatkrisen? L\u00e4s mer om hur du kan engagera dig p\u00e5 olika s\u00e4tt<a href=\"https:\/\/www.greenpeace.org\/sweden\/agera\/\"> h\u00e4r.<\/a><\/p>\n","protected":false},"excerpt":{"rendered":"<p>De v\u00e4rsta \u00f6versv\u00e4mningarna p\u00e5 flera decennier har drabbat Tyskland, Belgien och Nederl\u00e4nderna. \u00d6versv\u00e4mningarna \u00e4r tyv\u00e4rr bara ett av flera exempel p\u00e5 extremv\u00e4der under 2021 som visar det akuta behovet av att stoppa klimatkrisen.<\/p>\n","protected":false},"author":36,"featured_media":48084,"comment_status":"open","ping_status":"open","sticky":false,"template":"","format":"standard","meta":{"ep_exclude_from_search":false,"p4_og_title":"","p4_og_description":"","p4_og_image":"","p4_og_image_id":"","p4_seo_canonical_url":"","p4_campaign_name":"not set","p4_local_project":"not set","p4_basket_name":"not set","p4_department":"","footnotes":""},"categories":[2],"tags":[23],"p4-page-type":[16],"class_list":["post-48074","post","type-post","status-publish","format-standard","has-post-thumbnail","hentry","category-klimat","tag-globaluppvarmning","p4-page-type-artiklar"],"_links":{"self":[{"href":"https:\/\/www.greenpeace.org\/sweden\/wp-json\/wp\/v2\/posts\/48074","targetHints":{"allow":["GET"]}}],"collection":[{"href":"https:\/\/www.greenpeace.org\/sweden\/wp-json\/wp\/v2\/posts"}],"about":[{"href":"https:\/\/www.greenpeace.org\/sweden\/wp-json\/wp\/v2\/types\/post"}],"author":[{"embeddable":true,"href":"https:\/\/www.greenpeace.org\/sweden\/wp-json\/wp\/v2\/users\/36"}],"replies":[{"embeddable":true,"href":"https:\/\/www.greenpeace.org\/sweden\/wp-json\/wp\/v2\/comments?post=48074"}],"version-history":[{"count":11,"href":"https:\/\/www.greenpeace.org\/sweden\/wp-json\/wp\/v2\/posts\/48074\/revisions"}],"predecessor-version":[{"id":54467,"href":"https:\/\/www.greenpeace.org\/sweden\/wp-json\/wp\/v2\/posts\/48074\/revisions\/54467"}],"wp:featuredmedia":[{"embeddable":true,"href":"https:\/\/www.greenpeace.org\/sweden\/wp-json\/wp\/v2\/media\/48084"}],"wp:attachment":[{"href":"https:\/\/www.greenpeace.org\/sweden\/wp-json\/wp\/v2\/media?parent=48074"}],"wp:term":[{"taxonomy":"category","embeddable":true,"href":"https:\/\/www.greenpeace.org\/sweden\/wp-json\/wp\/v2\/categories?post=48074"},{"taxonomy":"post_tag","embeddable":true,"href":"https:\/\/www.greenpeace.org\/sweden\/wp-json\/wp\/v2\/tags?post=48074"},{"taxonomy":"p4-page-type","embeddable":true,"href":"https:\/\/www.greenpeace.org\/sweden\/wp-json\/wp\/v2\/p4-page-type?post=48074"}],"curies":[{"name":"wp","href":"https:\/\/api.w.org\/{rel}","templated":true}]}}