{"id":48094,"date":"2021-07-21T12:29:54","date_gmt":"2021-07-21T11:29:54","guid":{"rendered":"https:\/\/www.greenpeace.org\/sweden\/?p=48094"},"modified":"2023-02-20T15:08:24","modified_gmt":"2023-02-20T14:08:24","slug":"majoritet-vill-ha-hardare-miljokrav-pa-skogsbruket","status":"publish","type":"post","link":"https:\/\/www.greenpeace.org\/sweden\/pressmeddelanden\/skog\/majoritet-vill-ha-hardare-miljokrav-pa-skogsbruket\/","title":{"rendered":"Majoritet vill ha h\u00e5rdare milj\u00f6krav p\u00e5 skogsbruket"},"content":{"rendered":"\n<p><strong>Drygt h\u00e4lften av svenskarna (51,5 procent) vill att milj\u00f6kraven vid avverkning av skog ska sk\u00e4rpas. N\u00e4stan lika m\u00e5nga (46,6 procent) anser att kalhyggen b\u00f6r f\u00f6rbjudas. Det visar en Sifounders\u00f6kning som gjorts p\u00e5 uppdrag av Greenpeace.<\/strong><\/p>\n\n<figure class=\"wp-block-image size-large\"><img loading=\"lazy\" decoding=\"async\" width=\"800\" height=\"534\" src=\"https:\/\/www.greenpeace.org\/static\/planet4-sweden-stateless\/2021\/03\/4f021695-gp0stqb59_web_size.jpg\" title=\"Majoritet vill ha h\u00e5rdare milj\u00f6krav vid avverkningar\" alt=\"\" class=\"wp-image-46139\" srcset=\"https:\/\/www.greenpeace.org\/static\/planet4-sweden-stateless\/2021\/03\/4f021695-gp0stqb59_web_size.jpg 800w, https:\/\/www.greenpeace.org\/static\/planet4-sweden-stateless\/2021\/03\/4f021695-gp0stqb59_web_size-300x200.jpg 300w, https:\/\/www.greenpeace.org\/static\/planet4-sweden-stateless\/2021\/03\/4f021695-gp0stqb59_web_size-768x513.jpg 768w, https:\/\/www.greenpeace.org\/static\/planet4-sweden-stateless\/2021\/03\/4f021695-gp0stqb59_web_size-510x340.jpg 510w\" sizes=\"auto, (max-width: 800px) 100vw, 800px\" \/><\/figure>\n\n<p>\u2013 Den h\u00e5rda exploateringen av svensk skog, med f\u00f6rdubblad avverkning sedan 1950, hotar b\u00e5de klimat och den biologiska m\u00e5ngfalden. V\u00e5r unders\u00f6kning visar att allt fler svenskar inser att det storskaliga skogsbruket med kalhyggen och virkes\u00e5krar tillh\u00f6r historien, s\u00e4ger <strong>Carl Schlyter, kampanjledare p\u00e5 Greenpeace<\/strong>.&nbsp;<\/p>\n\n<p>En Sifounders\u00f6kning som Greenpeace l\u00e5tit g\u00f6ra visar att 51,5 procent av svenskarna anser att milj\u00f6kraven vid avverkning ska sk\u00e4rpas. Endast en fj\u00e4rdedel av de tusen personer som deltog i unders\u00f6kningen, 24,5 procent, anser inte att milj\u00f6kraven b\u00f6r sk\u00e4rpas. Deltagarna fick \u00e4ven svara p\u00e5 vad de skulle tycka om ett f\u00f6rbud mot kalhyggen som avverkningsmetod. 46,6 procent svarade att det \u00e4r ett bra f\u00f6rslag, medan 25,9 procent anser att det \u00e4r ett d\u00e5ligt f\u00f6rslag.<\/p>\n\n<p>I sin nya<a href=\"https:\/\/ec.europa.eu\/info\/sites\/default\/files\/communication-new-eu-forest-strategy-2030_with-annex_en.pdf\"> skogsstrategi<\/a> f\u00f6reslog EU-kommissionen i fredags att kalhyggen ska undvikas och att alla gamla skogar skyddas fr\u00e5n skogsbruk, vilket ligger i linje med vad forskare och milj\u00f6organisationer har kr\u00e4vt under \u00e5rtionden. Trots det har den svenska regeringen inf\u00f6r beslutet <a href=\"https:\/\/www.dn.se\/sverige\/eus-nya-skogsstrategi-omgardat-av-brak\/\" target=\"_blank\" rel=\"noreferrer noopener\">lobbat f\u00f6r att f\u00f6rhindra h\u00e5rdare regler<\/a> kring kalhyggen.<\/p>\n\n<p>\u2013 Varje kalhygge minskar v\u00e5ra chanser att n\u00e5 milj\u00f6m\u00e5len f\u00f6r klimat och biologisk m\u00e5ngfald. Ingen kommer i framtiden begripa hur vi kunde till\u00e5ta kalhyggen. St\u00e4ller vi om skogsbruket till hyggesfritt \u00e4r det inte bara b\u00e4ttre f\u00f6r klimatet, utan b\u00e5de m\u00e4nniskor och andra arter har st\u00f6rre chans att leva i och av skogen, s\u00e4ger <strong>Carl Schlyter<\/strong>.<\/p>\n\n<p><strong>Kontaktperson:<\/strong> Carl Schlyter, kampanjledare p\u00e5 Greenpeace Sverige: <a href=\"mailto:carl.schlyter@greenpeace.org\">carl.schlyter@greenpeace.org<\/a> eller 070\u2013234 13 57<\/p>\n\n<p><strong>H\u00e4r kan du l\u00e4sa mer om Greenpeace syn p\u00e5 skogen:<\/strong><a href=\"https:\/\/www.greenpeace.org\/sweden\/publikationer\/45960\/den-svenska-skogen\/\">https:\/\/www.greenpeace.org\/sweden\/publikationer\/45960\/den-svenska-skogen\/<\/a><\/p>\n\n<div class=\"wp-block-group has-grey-200-background-color has-background is-layout-flow wp-block-group-is-layout-flow\">\n<p><strong>Fakta: Om unders\u00f6kningen<\/strong><\/p>\n\n\n\n<p>Sifounders\u00f6kningen genomf\u00f6rdes den 11\u201320 maj som en webbaserad unders\u00f6kning med 1 000 deltagare. Fr\u00e5gorna som st\u00e4lldes var: <\/p>\n\n\n\n<p>1.&nbsp;<em>P\u00e5 b\u00e5de EU-niv\u00e5 och nationellt utreds just nu nya regler f\u00f6r skogsbruket. Tycker du att milj\u00f6kraven vid avverkning b\u00f6r sk\u00e4rpas?<\/em><br>17,5 procent svarade \u201cJa, i mycket h\u00f6g grad\u201d<br>34 procent svarade \u201cJa, i ganska h\u00f6g grad\u201d<br>17,7 procent svarade \u201cNej, i lite grad\u201d<br>6,8 procent svarade \u201cNej, i mycket liten grad\u201d<br>24 procent svarade \u201cTveksam, vet ej\u201d<\/p>\n\n\n\n<p>2. <em>Den vanligaste metoden f\u00f6r att avverka skog i Sverige \u00e4r trakthyggen, \u00e4ven kallat kalhyggen. Det inneb\u00e4r att i genomsnitt 3,3 tr\u00e4d l\u00e4mnas kvar p\u00e5 en yta motsvarande en fotbollsplan. Hur skulle du st\u00e4lla dig till ett f\u00f6rbud mot kalhyggen som avverkningsmetod?<\/em><br>18,6 procent svarade \u201cMycket bra f\u00f6rslag\u201d<br>27,9 procent svarade \u201cGanska bra f\u00f6rslag\u201d<br>15,7 procent svarade \u201cGanska d\u00e5ligt f\u00f6rslag\u201d<br>10,2 procent svarade \u201cMycket d\u00e5ligt f\u00f6rslag\u201d<br>27,6 procent svarade \u201cTveksam, vet ej\u201d<\/p>\n<\/div>\n","protected":false},"excerpt":{"rendered":"<p>Drygt h\u00e4lften av svenskarna (51,5 procent) vill att milj\u00f6kraven vid avverkning av skog ska sk\u00e4rpas. N\u00e4stan lika m\u00e5nga (46,6 procent) anser att kalhyggen b\u00f6r f\u00f6rbjudas. Det visar en Sifounders\u00f6kning Greenpeace l\u00e5tit g\u00f6ra.<\/p>\n","protected":false},"author":38,"featured_media":46139,"comment_status":"closed","ping_status":"open","sticky":false,"template":"","format":"standard","meta":{"ep_exclude_from_search":false,"p4_og_title":"","p4_og_description":"","p4_og_image":"","p4_og_image_id":"","p4_seo_canonical_url":"","p4_campaign_name":"not set","p4_local_project":"not set","p4_basket_name":"not set","p4_department":"","footnotes":""},"categories":[22],"tags":[19,40,53],"p4-page-type":[14],"class_list":["post-48094","post","type-post","status-publish","format-standard","has-post-thumbnail","hentry","category-skog","tag-skyddaskogen","tag-biodiversitet","tag-svenskpolitik","p4-page-type-pressmeddelanden"],"_links":{"self":[{"href":"https:\/\/www.greenpeace.org\/sweden\/wp-json\/wp\/v2\/posts\/48094","targetHints":{"allow":["GET"]}}],"collection":[{"href":"https:\/\/www.greenpeace.org\/sweden\/wp-json\/wp\/v2\/posts"}],"about":[{"href":"https:\/\/www.greenpeace.org\/sweden\/wp-json\/wp\/v2\/types\/post"}],"author":[{"embeddable":true,"href":"https:\/\/www.greenpeace.org\/sweden\/wp-json\/wp\/v2\/users\/38"}],"replies":[{"embeddable":true,"href":"https:\/\/www.greenpeace.org\/sweden\/wp-json\/wp\/v2\/comments?post=48094"}],"version-history":[{"count":11,"href":"https:\/\/www.greenpeace.org\/sweden\/wp-json\/wp\/v2\/posts\/48094\/revisions"}],"predecessor-version":[{"id":54766,"href":"https:\/\/www.greenpeace.org\/sweden\/wp-json\/wp\/v2\/posts\/48094\/revisions\/54766"}],"wp:featuredmedia":[{"embeddable":true,"href":"https:\/\/www.greenpeace.org\/sweden\/wp-json\/wp\/v2\/media\/46139"}],"wp:attachment":[{"href":"https:\/\/www.greenpeace.org\/sweden\/wp-json\/wp\/v2\/media?parent=48094"}],"wp:term":[{"taxonomy":"category","embeddable":true,"href":"https:\/\/www.greenpeace.org\/sweden\/wp-json\/wp\/v2\/categories?post=48094"},{"taxonomy":"post_tag","embeddable":true,"href":"https:\/\/www.greenpeace.org\/sweden\/wp-json\/wp\/v2\/tags?post=48094"},{"taxonomy":"p4-page-type","embeddable":true,"href":"https:\/\/www.greenpeace.org\/sweden\/wp-json\/wp\/v2\/p4-page-type?post=48094"}],"curies":[{"name":"wp","href":"https:\/\/api.w.org\/{rel}","templated":true}]}}