{"id":48218,"date":"2021-08-09T11:12:53","date_gmt":"2021-08-09T10:12:53","guid":{"rendered":"https:\/\/www.greenpeace.org\/sweden\/?p=48218"},"modified":"2023-02-17T11:01:30","modified_gmt":"2023-02-17T10:01:30","slug":"klimatforandringar-ar-inte-langre-ett-framtida-hot-de-ar-redan-har-och-blir-snabbt-varre","status":"publish","type":"post","link":"https:\/\/www.greenpeace.org\/sweden\/artiklar\/klimat\/klimatforandringar-ar-inte-langre-ett-framtida-hot-de-ar-redan-har-och-blir-snabbt-varre\/","title":{"rendered":"IPCC-rapport 2021 \u2013 vad visar den senaste forskningen?"},"content":{"rendered":"\n<p class=\"has-drop-cap\"><strong>Klimatkrisen \u00e4r inte l\u00e4ngre ett framtida hot. De \u00e4r redan h\u00e4r, och det blir snabbt v\u00e4rre \u2013 det framg\u00e5r i IPCC-rapporten fr\u00e5n 2021. Rapporten fr\u00e5n FNs klimatpanel skickar ett tydligt budskap om att vi nu m\u00e5ste agera \u2013 eller riskera <a href=\"https:\/\/www.greenpeace.org\/sweden\/nyheter\/49455\/global-uppvarmning-konsekvenser\/\" target=\"_blank\" rel=\"noreferrer noopener\"><span class=\"has-inline-color has-green-500-color\">f\u00f6r\u00f6dande konsekvenser<\/span><\/a>.<\/strong><\/p>\n\n<figure class=\"wp-block-image size-full is-resized\"><img loading=\"lazy\" decoding=\"async\" src=\"https:\/\/www.greenpeace.org\/static\/planet4-sweden-stateless\/2021\/10\/84f6470e-gp0sturqn_web_size_with_credit_line.jpg\" alt=\"\" class=\"wp-image-49254\" width=\"800\" height=\"534\" srcset=\"https:\/\/www.greenpeace.org\/static\/planet4-sweden-stateless\/2021\/10\/84f6470e-gp0sturqn_web_size_with_credit_line.jpg 800w, https:\/\/www.greenpeace.org\/static\/planet4-sweden-stateless\/2021\/10\/84f6470e-gp0sturqn_web_size_with_credit_line-300x200.jpg 300w, https:\/\/www.greenpeace.org\/static\/planet4-sweden-stateless\/2021\/10\/84f6470e-gp0sturqn_web_size_with_credit_line-768x513.jpg 768w, https:\/\/www.greenpeace.org\/static\/planet4-sweden-stateless\/2021\/10\/84f6470e-gp0sturqn_web_size_with_credit_line-510x340.jpg 510w\" sizes=\"auto, (max-width: 800px) 100vw, 800px\" \/><figcaption class=\"wp-element-caption\">Det kommer bli en \u00f6kad f\u00f6rekomst av extremv\u00e4der utan tidigare motstycke \u2013 enligt IPCC-rapporten.<\/figcaption><\/figure>\n\n<h2 class=\"wp-block-heading\">Om IPCC-rapporten<\/h2>\n\n<p>Klimatrapporten fr\u00e5n IPCC \u00e4r skriven av FNs klimatpanel som best\u00e5r av v\u00e4rldens fr\u00e4msta klimatforskare som sammanfattar den senaste vetenskapen f\u00f6r vad som h\u00e4nder med v\u00e5rt klimat. Rapporten sl\u00e4pps var 6 till 7 \u00e5r och IPCC:s sj\u00e4tte utv\u00e4rderingsrapport sl\u00e4pptes s\u00e5 sent som 6 augusti 2021.<\/p>\n\n<h2 class=\"wp-block-heading\">IPCC-rapporten 2021 i korthet<\/h2>\n\n<p>FNs klimatrapport fr\u00e5n 2021 ger en skarp varning om vart vi \u00e4r p\u00e5 v\u00e4g om br\u00e5dskande \u00e5tg\u00e4rder inte vidtas. V\u00e4rmeb\u00f6ljor och skogsbr\u00e4nder, kraftiga regn och \u00f6versv\u00e4mningar, d\u00f6ende hav, sm\u00e4ltande isar och kollapsande ekosystem visar hur l\u00e5ngt g\u00e5ngen klimatkrisen \u00e4r. Allt detta kommer att eskalera och ju mer den globala uppv\u00e4rmningen \u00f6kar desto v\u00e4rre blir klimatkrisens konsekvenser.<\/p>\n\n<p>Under FNs klimattoppm\u00f6te COP21 i Paris skrev regeringarna under Parisavtalet som innebar att de skulle str\u00e4va efter att begr\u00e4nsa temperaturh\u00f6jningarna till 1,5 grader och agera d\u00e4refter. Fram till 2030 ska de globala koldioxidutsl\u00e4ppen halveras och senast i mitten av \u00e5rhundradet vara noll.<\/p>\n\n<p>IPCC-rapporten fr\u00e5n 2021 kommer v\u00e4ldigt l\u00e4gligt eftersom att v\u00e4rldens ledare snart tr\u00e4ffas p\u00e5 <a href=\"https:\/\/www.greenpeace.org\/sweden\/nyheter\/49278\/klimatkonferensen-cop26\/\" target=\"_blank\" rel=\"noreferrer noopener\">COP26 i Glasgow<\/a> d\u00e4r de ska presentera en plan som utvecklats sedan COP21 i Paris med konkreta \u00e5tg\u00e4rder f\u00f6r hur man ska minska sina koldioxidutsl\u00e4pp.<\/p>\n\n<figure class=\"wp-block-image size-large\"><img loading=\"lazy\" decoding=\"async\" width=\"800\" height=\"534\" src=\"https:\/\/www.greenpeace.org\/static\/planet4-sweden-stateless\/2021\/08\/7f839b83-gp1svr52_web_size.jpg\" alt=\"\" class=\"wp-image-48223\" srcset=\"https:\/\/www.greenpeace.org\/static\/planet4-sweden-stateless\/2021\/08\/7f839b83-gp1svr52_web_size.jpg 800w, https:\/\/www.greenpeace.org\/static\/planet4-sweden-stateless\/2021\/08\/7f839b83-gp1svr52_web_size-300x200.jpg 300w, https:\/\/www.greenpeace.org\/static\/planet4-sweden-stateless\/2021\/08\/7f839b83-gp1svr52_web_size-768x513.jpg 768w, https:\/\/www.greenpeace.org\/static\/planet4-sweden-stateless\/2021\/08\/7f839b83-gp1svr52_web_size-510x340.jpg 510w\" sizes=\"auto, (max-width: 800px) 100vw, 800px\" \/><figcaption class=\"wp-element-caption\">Mot bakgrund av IPCC:s rapport och efter dramatiska \u00f6versv\u00e4mningar i Luxemburg uppmanar Greenpeace -aktivister den nationella regeringen att g\u00f6ra klimatskyddet till h\u00f6gsta prioritet.<\/figcaption><\/figure>\n\n<h2 class=\"wp-block-heading\">FNs klimatrapport IPCC 2021 \u2013 sammanfattning<\/h2>\n\n<h3 class=\"wp-block-heading\">1. Vart vi \u00e4r idag \u2013 och varf\u00f6r vi \u00e4r d\u00e4r<\/h3>\n\n<ul class=\"wp-block-list\">\n<li><strong>Det \u00e4r bevisat att de senaste storskaliga klimatf\u00f6r\u00e4ndringarna aldrig tidigare sk\u00e5dats inom<\/strong> <strong>m\u00e4nsklighetens historia. <\/strong>Temperaturerna \u00e4r nu j\u00e4mf\u00f6rbara med de niv\u00e5er som senast upplevdes f\u00f6r cirka 125 000 \u00e5r sedan, d\u00e5 Gr\u00f6nlands inlandsis var betydligt mindre och havsniv\u00e5n sannolikt 5-10 meter h\u00f6gre \u00e4n idag.<\/li>\n\n\n\n<li><strong>Koncentrationen av CO2 i atmosf\u00e4ren (410 ppm) har inte varit s\u00e5 h\u00f6g p\u00e5 minst 2 miljoner \u00e5r.<\/strong><\/li>\n\n\n\n<li><strong>De senaste fem \u00e5ren har varit de varmaste sedan \u00e5tminstone 1850.<\/strong><\/li>\n\n\n\n<li><strong>Havsniv\u00e5n stiger i accelererad takt och har tredubblats j\u00e4mf\u00f6rt med 1901-1970.<\/strong><\/li>\n\n\n\n<li><strong>F\u00f6rlusten av isarna p\u00e5 Gr\u00f6nland g\u00e5r nu sex g\u00e5nger fortare och Antarktis f\u00f6rlorar ismassa tre g\u00e5nger snabbare de senaste tio \u00e5ren mot perioden dessf\u00f6rinnan (1992-1999).<\/strong><\/li>\n\n\n\n<li><strong>Vi ser fler och v\u00e4rre extremv\u00e4der, och vi har starkare bevis p\u00e5 m\u00e4nniskans p\u00e5verkan. S\u00e4rskilt g\u00e4llande extrem nederb\u00f6rd, torka, tropiska cykloner, v\u00e4rmeb\u00f6ljor och br\u00e4nder.<\/strong><\/li>\n<\/ul>\n\n<h3 class=\"wp-block-heading\">2. Vart vi \u00e4r p\u00e5 v\u00e4g<\/h3>\n\n<ul class=\"wp-block-list\">\n<li><strong>Ju fler v\u00e4xthusgaser vi tillf\u00f6r atmosf\u00e4ren, desto v\u00e4rre blir klimatf\u00f6r\u00e4ndringarnas konsekvenser.<\/strong> H\u00f6gre global uppv\u00e4rmning medf\u00f6r t\u00e4tare och mer intensiva extremv\u00e4der, uppv\u00e4rmning av haven, torka i vissa regioner, kraftiga regn, \u00f6versv\u00e4mningar, intensiva tropiska cykloner och f\u00f6rv\u00e4rrade klimatp\u00e5verkande drivkrafter som issm\u00e4ltning, stigande havsniv\u00e5er, f\u00f6r\u00e4ndrar havscirkulation liksom f\u00f6rsurning, uppv\u00e4rmning och syref\u00f6rlust i haven.<\/li>\n\n\n\n<li><strong>Det kommer bli en \u00f6kande f\u00f6rekomst av extremv\u00e4der utan tidigare motstycke<\/strong>, \u00e4ven vid 1,5 graders global uppv\u00e4rmning. Exempelvis \u00f6kar v\u00e4rmeb\u00f6ljor i frekvens och intensitet \u00e4ven om uppv\u00e4rmningen stabiliseras vid 1,5 grader. Men med 2 graders uppv\u00e4rmning skulle f\u00f6r\u00e4ndringarna i intensiteten vara minst de dubbla och med 3 graders uppv\u00e4rmning skulle de fyrdubblas i j\u00e4mf\u00f6rt med 1,5 grader (Vi \u00e4r p\u00e5 v\u00e4g mot 2,9 grader med nuvarande l\u00f6ften och policyer).<\/li>\n\n\n\n<li><strong><a href=\"https:\/\/www.greenpeace.org\/sweden\/nyheter\/49688\/arktis-hot\/\" target=\"_blank\" rel=\"noreferrer noopener\">Arktis<\/a> kommer sannolikt att vara praktiskt taget isfritt i september<\/strong> minst en g\u00e5ng f\u00f6re 2050 i alla utv\u00e4rderade scenarier. Medan isfritt gradvis blir normen om utsl\u00e4ppen forts\u00e4tter (Vid 1,5 grader skulle ungef\u00e4r h\u00e4lften av den nuvarande sommarens havsutbredning kvarst\u00e5 och en l\u00e5ngsam \u00e5terh\u00e4mtning skulle till och med starta).<\/li>\n\n\n\n<li><strong>Det som tidigare haft l\u00e5g sannolikhet att intr\u00e4ffa enligt IPCC, s\u00e5 som inlandsiskollaps, pl\u00f6tsliga f\u00f6r\u00e4ndringar i havscirkulationen, sammansatta extremv\u00e4der och betydligt st\u00f6rre uppv\u00e4rmning kan inte l\u00e4ngre uteslutas och \u00e4r en del av riskbed\u00f6mningen.<\/strong> Kraftigt \u00f6kad issm\u00e4ltning i Antarktis och utbredd skogsd\u00f6d, kan inte l\u00e4ngre uteslutas.<\/li>\n\n\n\n<li><strong>Golfstr\u00f6mmen kommer sannolikt f\u00f6rsvagas under 2000-talet.<\/strong> Det bed\u00f6mdes tidigare som \u201cmycket osannolikt\u201d men nu bed\u00f6ms risken som \u201cmedium\u201d att Golfstr\u00f6mmen inte kommer genomg\u00e5 en abrupt \u00f6verg\u00e5ng eller kollaps f\u00f6re 2100.<\/li>\n\n\n\n<li><strong>Vissa mycket l\u00e5ngsiktiga f\u00f6r\u00e4ndringar \u00e4r redan inl\u00e5sta, oavsett vad vi g\u00f6r,<\/strong> vilket resulterar i fortsatt f\u00f6rlust av is \u00f6ver hela v\u00e4rlden, havsniv\u00e5h\u00f6jning och f\u00f6r\u00e4ndringar i havet.<\/li>\n\n\n\n<li><strong>Sm\u00e4ltande isar kan leda till mycket h\u00f6ga havsniv\u00e5h\u00f6jningar.<\/strong> Sannolikheten str\u00e4cker fr\u00e5n mindre \u00e4n 0,5 meter till cirka 7 meter, och att havsniv\u00e5n stiger mer \u00e4n 15 meter kan inte uteslutas.<\/li>\n<\/ul>\n\n<h3 class=\"wp-block-heading\">3. Vad som kr\u00e4vs f\u00f6r att begr\u00e4nsa ytterligare klimateffekter<\/h3>\n\n<ul class=\"wp-block-list\">\n<li><strong>Den globala uppv\u00e4rmningen forts\u00e4tter tills koldioxidutsl\u00e4ppen n\u00e5r noll.<\/strong><\/li>\n\n\n\n<li><strong>Att uppfylla Parisavtalets l\u00e5ngsiktiga m\u00e5l p\u00e5 1,5 grader skulle betyda mindre av allt:<\/strong> Havsniv\u00e5h\u00f6jning, f\u00f6rv\u00e4rrade v\u00e4derextremer och f\u00f6rs\u00e4mrade levnadsvillkor p\u00e5 b\u00e5de land och i hav, j\u00e4mf\u00f6rt med h\u00f6gre uppv\u00e4rmningsniv\u00e5er. Skillnaderna mellan 1,5 grader och 2 grader \u00e4r betydande.<\/li>\n\n\n\n<li><strong>1,5 graders uppv\u00e4rmning \u00e4r fortfarande inom r\u00e4ckh\u00e5ll<\/strong>, ur ett fysiskt perspektiv, men bara med snabb utsl\u00e4ppsminskningar som leder koldioxitutsl\u00e4ppen till noll och d\u00e4r\u00f6ver.<\/li>\n\n\n\n<li><strong>F\u00f6r n\u00e4rvarande sl\u00e4pper m\u00e4nsklig verksamhet ut \u00f6ver 40 miljarder ton CO22 varje \u00e5r.<\/strong><\/li>\n\n\n\n<li><strong>Kraftiga, snabba och ih\u00e5llande minskningar av metanutsl\u00e4pp beh\u00f6vs ocks\u00e5, <\/strong>och skulle medf\u00f6ra f\u00f6rdelar som f\u00f6rb\u00e4ttrad luftkvalitet. Dessa \u00f6kar fortfarande.<\/li>\n\n\n\n<li><strong>Metoder f\u00f6r koldioxidborttagning har potential att avl\u00e4gsna kvarvarande koldioxid fr\u00e5n atmosf\u00e4ren, <\/strong>men kan ha potentiellt omfattande effekter p\u00e5 biogeokemiska cykler och klimat och p\u00e5verka vattentillg\u00e4nglighet och kvalitet, livsmedelsproduktion och biologisk m\u00e5ngfald.<\/li>\n<\/ul>\n\n<figure class=\"wp-block-image size-full\"><img loading=\"lazy\" decoding=\"async\" width=\"800\" height=\"532\" src=\"https:\/\/www.greenpeace.org\/static\/planet4-sweden-stateless\/2021\/10\/a24057f6-gp03bmg_web_size_with_credit_line-1.jpg\" alt=\"\" class=\"wp-image-49255\" srcset=\"https:\/\/www.greenpeace.org\/static\/planet4-sweden-stateless\/2021\/10\/a24057f6-gp03bmg_web_size_with_credit_line-1.jpg 800w, https:\/\/www.greenpeace.org\/static\/planet4-sweden-stateless\/2021\/10\/a24057f6-gp03bmg_web_size_with_credit_line-1-300x200.jpg 300w, https:\/\/www.greenpeace.org\/static\/planet4-sweden-stateless\/2021\/10\/a24057f6-gp03bmg_web_size_with_credit_line-1-768x511.jpg 768w, https:\/\/www.greenpeace.org\/static\/planet4-sweden-stateless\/2021\/10\/a24057f6-gp03bmg_web_size_with_credit_line-1-510x340.jpg 510w\" sizes=\"auto, (max-width: 800px) 100vw, 800px\" \/><figcaption class=\"wp-element-caption\">Alla nya investeringar i fossila br\u00e4nslen m\u00e5ste stoppas. En av Greenpeace slutsatser f\u00f6r att bromsa den globala uppv\u00e4rmningen.<\/figcaption><\/figure>\n\n<h2 class=\"wp-block-heading\">Greenpeace slutsats f\u00f6r \u00e5tg\u00e4rder<\/h2>\n\n<p>Greenpeace var en officiellt observat\u00f6r vid IPCC och deltog i det virtuella godk\u00e4nnandem\u00f6tet f\u00f6r WG1-rapporten. Detta \u00e4r de \u00e5tg\u00e4rder vi anser att v\u00e4rlden m\u00e5ste genomf\u00f6ra f\u00f6r att undvika en planet\u00e4r katastrof:<\/p>\n\n<ul class=\"wp-block-list\">\n<li><strong>Vetenskapen \u00e4r klar och situationen \u00e4r allvarlig.<\/strong> Vi m\u00e5ste g\u00f6ra allt snabbare och dj\u00e4rvare, p\u00e5 alla niv\u00e5er, utan att l\u00e4mna n\u00e5gon sektor bakom oss.<\/li>\n\n\n\n<li><strong>De med mer kapacitet och ansvar m\u00e5ste leda v\u00e4gen mot nollutsl\u00e4pp<\/strong> och st\u00f6dja andra p\u00e5 deras resa.<\/li>\n\n\n\n<li><strong>Regeringar m\u00e5ste anpassa sina m\u00e5l och planer med 1,5 grader vid klimatkonferens COP26 i Glasgow i \u00e5r 2021.<\/strong> Med nuvarande politik \u00e4r vi fortfarande p\u00e5 v\u00e4g mot en apokalyptisk framtid p\u00e5 2,9 grader. \u00c4ven om alla l\u00f6fte st\u00f6ds med tillr\u00e4cklig policy, skulle vi g\u00e5 mot uppv\u00e4rmning p\u00e5 ungef\u00e4r 2,5 grader, med n\u00e4stan 80 % risk att \u00f6verstiga 2 grader.<\/li>\n\n\n\n<li><strong>Det kan inte g\u00f6ras n\u00e5gra nya investeringar i fossila br\u00e4nslen<\/strong> och utfasningen av befintlig infrastruktur f\u00f6r fossila br\u00e4nslen m\u00e5ste vara i linje med 1,5 graders m\u00e5let. Smarta, effektiva och h\u00e5llbara l\u00f6sningar \u00e4r redo att leverera och uppfylla alla v\u00e5ra energibehov, om det till\u00e5ts.<\/li>\n\n\n\n<li><strong>Vi m\u00e5ste skydda och \u00e5terst\u00e4lla ekosystem f\u00f6r att bygga motst\u00e5ndskraft.<\/strong> Friska ekosystem \u00e4r mer motst\u00e5ndskraftiga mot oundvikliga klimatf\u00f6r\u00e4ndringar. Vi m\u00e5ste skydda 30 % av v\u00e5ra skogar och hav och minska trycket p\u00e5 v\u00e5ra ekosystem. Vi m\u00e5ste stoppa avskogningen, \u00e5terst\u00e4lla skogar och andra markbaserade ekosystem och minska produktion och konsumtion av animaliska produkter.<\/li>\n\n\n\n<li><strong>Koldioxidborttagning \u00e4r ingen magisk l\u00f6sning p\u00e5 problemet.<\/strong> Det \u00e4r grundl\u00e4ggande att vi skyddar och f\u00f6rb\u00e4ttrar v\u00e5ra skogars och jordars f\u00f6rm\u00e5ga att avl\u00e4gsna mer kol. Men annan koldioxidborttagning i stor skala har m\u00e5nga utmaningar och risker. V\u00e5r yttersta prioritet m\u00e5ste vara att stoppa ytterligare utsl\u00e4pp fr\u00e5n att komma in i atmosf\u00e4ren just nu, snarare \u00e4n att f\u00f6rlita oss p\u00e5 teoretiska storskaliga koldioxidborttagningar l\u00e5ngt in i framtiden.<\/li>\n\n\n\n<li><strong>Banker, kapitalf\u00f6rvaltare och f\u00f6rs\u00e4kringsgivare,<\/strong> liksom de f\u00f6retag till vilka de l\u00e5nar ut och vars aktier de \u00e4ger, <strong>m\u00e5ste anpassa sin verksamhet till Parisavtalets m\u00e5l.<\/strong> Att f\u00f6r\u00e4ndra investeringar kommer att vara en nyckel f\u00f6r att undvika h\u00f6gre koldioxidniv\u00e5er.<\/li>\n\n\n\n<li><strong>Principen \u201cf\u00f6rorenaren betalar\u201d m\u00e5ste st\u00e5 i centrum<\/strong> f\u00f6r anpassnings- och kompensationsinsatser mellan och inom l\u00e4nder.<\/li>\n\n\n\n<li><strong>Idag betalas de verkliga kostnaderna f\u00f6r klimatkrisen fr\u00e4mst av dem som har orsakat den minst.<\/strong> Rika regeringar m\u00e5ste uppfylla sina klimatfinansiering\u00e5taganden enligt Parisavtalet.<\/li>\n<\/ul>\n\n<h3 class=\"wp-block-heading\">V\u00e4rlden f\u00f6r\u00e4ndras och vi kan n\u00e5 1,5-gradersm\u00e5let!<\/h3>\n\n<p>IPCC-rapporten 2021 visar att utmaningarna \u00e4r enorma, <strong>men det \u00e4r ocks\u00e5 m\u00f6jligheterna.<\/strong> V\u00e4rlden har redan f\u00f6r\u00e4ndrats mycket och vi ser f\u00f6rutom ett globalt klimatavtal med ett 1,5 gradersm\u00e5l m\u00e5nga fler positiva f\u00f6r\u00e4ndringar:<\/p>\n\n<ul class=\"wp-block-list\">\n<li><strong>Sol och vind har blivit de billigaste formerna av ny el i st\u00f6rre delen av v\u00e4rlden och kostnaderna forts\u00e4tter att minska.<\/strong> Detta har potential att f\u00f6r\u00e4ndra allt, om vi bara till\u00e5ter det, genom att se till att olja, kol och gas fasas ut med den hastighet som kr\u00e4vs.<\/li>\n\n\n\n<li><strong>Till och med Internationella energibyr\u00e5n IEA, ser nu att en v\u00e4g till 1,5-gradersm\u00e5let<\/strong> i ett energisystem som dominseras av sol och vind har \u201cenorma f\u00f6rdelar\u201d. Det b\u00f6r inte investeras i nya fossila br\u00e4nsleprojekt, och inga ytterligare investeringar ska ske i kolanl\u00e4ggningar, och till 2035 ingen f\u00f6rs\u00e4ljning av nya bilar som k\u00f6rs p\u00e5 olja, s\u00e4ger IEA \u2013 ett organ som skapats f\u00f6r att s\u00e4kerst\u00e4lla oljef\u00f6rs\u00f6rjningen, och med stort inflytande p\u00e5 investeringar och aff\u00e4rsstrategier.<\/li>\n\n\n\n<li><strong>Finanssektorn har \u00e4ntligen b\u00f6rjat vakna upp,<\/strong> med n\u00e5gra av v\u00e4rldens st\u00f6rsta k\u00f6pare och tillg\u00e5ngs\u00e4gare som nu str\u00e4var efter att anpassa sina strategier till Parisavtalet, och globala toppinvesterare r\u00f6r sig nu bort fr\u00e5n relaterade risker i samband med fossila br\u00e4nslen, f\u00f6r att satsa p\u00e5 f\u00f6rnybar energi.<\/li>\n\n\n\n<li><strong>F\u00f6retags aff\u00e4rsstrategier b\u00f6rjar f\u00f6r\u00e4ndras,<\/strong> med bilf\u00f6retag som tillk\u00e4nnager utfasning av f\u00f6rbr\u00e4nningsmotorer, energif\u00f6retagens tidiga kolavveckling och oljegiganternas stora nedsk\u00e4rningar i sin olje- och gasproduktion.<\/li>\n\n\n\n<li><strong>M\u00e4nniskor och milj\u00f6organisationer vinner i domstolar:<\/strong> Klimatr\u00e4ttsfall ger r\u00e4ttvisa \u00e5t de som drabbas mest och allt fler domare och domstolar till\u00e4mpar lagen f\u00f6r att st\u00e4lla f\u00f6rorenare till svars. P\u00e5 bara tre \u00e5r har klimatr\u00e4ttsfallen n\u00e4sta f\u00f6rdubblats, och bara f\u00f6rra \u00e5ret utf\u00e4rdades ett o\u00f6vertr\u00e4ffat antal viktiga domar med potentiellt l\u00e5ngtg\u00e5ende konsekvenser, bland annat r\u00e4ttsfall mot Shell och tyska staten. Nu, mer \u00e4n n\u00e5gonsin, har klimatr\u00e4ttsfall blivit ett verkligt hot f\u00f6r eftersl\u00e4ntrande regeringar och stora f\u00f6rorenare.<\/li>\n\n\n\n<li><strong>Viktigast av allt: M\u00e4nniskor tvingar tillsammans fram r\u00e4ttvisa och handling.<\/strong> Under de senaste \u00e5ren har vi bevittnat en v\u00e4xande v\u00e5g av agerande fr\u00e5n medborgare, fr\u00e5n massdemonstrationer till klimatavtal och klimatr\u00e4ttsfall. Och det tvingar fram f\u00f6r\u00e4ndring. Nya klimatm\u00e5l har antagits, och en v\u00e5g av segrar i domstolar f\u00f6r\u00e4ndrar spelet.<\/li>\n<\/ul>\n\n<p><strong>Inget av detta r\u00e4cker. Inte ens i n\u00e4rheten.<\/strong> Men allt pekar p\u00e5 en ny m\u00f6jlighet f\u00f6r f\u00f6r\u00e4ndring. De flesta av dessa utvecklingar skulle ha ansetts om\u00f6jliga f\u00f6r bara n\u00e5gra \u00e5r sedan. Nu m\u00e5ste vi p\u00e5skynda och skala upp, med massivt offentligt tryck.<br><br><strong>Detta \u00e4r v\u00e5rt sanningens \u00f6gonblick. <\/strong>Stora f\u00f6rorenare m\u00e5ste sluta g\u00f6ra det b\u00e4ttre och b\u00f6rja g\u00f6ra tillr\u00e4ckligt. Det h\u00e4r \u00e4r \u00f6gonblicket att resa sig, vara dj\u00e4rv och t\u00e4nka stort. <strong>Och det finns en roll att spela f\u00f6r oss alla.&nbsp;<\/strong><\/p>\n","protected":false},"excerpt":{"rendered":"<p>IPCC-rapporten fr\u00e5n 2021 visar att livet p\u00e5 v\u00e5r planet kan f\u00f6r\u00e4ndras fr\u00e5n grunden om vi inte bromsar den globala uppv\u00e4rmningen. L\u00e4s sammanfattningen!<\/p>\n","protected":false},"author":41,"featured_media":48200,"comment_status":"open","ping_status":"open","sticky":false,"template":"","format":"standard","meta":{"ep_exclude_from_search":false,"p4_og_title":"","p4_og_description":"","p4_og_image":"","p4_og_image_id":"","p4_seo_canonical_url":"","p4_campaign_name":"not set","p4_local_project":"not set","p4_basket_name":"not set","p4_department":"","footnotes":""},"categories":[2],"tags":[23,48],"p4-page-type":[16],"class_list":["post-48218","post","type-post","status-publish","format-standard","has-post-thumbnail","hentry","category-klimat","tag-globaluppvarmning","tag-ipcc","p4-page-type-artiklar"],"_links":{"self":[{"href":"https:\/\/www.greenpeace.org\/sweden\/wp-json\/wp\/v2\/posts\/48218","targetHints":{"allow":["GET"]}}],"collection":[{"href":"https:\/\/www.greenpeace.org\/sweden\/wp-json\/wp\/v2\/posts"}],"about":[{"href":"https:\/\/www.greenpeace.org\/sweden\/wp-json\/wp\/v2\/types\/post"}],"author":[{"embeddable":true,"href":"https:\/\/www.greenpeace.org\/sweden\/wp-json\/wp\/v2\/users\/41"}],"replies":[{"embeddable":true,"href":"https:\/\/www.greenpeace.org\/sweden\/wp-json\/wp\/v2\/comments?post=48218"}],"version-history":[{"count":16,"href":"https:\/\/www.greenpeace.org\/sweden\/wp-json\/wp\/v2\/posts\/48218\/revisions"}],"predecessor-version":[{"id":54509,"href":"https:\/\/www.greenpeace.org\/sweden\/wp-json\/wp\/v2\/posts\/48218\/revisions\/54509"}],"wp:featuredmedia":[{"embeddable":true,"href":"https:\/\/www.greenpeace.org\/sweden\/wp-json\/wp\/v2\/media\/48200"}],"wp:attachment":[{"href":"https:\/\/www.greenpeace.org\/sweden\/wp-json\/wp\/v2\/media?parent=48218"}],"wp:term":[{"taxonomy":"category","embeddable":true,"href":"https:\/\/www.greenpeace.org\/sweden\/wp-json\/wp\/v2\/categories?post=48218"},{"taxonomy":"post_tag","embeddable":true,"href":"https:\/\/www.greenpeace.org\/sweden\/wp-json\/wp\/v2\/tags?post=48218"},{"taxonomy":"p4-page-type","embeddable":true,"href":"https:\/\/www.greenpeace.org\/sweden\/wp-json\/wp\/v2\/p4-page-type?post=48218"}],"curies":[{"name":"wp","href":"https:\/\/api.w.org\/{rel}","templated":true}]}}