{"id":48303,"date":"2021-08-20T11:04:50","date_gmt":"2021-08-20T10:04:50","guid":{"rendered":"https:\/\/www.greenpeace.org\/sweden\/?p=48303"},"modified":"2023-02-17T10:38:44","modified_gmt":"2023-02-17T09:38:44","slug":"gronland-stoppar-all-oljeutvinning-avgorande-framsteg-i-en-tid-av-akut-klimatkris","status":"publish","type":"post","link":"https:\/\/www.greenpeace.org\/sweden\/artiklar\/hav\/gronland-stoppar-all-oljeutvinning-avgorande-framsteg-i-en-tid-av-akut-klimatkris\/","title":{"rendered":"Gr\u00f6nland stoppar all ny oljeutvinning &#8211; avg\u00f6rande framsteg i en tid av akut klimatkris"},"content":{"rendered":"\n<figure class=\"wp-block-image size-large\"><img loading=\"lazy\" decoding=\"async\" width=\"1024\" height=\"683\" src=\"https:\/\/www.greenpeace.org\/static\/planet4-sweden-stateless\/2021\/08\/589ddd32-win_greenland_macro-1024x683.jpg\" alt=\"\" class=\"wp-image-48337\" srcset=\"https:\/\/www.greenpeace.org\/static\/planet4-sweden-stateless\/2021\/08\/589ddd32-win_greenland_macro-1024x683.jpg 1024w, https:\/\/www.greenpeace.org\/static\/planet4-sweden-stateless\/2021\/08\/589ddd32-win_greenland_macro-300x200.jpg 300w, https:\/\/www.greenpeace.org\/static\/planet4-sweden-stateless\/2021\/08\/589ddd32-win_greenland_macro-768x512.jpg 768w, https:\/\/www.greenpeace.org\/static\/planet4-sweden-stateless\/2021\/08\/589ddd32-win_greenland_macro-510x340.jpg 510w, https:\/\/www.greenpeace.org\/static\/planet4-sweden-stateless\/2021\/08\/589ddd32-win_greenland_macro.jpg 1200w\" sizes=\"auto, (max-width: 1024px) 100vw, 1024px\" \/><\/figure>\n\n<h3 class=\"wp-block-heading\"><strong>Juli 2021:<\/strong> Den nyligen tillsatta gr\u00f6nl\u00e4ndska regeringen meddelar att man stoppar all ny oljeutvinning, detta trots att isens tillbakadragande avt\u00e4ckt omr\u00e5den med stor potential f\u00f6r b\u00e5de olja och mineralresurser. Anledningen? Regeringen meddelar att de tar klimatkrisen p\u00e5 allvar, <a href=\"https:\/\/www.euronews.com\/2021\/07\/16\/greenland-to-halt-all-oil-exploration-as-it-takes-climate-change-seriously\">\u201cframtiden inte \u00e4r olja, utan f\u00f6rnybara energik\u00e4llor\u201d<\/a>.<\/h3>\n\n<p>Det h\u00e4r historiska tillk\u00e4nnagivandet, d\u00e4r Gr\u00f6nland nu anslutit sig till l\u00e4nder som Belize, Frankrike, Danmark, Nya Zeeland och flera som alla redan antagit liknande f\u00f6rbud, har dock inte kommit l\u00e4ttvindigt.<\/p>\n\n<h2 class=\"wp-block-heading\"><strong>Greenpeace arbete i Gr\u00f6nland<\/strong><\/h2>\n\n<p>Greenpeace har kampanjat i \u00e5rtionden f\u00f6r att skydda den gr\u00f6nl\u00e4ndska naturen och stoppa den f\u00f6r\u00f6dande oljeutvinningen i Arktis. Under 2010 och 2011 var skeppet Esperanza, tillsammans med aktivister fr\u00e5n Greenpeace, p\u00e5 plats f\u00f6r att protestera mot Cairn Energys oljeborrning utanf\u00f6r Gr\u00f6nlands v\u00e4stkust.&nbsp;<\/p>\n\n<figure class=\"wp-block-image size-large\"><img loading=\"lazy\" decoding=\"async\" width=\"800\" height=\"533\" src=\"https:\/\/www.greenpeace.org\/static\/planet4-sweden-stateless\/2021\/08\/dacc81fb-protest_greenpeace_greenland_leiv-eriksson-oil-rig.jpeg\" alt=\"\" class=\"wp-image-48315\" srcset=\"https:\/\/www.greenpeace.org\/static\/planet4-sweden-stateless\/2021\/08\/dacc81fb-protest_greenpeace_greenland_leiv-eriksson-oil-rig.jpeg 800w, https:\/\/www.greenpeace.org\/static\/planet4-sweden-stateless\/2021\/08\/dacc81fb-protest_greenpeace_greenland_leiv-eriksson-oil-rig-300x200.jpeg 300w, https:\/\/www.greenpeace.org\/static\/planet4-sweden-stateless\/2021\/08\/dacc81fb-protest_greenpeace_greenland_leiv-eriksson-oil-rig-768x512.jpeg 768w, https:\/\/www.greenpeace.org\/static\/planet4-sweden-stateless\/2021\/08\/dacc81fb-protest_greenpeace_greenland_leiv-eriksson-oil-rig-510x340.jpeg 510w\" sizes=\"auto, (max-width: 800px) 100vw, 800px\" \/><figcaption class=\"wp-element-caption\"><br>Aktivister fr\u00e5n Greenpeace kl\u00e4ttrar uppf\u00f6r stegen p\u00e5 oljeriggen Leiv Eiriksson med 53 000 ton olja, under protesten 2011. \u00a9 Steve Morgan \/ Greenpeace<\/figcaption><\/figure>\n\n<p>Under 2015 var vi \u00e4ven p\u00e5 plats f\u00f6r att dokumentera och protestera mot <a href=\"https:\/\/www.youtube.com\/watch?v=IK4O8FLv8dY\">seismiska tester <\/a>f\u00f6r att leta efter olja med ljudbombningar till havs i de karga delarna av Nord\u00f6stra Gr\u00f6nland.<\/p>\n\n<figure class=\"wp-block-image size-large\"><img loading=\"lazy\" decoding=\"async\" width=\"800\" height=\"534\" src=\"https:\/\/www.greenpeace.org\/static\/planet4-sweden-stateless\/2021\/08\/3a6bc680-stop-seismic-blasting_activists_greenpeace_greenland_arctic.jpeg\" alt=\"\" class=\"wp-image-48317\" srcset=\"https:\/\/www.greenpeace.org\/static\/planet4-sweden-stateless\/2021\/08\/3a6bc680-stop-seismic-blasting_activists_greenpeace_greenland_arctic.jpeg 800w, https:\/\/www.greenpeace.org\/static\/planet4-sweden-stateless\/2021\/08\/3a6bc680-stop-seismic-blasting_activists_greenpeace_greenland_arctic-300x200.jpeg 300w, https:\/\/www.greenpeace.org\/static\/planet4-sweden-stateless\/2021\/08\/3a6bc680-stop-seismic-blasting_activists_greenpeace_greenland_arctic-768x513.jpeg 768w, https:\/\/www.greenpeace.org\/static\/planet4-sweden-stateless\/2021\/08\/3a6bc680-stop-seismic-blasting_activists_greenpeace_greenland_arctic-510x340.jpeg 510w\" sizes=\"auto, (max-width: 800px) 100vw, 800px\" \/><figcaption class=\"wp-element-caption\">Bes\u00e4ttningsmedlemmar fr\u00e5n Arctic Sunrise p\u00e5 arktiska isflak, nordv\u00e4stra kusten utanf\u00f6r Gr\u00f6nland, h\u00e5ller upp plakat som lyder: &#8217;Below the Surface&#8217;, &#8217;Deafening Blasting every 10 sec&#8217;, &#8217;Stop Seismic Blasting&#8217;, och &#8217;Save the Arctic&#8217;. Personer i bild: Martina Deplano (Italien), Shea Wilcox (Australien), Elmer Vestidas (Filippinerna), Fernanda Arduino (Argentina). \u00a9 Christian \u00c5slund \/ Greenpeace<\/figcaption><\/figure>\n\n<figure class=\"wp-block-image size-large\"><img loading=\"lazy\" decoding=\"async\" width=\"800\" height=\"534\" src=\"https:\/\/www.greenpeace.org\/static\/planet4-sweden-stateless\/2021\/08\/4d11543c-seismic-blasting-greenland.jpeg\" alt=\"\" class=\"wp-image-48318\" srcset=\"https:\/\/www.greenpeace.org\/static\/planet4-sweden-stateless\/2021\/08\/4d11543c-seismic-blasting-greenland.jpeg 800w, https:\/\/www.greenpeace.org\/static\/planet4-sweden-stateless\/2021\/08\/4d11543c-seismic-blasting-greenland-300x200.jpeg 300w, https:\/\/www.greenpeace.org\/static\/planet4-sweden-stateless\/2021\/08\/4d11543c-seismic-blasting-greenland-768x513.jpeg 768w, https:\/\/www.greenpeace.org\/static\/planet4-sweden-stateless\/2021\/08\/4d11543c-seismic-blasting-greenland-510x340.jpeg 510w\" sizes=\"auto, (max-width: 800px) 100vw, 800px\" \/><figcaption class=\"wp-element-caption\"><br>2015: Fartyget M\/V Shatskiy, fr\u00e5n det norska f\u00f6retaget TGS Nopec utf\u00f6r seismiska tester i jakt p\u00e5 oljereserver. Ovanf\u00f6r ytan kan ljudet uppfattas av oss m\u00e4nniskor som ungef\u00e4r \u00e5tta g\u00e5nger h\u00f6gre \u00e4n ett jetplan vid start. Dessa extrema ljudbombningar kan avsev\u00e4rt skada valar och annat marint liv i Arktis.&nbsp;\u00a9 Christian \u00c5slund \/ Greenpeace<\/figcaption><\/figure>\n\n<p>V\u00e5ra aktioner p\u00e5 Gr\u00f6nland under 2011 ledde bland annat till att v\u00e5r d\u00e5varande generalsekreterare Kumi Naidoo, och Paul Simonon, tidigare basist i The Clash, tillbringade veckor i gr\u00f6nl\u00e4ndskt f\u00e4ngelse, efter protester vid den massiva oljeriggen Leiv Eriksson.&nbsp;<\/p>\n\n<p>Tillsammans med 16 andra aktivister blev de en del av gruppen som kom att kallas \u201cArctic 18\u201d, som alla fick tillbringa tid i gr\u00f6nl\u00e4ndsk f\u00e4ngelse. En grupp som kan ses som f\u00f6reg\u00e5ngare till de historiska \u201cArctic 30\u201d: 30 aktivister som f\u00e4ngslades av den ryska staten f\u00f6r att ha protesterat mot oljeborrning i den ryska delen av Barents hav i Arktis.<\/p>\n\n<p>N\u00e4r vi inte varit till havs if\u00f6rda v\u00e5tdr\u00e4kter och med banderoller har vi p\u00e5 Greenpeace bes\u00f6kt st\u00e4der runt om p\u00e5 Gr\u00f6nland f\u00f6r att debattera oljeborrning och klimatf\u00f6r\u00e4ndringar, producerat rapporter som lyfter h\u00e5llbara alternativ, skrivit debattartiklar och gett intervjuer till media.<\/p>\n\n<h2 class=\"wp-block-heading\">2021: <strong>Gr\u00f6nland stoppar ny oljeutvinning<\/strong><\/h2>\n\n<p><strong>Och i juli 2021<\/strong> kom den fantastiska nyheten att det h\u00e5rda arbetet, som p\u00e5g\u00e5tt i \u00e5ratal, gett framg\u00e5ng: Den gr\u00f6nl\u00e4ndska regeringen stoppar nu all oljeutvinning, med beskedet fr\u00e5n Gr\u00f6nlands mineralminister: <a href=\"https:\/\/sverigesradio.se\/artikel\/gronland-stoppar-oljeutvinning\">\u201cDet \u00e4r pass\u00e9 att leta efter olja eller gas i Arktis\u201d<\/a>.<\/p>\n\n<p>Vi p\u00e5 Greenpeace ser v\u00e4ldigt positivt p\u00e5 att regeringen i Gr\u00f6nland angett klimatkrisen, och det \u00f6kande hotet mot den s\u00e5rbara arktiska naturen, som anledningar bakom beslutet.<\/p>\n\n<p>Sj\u00e4lvklart spelar b\u00e5de ekonomiska och marknadsm\u00e4ssiga intressen en viktig roll. Trots \u00f6kade desperata \u00e5tg\u00e4rder f\u00f6r att f\u00e5 oljebolagen att forts\u00e4tta oljeutvinningen, genom att bland annat erbjudna skattel\u00e4ttnader, har oljeutvinningen i de gr\u00f6nl\u00e4ndska delarna av Arktis avstannat p\u00e5 senare \u00e5r. Endast ett f\u00e5tal licenser f\u00f6r att f\u00e5 utvinna olja har kvarst\u00e5tt &#8211; tre vid kusten och en l\u00e4ngre ut. M\u00e5nga av de \u00f6vriga oljelienserna har l\u00e4mnats tillbaka av oljebolagen sj\u00e4lva, av ekonomiska sk\u00e4l och p\u00e5 grund av risker f\u00f6r d\u00e5lig publicitet.<\/p>\n\n<p>Detta har dock enbart varit en formalitet. F\u00f6r m\u00e5nga p\u00e5 Gr\u00f6nland har olje- och gasutvinningen i Arktis setts som v\u00e4gen till ekonomiskt oberoende fr\u00e5n den danska staten. Med detta i \u00e5tanke ser vi p\u00e5 Greenpeace att beslutet som nu fattats av den gr\u00f6nl\u00e4ndska regeringen \u00e4r b\u00e5de modigt, men ocks\u00e5 p\u00e5 tiden.&nbsp;<\/p>\n\n<p>\u2013 Det h\u00e4r \u00e4r extremt goda nyheter och precis det vi p\u00e5 Greenpeace har kampanjat f\u00f6r i alla \u00e5r. Det h\u00e4r \u00e4r en framg\u00e5ng som l\u00e5ser kvar de fossila br\u00e4nslena i marken, d\u00e4r de h\u00f6r hemma, Sune Scheller, kampanjledare, Greenpeace Danmark.<\/p>\n\n<h2 class=\"wp-block-heading\">Mot en framtid utan olja<\/h2>\n\n<p>Beslutet fr\u00e5n den gr\u00f6nl\u00e4ndska regeringen om att inte forts\u00e4tta s\u00f6ka efter olja \u00e4r ocks\u00e5 en oerh\u00f6rt viktig signal till resten av v\u00e4rlden.<\/p>\n\n<figure class=\"wp-block-image size-large\"><img loading=\"lazy\" decoding=\"async\" width=\"800\" height=\"534\" src=\"https:\/\/www.greenpeace.org\/static\/planet4-sweden-stateless\/2021\/08\/e4b8784b-gp0stpasa_web_size.jpeg\" alt=\"\" class=\"wp-image-48319\" srcset=\"https:\/\/www.greenpeace.org\/static\/planet4-sweden-stateless\/2021\/08\/e4b8784b-gp0stpasa_web_size.jpeg 800w, https:\/\/www.greenpeace.org\/static\/planet4-sweden-stateless\/2021\/08\/e4b8784b-gp0stpasa_web_size-300x200.jpeg 300w, https:\/\/www.greenpeace.org\/static\/planet4-sweden-stateless\/2021\/08\/e4b8784b-gp0stpasa_web_size-768x513.jpeg 768w, https:\/\/www.greenpeace.org\/static\/planet4-sweden-stateless\/2021\/08\/e4b8784b-gp0stpasa_web_size-510x340.jpeg 510w\" sizes=\"auto, (max-width: 800px) 100vw, 800px\" \/><figcaption class=\"wp-element-caption\">Sune Scheller, kampanjledare Greenpeace Danmark, dokumenterar p\u00e5g\u00e5ende seismiska ljudbombningar under en Greenpeace-expedition i Arktis, 2015. \u00a9 Christian \u00c5slund \/ Greenpeace<\/figcaption><\/figure>\n\n<p>\u2013 L\u00e4nder som Storbritannien till exempel, vilka stolt kallar sig sj\u00e4lva f\u00f6r en gr\u00f6n nation, samtidigt som man forts\u00e4tter pumpa upp och producera olja. Ett s\u00e5dant h\u00e4r beslut fr\u00e5n Gr\u00f6nland kan f\u00f6rhoppningsvis s\u00e4tta press p\u00e5 s\u00e5dana som dem.<\/p>\n\n<h2 class=\"wp-block-heading\">Greenpeace forts\u00e4tter k\u00e4mpa f\u00f6r Arktis<\/h2>\n\n<p>\u00c4ven om denna seger \u00e4r ett viktigt framsteg i kampen f\u00f6r att skydda Arktis, och p\u00e5 v\u00e4gen mot en framtid utan olja, s\u00e5 \u00e4r inte arbetet \u00f6ver. Just nu driver vi bland annat en kampanj tillsammans med 6 unga norska klimataktivister, d\u00e4r vi anm\u00e4lt norska staten till Europadomstolen i Strasbourg f\u00f6r att&nbsp;<strong>stoppa ny oljeborrning i norska Arktis.<\/strong><\/p>\n\n<p>\u00d6ver hela v\u00e4rlden ser vi hur engagerade medborgare st\u00e5r upp mot fossilindustrin och via r\u00e4ttslig v\u00e4g kr\u00e4ver att dessa f\u00f6retagsj\u00e4ttar och l\u00e4nder sj\u00e4lva tar ansvar f\u00f6r att begr\u00e4nsa klimatkrisen. Och vi har sett att det fungerar. I v\u00e5ras slog en nederl\u00e4ndsk domstol fast att Shell h\u00e5lls ansvariga f\u00f6r sin p\u00e5verkan p\u00e5 klimatf\u00f6r\u00e4ndringarna, och de blev tvingade att s\u00e4nka sina utsl\u00e4pp. Likas\u00e5 i Tyskland, d\u00e4r milj\u00f6r\u00f6relsen vann en viktig seger d\u00e5 det fastslogs att den tyska klimatklagen \u00e4r bristf\u00e4llig och nu m\u00e5ste stramas \u00e5t f\u00f6r att vara i linje med Parisavtalet.<\/p>\n\n<h2 class=\"wp-block-heading\">People vs Oil &#8211; var med<\/h2>\n\n<p>Vi befinner oss just nu i en kritisk punkt i historien. Besluten vi fattar kommer att avg\u00f6ra framtiden f\u00f6r planeten och framtida generationer. Och det \u00e4r nu vi har m\u00f6jlighet att se till att vi hamnar p\u00e5 r\u00e4tt sida av historien. F\u00f6r\u00e4ndring \u00e4r m\u00f6jlig, och&nbsp;<strong>din r\u00f6st beh\u00f6vs.<\/strong><\/p>\n\n<p>M\u00e4nniskor som DU kan f\u00e5 politiker och f\u00f6retag att agera. Du kan vara med och visa att vi \u00e4r m\u00e5nga som v\u00e4ljer liv och en h\u00e4lsosam planet framf\u00f6r olja. St\u00e5 samman med oss och de modiga klimataktivisterna \u2013 och hj\u00e4lp oss ge tyngd \u00e5t deras budskap:&nbsp;<strong><a href=\"https:\/\/www.greenpeace.org\/sweden\/agera\/skydda-arktis-lat-oljan-ligga\/\" target=\"_blank\" rel=\"noreferrer noopener\">Ja till ett oljefritt Arktis!&nbsp;<\/a><\/strong><\/p>\n\n<div class=\"wp-block-buttons is-layout-flex wp-block-buttons-is-layout-flex\">\n<div class=\"wp-block-button is-style-donate\"><a class=\"wp-block-button__link wp-element-button\" href=\"https:\/\/www.greenpeace.org\/sweden\/agera\/skydda-arktis-lat-oljan-ligga\/\" target=\"_blank\" rel=\"noreferrer noopener\">G\u00d6R DIN R\u00d6ST H\u00d6RD<\/a><\/div>\n<\/div>\n\t\t\t<section\n\t\t\tclass=\"boxout post-47765 \"\n\t\t\t\n\t\t>\n\t\t\t<a\n\t\t\t\tdata-ga-category=\"Take Action Boxout\"\n\t\t\t\tdata-ga-action=\"Image\"\n\t\t\t\tdata-ga-label=\"n\/a\"\n\t\t\t\tclass=\"cover-card-overlay\"\n\t\t\t\thref=\"https:\/\/www.greenpeace.org\/sweden\/agera\/skydda-arktis-lat-oljan-ligga\/\" \n\t\t\t><\/a>\n\t\t\t\t\t\t\t<img\n\t\t\t\t\t\tsrc=\"https:\/\/www.greenpeace.org\/static\/planet4-sweden-stateless\/2021\/06\/2d8a4506-outlaw_split_quote-oil_platform.jpg\"\n\t\t\t\t\t\tsrcset=\"https:\/\/www.greenpeace.org\/static\/planet4-sweden-stateless\/2021\/06\/2d8a4506-outlaw_split_quote-oil_platform-300x167.jpg 300w, https:\/\/www.greenpeace.org\/static\/planet4-sweden-stateless\/2021\/06\/2d8a4506-outlaw_split_quote-oil_platform-768x427.jpg 768w, https:\/\/www.greenpeace.org\/static\/planet4-sweden-stateless\/2021\/06\/2d8a4506-outlaw_split_quote-oil_platform-510x283.jpg 510w, https:\/\/www.greenpeace.org\/static\/planet4-sweden-stateless\/2021\/06\/2d8a4506-outlaw_split_quote-oil_platform.jpg 900w\"\n\t\t\t\t\t\tsizes=\"(min-width: 1000px) 358px, (min-width: 780px) 313px, 88px\"\n\t\t\t\t\t\talt=\"Skydda Arktis, l\u00e5t oljan ligga!\" title=\"Skydda Arktis, l\u00e5t oljan ligga!\"\n\t\t\t\t\/>\n            \t\t\t<div class=\"boxout-content\">\n\t\t\t\t\t\t\t\t\t<a\n\t\t\t\t\t\tclass=\"boxout-heading medium\"\n\t\t\t\t\t\tdata-ga-category=\"Take Action Boxout\"\n\t\t\t\t\t\tdata-ga-action=\"Title\"\n\t\t\t\t\t\tdata-ga-label=\"n\/a\"\n\t\t\t\t\t\thref=\"https:\/\/www.greenpeace.org\/sweden\/agera\/skydda-arktis-lat-oljan-ligga\/\"\n\t\t\t\t\t\t\n\t\t\t\t\t>\n\t\t\t\t\t\tSkydda Arktis, l\u00e5t oljan ligga!\n\t\t\t\t\t<\/a>\n\t\t\t\t\t\t\t\t\t\t\t\t\t<p class=\"boxout-excerpt\">Mitt i en klimatkris v\u00e4ljer den norska regeringen att \u00f6ppna nya omr\u00e5den i Arktis f\u00f6r oljeindustrin. Vi kan inte l\u00e5ta det h\u00e4r h\u00e4nda. St\u00f6d de ungas anm\u00e4lan till EU-domstolen: Ja till ett oljefritt Arktis!<\/p>\n\t\t\t\t                                    <a\n                        class=\"btn btn-primary\"\n                        data-ga-category=\"Take Action Boxout\"\n                        data-ga-action=\"Call to Action\"\n                        data-ga-label=\"n\/a\"\n                        href=\"https:\/\/www.greenpeace.org\/sweden\/agera\/skydda-arktis-lat-oljan-ligga\/\"\n                        \n                    >\n                        Engagera dig\n                    <\/a>\n                \t\t\t<\/div>\n\t\t\t\t\t<\/section>\n\t","protected":false},"excerpt":{"rendered":"<p>Det h\u00e4r historiska tillk\u00e4nnagivandet, d\u00e4r Gr\u00f6nland nu anslutit sig till l\u00e4nder som Belize, Frankrike, Danmark, Nya Zeeland och flera som alla redan antagit liknande f\u00f6rbud, har dock inte kommit l\u00e4ttvindigt.<\/p>\n","protected":false},"author":35,"featured_media":48321,"comment_status":"closed","ping_status":"open","sticky":false,"template":"","format":"standard","meta":{"ep_exclude_from_search":false,"p4_og_title":"","p4_og_description":"","p4_og_image":"","p4_og_image_id":"","p4_seo_canonical_url":"","p4_campaign_name":"not set","p4_local_project":"not set","p4_basket_name":"not set","p4_department":"","footnotes":""},"categories":[3],"tags":[46,24,49,31,68],"p4-page-type":[16],"class_list":["post-48303","post","type-post","status-publish","format-standard","has-post-thumbnail","hentry","category-hav","tag-skyddaarktis","tag-fossilenergi","tag-olja","tag-aktivism","tag-segrar","p4-page-type-artiklar"],"_links":{"self":[{"href":"https:\/\/www.greenpeace.org\/sweden\/wp-json\/wp\/v2\/posts\/48303","targetHints":{"allow":["GET"]}}],"collection":[{"href":"https:\/\/www.greenpeace.org\/sweden\/wp-json\/wp\/v2\/posts"}],"about":[{"href":"https:\/\/www.greenpeace.org\/sweden\/wp-json\/wp\/v2\/types\/post"}],"author":[{"embeddable":true,"href":"https:\/\/www.greenpeace.org\/sweden\/wp-json\/wp\/v2\/users\/35"}],"replies":[{"embeddable":true,"href":"https:\/\/www.greenpeace.org\/sweden\/wp-json\/wp\/v2\/comments?post=48303"}],"version-history":[{"count":16,"href":"https:\/\/www.greenpeace.org\/sweden\/wp-json\/wp\/v2\/posts\/48303\/revisions"}],"predecessor-version":[{"id":54441,"href":"https:\/\/www.greenpeace.org\/sweden\/wp-json\/wp\/v2\/posts\/48303\/revisions\/54441"}],"wp:featuredmedia":[{"embeddable":true,"href":"https:\/\/www.greenpeace.org\/sweden\/wp-json\/wp\/v2\/media\/48321"}],"wp:attachment":[{"href":"https:\/\/www.greenpeace.org\/sweden\/wp-json\/wp\/v2\/media?parent=48303"}],"wp:term":[{"taxonomy":"category","embeddable":true,"href":"https:\/\/www.greenpeace.org\/sweden\/wp-json\/wp\/v2\/categories?post=48303"},{"taxonomy":"post_tag","embeddable":true,"href":"https:\/\/www.greenpeace.org\/sweden\/wp-json\/wp\/v2\/tags?post=48303"},{"taxonomy":"p4-page-type","embeddable":true,"href":"https:\/\/www.greenpeace.org\/sweden\/wp-json\/wp\/v2\/p4-page-type?post=48303"}],"curies":[{"name":"wp","href":"https:\/\/api.w.org\/{rel}","templated":true}]}}