{"id":48349,"date":"2021-08-24T08:17:59","date_gmt":"2021-08-24T07:17:59","guid":{"rendered":"https:\/\/www.greenpeace.org\/sweden\/?p=48349"},"modified":"2025-07-02T08:32:30","modified_gmt":"2025-07-02T07:32:30","slug":"katastrofbrander-i-sibirien-roken-nar-nu-nordpolen","status":"publish","type":"post","link":"https:\/\/www.greenpeace.org\/sweden\/artiklar\/klimat\/katastrofbrander-i-sibirien-roken-nar-nu-nordpolen\/","title":{"rendered":"Katastrofbr\u00e4nder i Sibirien &#8211; r\u00f6ken n\u00e5r nu Nordpolen"},"content":{"rendered":"\n<figure class=\"wp-block-image size-large\"><img loading=\"lazy\" decoding=\"async\" width=\"800\" height=\"449\" src=\"https:\/\/www.greenpeace.org\/static\/planet4-sweden-stateless\/2021\/08\/9df6aa64-sibirien_skogsbrand_greenpeace.jpg\" alt=\"\" class=\"wp-image-48350\" srcset=\"https:\/\/www.greenpeace.org\/static\/planet4-sweden-stateless\/2021\/08\/9df6aa64-sibirien_skogsbrand_greenpeace.jpg 800w, https:\/\/www.greenpeace.org\/static\/planet4-sweden-stateless\/2021\/08\/9df6aa64-sibirien_skogsbrand_greenpeace-300x168.jpg 300w, https:\/\/www.greenpeace.org\/static\/planet4-sweden-stateless\/2021\/08\/9df6aa64-sibirien_skogsbrand_greenpeace-768x431.jpg 768w, https:\/\/www.greenpeace.org\/static\/planet4-sweden-stateless\/2021\/08\/9df6aa64-sibirien_skogsbrand_greenpeace-510x286.jpg 510w\" sizes=\"auto, (max-width: 800px) 100vw, 800px\" \/><\/figure>\n\n<h4 class=\"wp-block-heading\">Katastrofala br\u00e4nder har pl\u00e5gat stora delar av \u00f6stra Ryssland de senaste veckorna och sibiriska Jakutien har drabbats allra h\u00e5rdast. <strong>Ryssland har upplevt ett \u00f6kande antal skogsbr\u00e4nder orsakade av rekordh\u00f6ga sommartemperaturer och historisk torka under flera \u00e5r, men 2021 \u00e4r \u00e5ret d\u00e5 alla tidigare rekord sl\u00e5s.<\/strong> Norra Sibirien, liksom det kanadensiska Arktis, <a href=\"https:\/\/www.theguardian.com\/us-news\/ng-interactive\/2020\/oct\/13\/arctic-ice-melting-climate-change-global-warming\">v\u00e4rms nu upp tre g\u00e5nger snabbare \u00e4n resten av jordklotet enligt forskare. <\/a>\u00d6ver 300 br\u00e4nder \u00e4r fortfarande aktiva i vad som tidigare var de kallaste platserna p\u00e5 jordklotet.<\/h4>\n\n<p><\/p>\n\n<p><strong>Br\u00e4nderna i de sibiriska skogarna <\/strong><strong>ber\u00e4knas vara st\u00f6rre \u00e4n samtliga av de br\u00e4nder som brett ut sig i Grekland, Turkiet, Kanada och USA denna sommar tillsammans.<\/strong> Den 17 augusti uppgick det brandh\u00e4rjade omr\u00e5det till hela 17 miljoner hektar &#8211; en yta n\u00e4stan dubbelt s\u00e5 stor som Portugal &#8211; och det forts\u00e4tter att v\u00e4xa.&nbsp;<\/p>\n\n<figure class=\"wp-block-embed is-type-rich is-provider-twitter wp-block-embed-twitter\"><div class=\"wp-block-embed__wrapper\">\n<blockquote class=\"twitter-tweet\" data-width=\"500\" data-dnt=\"true\"><p lang=\"en\" dir=\"ltr\">Wow! Wild fires in Siberia, are bigger than all other world wild fires combined. They are burning Boreal forest peat land overlying   thawing permafrost. The long feared Arctic carbon bomb is exploding. <a href=\"https:\/\/t.co\/e3l5C9zq98\">pic.twitter.com\/e3l5C9zq98<\/a><\/p>&mdash; Peter D Carter (@PCarterClimate) <a href=\"https:\/\/twitter.com\/PCarterClimate\/status\/1427499073234341889?ref_src=twsrc%5Etfw\">August 17, 2021<\/a><\/blockquote><script async src=\"https:\/\/platform.twitter.com\/widgets.js\" charset=\"utf-8\"><\/script>\n<\/div><\/figure>\n\n<p>R\u00f6ken fr\u00e5n de massiva br\u00e4nderna i Sibirien har f\u00f6r f\u00f6rsta g\u00e5ng n\u00e5gonsin n\u00e5tt Nordpolen enligt Nasa. Br\u00e4nderna var s\u00e5 extrema att r\u00f6k spred sig till avl\u00e4gsna platser som Mongoliet, Kanada och Gr\u00f6nland. Beh\u00f6ver vi ytterligare bevis p\u00e5 att klimatkrisen inte respekterar n\u00e5gra landsgr\u00e4nser?<\/p>\n\n<figure class=\"wp-block-embed is-type-rich is-provider-twitter wp-block-embed-twitter\"><div class=\"wp-block-embed__wrapper\">\n<blockquote class=\"twitter-tweet\" data-width=\"500\" data-dnt=\"true\"><p lang=\"en\" dir=\"ltr\">Smoke from wildfires in Siberia reached the North Pole for the first time in recorded history, says NASA.<br><br>The fires have burned 21 million acres (about the size of Serbia) in Russia&#39;s coldest region this year. Smoke covered most of the country earlier this month.<br><br>\ud83d\udcf7: NASA <a href=\"https:\/\/t.co\/3b6IYcYtqZ\">pic.twitter.com\/3b6IYcYtqZ<\/a><\/p>&mdash; AJ+ (@ajplus) <a href=\"https:\/\/twitter.com\/ajplus\/status\/1425147683098947584?ref_src=twsrc%5Etfw\">August 10, 2021<\/a><\/blockquote><script async src=\"https:\/\/platform.twitter.com\/widgets.js\" charset=\"utf-8\"><\/script>\n<\/div><\/figure>\n\n<p><strong>Hela st\u00e4der har b\u00e4ddats in i r\u00f6k. V\u00e4gar och flygplatser i Ryssland har tvingats st\u00e4ngas och tusentals m\u00e4nniskor har evakuerats. <\/strong><a href=\"https:\/\/www.svt.se\/nyheter\/utrikes\/nasa-roken-fran-sibirien-har-natt-nordpolen\"><strong>Satellitbilder har slagit fast <\/strong><\/a><strong>att st\u00f6rre delen av Ryssland t\u00e4cks av r\u00f6ken<\/strong><strong>.<\/strong><\/p>\n\n<p><strong>&nbsp;<\/strong>Enligt forskare vid Harvard som studerat de omr\u00e5den som drabbades h\u00e5rdast av br\u00e4nderna i v\u00e4stra USA 2020 \u00e4r kombinationen av brandr\u00f6k och Covid-19 v\u00e4ldigt farlig. <a href=\"https:\/\/www.greenpeace.org\/international\/story\/43771\/its-time-to-say-goodbye-air-pollution\/\">Mer och mer bevis<\/a> pekar p\u00e5 att luftf\u00f6roreningar fr\u00e5n bilar, fossila br\u00e4nslen och br\u00e4nder negativt p\u00e5verkar kroppens f\u00f6rm\u00e5ga att st\u00e5 emot luftburna virus, och de som insjuknar blir \u00e4nnu sjukare.&nbsp;<\/p>\n\n<p><strong>Greenpeace i Ryssland har g\u00e5tt samman med frivilliga brandm\u00e4n, lokala myndigheter och inv\u00e5nare f\u00f6r att bek\u00e4mpa br\u00e4nder.<\/strong> Och behovet av brandbek\u00e4mpning \u00e4r enormt.&nbsp;I flera ryska st\u00e4der har politiker varit desperata i jakten p\u00e5 fler volont\u00e4rer och finansiella resurser f\u00f6r att bek\u00e4mpa alla br\u00e4nder.&nbsp;<\/p>\n\n<p>\u201cI flera \u00e5r har politiker sagt att br\u00e4nderna \u00e4r normala, att taigan alltid brinner och att det inte finns anledning till oro. M\u00e4nniskor har vant sig vid att h\u00f6ra detta\u201d, s\u00e4ger en talesperson f\u00f6r Greenpeace i Ryssland.\u00a0<\/p>\n\n<figure class=\"wp-block-image size-large\"><img loading=\"lazy\" decoding=\"async\" width=\"800\" height=\"533\" src=\"https:\/\/www.greenpeace.org\/static\/planet4-sweden-stateless\/2021\/08\/393c45e2-greenpeace_brandma\u0308n_klimatkris.jpg\" alt=\"\" class=\"wp-image-48351\" srcset=\"https:\/\/www.greenpeace.org\/static\/planet4-sweden-stateless\/2021\/08\/393c45e2-greenpeace_brandma\u0308n_klimatkris.jpg 800w, https:\/\/www.greenpeace.org\/static\/planet4-sweden-stateless\/2021\/08\/393c45e2-greenpeace_brandma\u0308n_klimatkris-300x200.jpg 300w, https:\/\/www.greenpeace.org\/static\/planet4-sweden-stateless\/2021\/08\/393c45e2-greenpeace_brandma\u0308n_klimatkris-768x512.jpg 768w, https:\/\/www.greenpeace.org\/static\/planet4-sweden-stateless\/2021\/08\/393c45e2-greenpeace_brandma\u0308n_klimatkris-510x340.jpg 510w\" sizes=\"auto, (max-width: 800px) 100vw, 800px\" \/><\/figure>\n\n<p>Det st\u00e4mmer att skogsbr\u00e4nder \u00e4r ett naturligt f\u00f6rekommande fenomen under Sibiriens somrar. <a href=\"https:\/\/www.svt.se\/nyheter\/utrikes\/nasa-roken-fran-sibirien-har-natt-nordpolen\"><strong>Men omfattningen och intensiteten har \u00f6kat de senare \u00e5ren<\/strong><\/a><strong>, vilket v\u00e4ckt farh\u00e5gor om att permafrosten ska tina och frig\u00f6ra stora m\u00e4ngder v\u00e4xthusgaser som lagras i den frusna tundran.<\/strong><\/p>\n\n<p><strong><a href=\"https:\/\/www.greenpeace.org\/sweden\/bakgrund\/48218\/klimatforandringar-ar-inte-langre-ett-framtida-hot-de-ar-redan-har-och-blir-snabbt-varre\/\">Enligt den senaste IPCC-rapporten<\/a> \u00e4r planeten p\u00e5 v\u00e4g i expressfart mot en \u00f6verhettad framtid med allt fler omfattande, extrema br\u00e4nder. <\/strong>Men kraftfull, \u00e4rlig politik fr\u00e5n v\u00e4rldens regeringar kan snabbt minska klimatf\u00f6rst\u00f6rande utsl\u00e4pp och skydda och \u00e5terst\u00e4lla ekosystem f\u00f6r att bygga motst\u00e5ndskraft.&nbsp;<\/p>\n\n<p>Vill du st\u00f6tta v\u00e5rt arbete mot br\u00e4nderna i Ryssland kan du swisha en g\u00e5va <a href=\"https:\/\/greenpeace.adoveo.com\/start\/TWpkaFpHOTJaVzg9\/?skipPlayer=0&amp;env=dist&amp;autoPlay=1&amp;rand=97\"><strong>h\u00e4r.<\/strong><\/a><\/p>\n","protected":false},"excerpt":{"rendered":"<p>Katastrofala br\u00e4nder har pl\u00e5gat stora delar av \u00f6stra Ryssland de senaste veckorna och sibiriska Jakutien har drabbats allra h\u00e5rdast. Ryssland har upplevt ett \u00f6kande antal skogsbr\u00e4nder orsakade av rekordh\u00f6ga sommartemperaturer och historisk torka under flera \u00e5r, men 2021 \u00e4r \u00e5ret d\u00e5 alla tidigare rekord sl\u00e5s. Norra Sibirien, liksom det kanadensiska Arktis, v\u00e4rms nu upp tre g\u00e5nger snabbare \u00e4n resten av jordklotet enligt forskare. \u00d6ver 300 br\u00e4nder \u00e4r fortfarande aktiva i vad som tidigare var de kallaste platserna p\u00e5 jordklotet.<\/p>\n","protected":false},"author":36,"featured_media":48350,"comment_status":"closed","ping_status":"open","sticky":false,"template":"","format":"standard","meta":{"ep_exclude_from_search":false,"p4_og_title":"","p4_og_description":"","p4_og_image":"","p4_og_image_id":"","p4_seo_canonical_url":"","p4_campaign_name":"not set","p4_local_project":"not set","p4_basket_name":"not set","p4_department":"","footnotes":""},"categories":[2],"tags":[23],"p4-page-type":[16],"class_list":["post-48349","post","type-post","status-publish","format-standard","has-post-thumbnail","hentry","category-klimat","tag-globaluppvarmning","p4-page-type-artiklar"],"_links":{"self":[{"href":"https:\/\/www.greenpeace.org\/sweden\/wp-json\/wp\/v2\/posts\/48349","targetHints":{"allow":["GET"]}}],"collection":[{"href":"https:\/\/www.greenpeace.org\/sweden\/wp-json\/wp\/v2\/posts"}],"about":[{"href":"https:\/\/www.greenpeace.org\/sweden\/wp-json\/wp\/v2\/types\/post"}],"author":[{"embeddable":true,"href":"https:\/\/www.greenpeace.org\/sweden\/wp-json\/wp\/v2\/users\/36"}],"replies":[{"embeddable":true,"href":"https:\/\/www.greenpeace.org\/sweden\/wp-json\/wp\/v2\/comments?post=48349"}],"version-history":[{"count":8,"href":"https:\/\/www.greenpeace.org\/sweden\/wp-json\/wp\/v2\/posts\/48349\/revisions"}],"predecessor-version":[{"id":63982,"href":"https:\/\/www.greenpeace.org\/sweden\/wp-json\/wp\/v2\/posts\/48349\/revisions\/63982"}],"wp:featuredmedia":[{"embeddable":true,"href":"https:\/\/www.greenpeace.org\/sweden\/wp-json\/wp\/v2\/media\/48350"}],"wp:attachment":[{"href":"https:\/\/www.greenpeace.org\/sweden\/wp-json\/wp\/v2\/media?parent=48349"}],"wp:term":[{"taxonomy":"category","embeddable":true,"href":"https:\/\/www.greenpeace.org\/sweden\/wp-json\/wp\/v2\/categories?post=48349"},{"taxonomy":"post_tag","embeddable":true,"href":"https:\/\/www.greenpeace.org\/sweden\/wp-json\/wp\/v2\/tags?post=48349"},{"taxonomy":"p4-page-type","embeddable":true,"href":"https:\/\/www.greenpeace.org\/sweden\/wp-json\/wp\/v2\/p4-page-type?post=48349"}],"curies":[{"name":"wp","href":"https:\/\/api.w.org\/{rel}","templated":true}]}}