{"id":48417,"date":"2021-08-30T14:36:03","date_gmt":"2021-08-30T13:36:03","guid":{"rendered":"https:\/\/www.greenpeace.org\/sweden\/?p=48417"},"modified":"2024-08-27T09:35:32","modified_gmt":"2024-08-27T08:35:32","slug":"muonio-samebys-svar-till-sveaskogs-uttalanden","status":"publish","type":"post","link":"https:\/\/www.greenpeace.org\/sweden\/pressmeddelanden\/skog\/muonio-samebys-svar-till-sveaskogs-uttalanden\/","title":{"rendered":"Muonio samebys svar till Sveaskogs uttalanden"},"content":{"rendered":"\n<p><strong>Med anledning av Sveaskogs senaste uttalanden i media och i mailutskick om att Greenpeace skulle ha spridit felaktig information, f\u00f6ljer h\u00e4r Muonio samebys bem\u00f6tande av det statligt \u00e4gda bolagets p\u00e5st\u00e5enden om att samr\u00e5d har \u00e4gt rum:<\/strong><\/p>\n\n<p><strong>Hej,&nbsp;<\/strong><br><br><strong>Det har kommit till v\u00e5r k\u00e4nnedom att ni Sveaskog i media, pressmeddelanden och mailutskick p\u00e5st\u00e5r att det f\u00f6rekommit samr\u00e5d med Muonio sameby under det g\u00e5ngna \u00e5ret. \u00c4ven att samr\u00e5d just nu p\u00e5g\u00e5r kring nya omr\u00e5den bolaget planerar att avverka, och att ett m\u00f6te \u00e4r inplanerat nu i slutet av augusti. Att p\u00e5 detta s\u00e4tt ge skenet av att samr\u00e5d bedrivits mellan Sveaskog och Muonio sameby, anser vi \u00e4r ett medvetet f\u00f6rs\u00f6k att desinformera allm\u00e4nheten.<\/strong><\/p>\n\n<p><strong>I <\/strong><a href=\"https:\/\/www.greenpeace.org\/sweden\/bakgrund\/48343\/konflikten-mellan-sveaskog-och-muonio-sameby-det-har-behover-du-veta\/\"><strong>publicerade uttalanden<\/strong><\/a><strong> har vi, representanter f\u00f6r Muonio sameby, f\u00f6rklarat samebyns uppfattning om hur verkligheten f\u00f6rh\u00e5ller sig. F\u00f6ljande \u00e4r en utvecklad p\u00e5minnelse kring det, samt v\u00e5r syn p\u00e5 vad som kr\u00e4vs f\u00f6r att ett samarbete mellan oss och er Sveaskog ska fungera forts\u00e4ttningsvis.&nbsp;<\/strong><\/p>\n\n<p>M\u00f6te som \u00e4gde rum h\u00f6sten 2020 med Muonio sameby som ni h\u00e4nvisar till, kallades till av Skogsstyrelsen och handlade om hanteringen av en bro, inte ett samr\u00e5d kring Sveaskogs planerade avverkningar av skogsomr\u00e5den. Ett legitimt samr\u00e5d ska dessutom ske <em>innan <\/em>en avverkningsanm\u00e4lan skickas in. G\u00e4llande den avverkning som diskuterats de senaste veckorna som uppm\u00e4rksammades av Greenpeace, skickades avverkningsanm\u00e4lan in den 21 augusti 2020 av Sveaskog till Skogsstyrelsen. Ni Sveaskog h\u00e4nvisar allts\u00e5 till m\u00f6te som \u00e4gde rum i september <em>efter <\/em>att avverkningsanm\u00e4lan redan skickats in, och som dessutom inte heller avhandlade \u00e4mnet i fr\u00e5ga. Samebyn fick d\u00e4remot till sig en karta via post p\u00e5 det aktuella omr\u00e5det, <em>utan n\u00e5gon tillh\u00f6rande skriftlig information<\/em>, s\u00e5 sent som den 20 maj 2021.<\/p>\n\n<p>Ang\u00e5ende m\u00f6tet som skedde i juni gick vi dit f\u00f6r att uteslutande diskutera \u00e5teruppr\u00e4ttandet av v\u00e5ra samr\u00e5d, d\u00e5 det i media kort dessf\u00f6rinnan (10 juni, 2021) <a href=\"https:\/\/sverigesradio.se\/artikel\/renskotarna-i-muonio-ser-skogarna-forsvinna\">uttalats av Olof Johansson<\/a> att Sveaskog var villiga att \u00e5teruppta regelbundna samr\u00e5d med Muonio sameby. M\u00f6tet blev tyv\u00e4rr en stor besvikelse, vilket vi <a href=\"https:\/\/sverigesradio.se\/artikel\/muoniobesvikelse-efter-mote-med-statens-skogsbolag\">uttalade oss om i sameradion<\/a> kort d\u00e4refter.&nbsp;<\/p>\n\n<p>Att h\u00e4vda att det <em>just nu p\u00e5g\u00e5r <\/em>ett samr\u00e5d mellan Sveaskog och Muonio sameby \u00e4r f\u00f6r oss ett ofattbart p\u00e5st\u00e5ende, d\u00e5 samr\u00e5d per definition innefattar ett aktivt deltagande med representanter fr\u00e5n samebyn, vilket i nul\u00e4get helt saknas. Vidare \u00e4r det idag den 30 augusti, och en formell kallelse till det p\u00e5st\u00e5dda inplanerade m\u00f6tet <em>i slutet av augusti<\/em>, lyser \u00e4nnu med sin fr\u00e5nvaro.<\/p>\n\n<p>Ni s\u00e4ger att det \u00e4r <em>extra olyckligt n\u00e4r en sameby v\u00e4ljer att inte ber\u00e4tta f\u00f6r er vilka anpassningar man vill se<\/em>. Ang\u00e5ende denna formulering saknar vi n\u00e4stan ord. <strong>I fyra \u00e5rs tid har vi inte gjort n\u00e5gonting annat \u00e4n att p\u00e5tala f\u00f6r er att vi vill ha tillbaka det inflytande vi haft i decennier, ett inflytande via samr\u00e5d som ni nu i flera \u00e5r nekat oss och v\u00e4grat diskutera. Inte ens en f\u00f6rklaring till varf\u00f6r samr\u00e5den avslutades har \u00e4nnu getts, trots upprepade fr\u00e5gor fr\u00e5n oss och \u00e4ven fr\u00e5n Svenska Samernas riksf\u00f6rbund (SSR). Det \u00e4r sv\u00e5rt att beskriva den frustration som ert agerande och tystnad inneburit. Vi upplever det som ett oerh\u00f6rt respektl\u00f6st bem\u00f6tande som resulterat i att vi inte sett n\u00e5got annat alternativ \u00e4n att kalla in st\u00f6d fr\u00e5n externa akt\u00f6rer. Avverkningar har under denna tid som passerat utan samr\u00e5d f\u00f6rekommit helt utan v\u00e5r vetskap, och att ibland ha f\u00e5tt kartor utan information skickade p\u00e5 posten, kan inte likst\u00e4llas med ett samr\u00e5d och accepteras d\u00e4rf\u00f6r inte av oss som samarbetsform. Ni h\u00e4nvisar till att ni <\/strong><strong><em>f\u00f6ljer den nya FSC standarden<\/em><\/strong><strong>, men den tr\u00e4dde i kraft under h\u00f6sten 2020 och har allts\u00e5 ingenting att g\u00f6ra med ert agerande att avsluta samr\u00e5den <\/strong><strong><em>f\u00f6r fyra \u00e5r sedan<\/em><\/strong><strong>.&nbsp;<\/strong><\/p>\n\n<p>F\u00f6r att skapa f\u00f6ruts\u00e4ttningar till ett konstruktivt samarbete fram\u00f6ver ser vi det som n\u00f6dv\u00e4ndigt att n\u00e4sta m\u00f6te enbart handlar om att diskutera \u00e5teruppr\u00e4ttandet av v\u00e5ra samr\u00e5d. Vi kr\u00e4ver att ni, som statligt bolag och certifierade enligt FSC, behandlar oss efter Urfolks R\u00e4ttigheter i enlighet med princip 3 i den nya FSC standarden. Vi kr\u00e4ver FPIC-baserade samr\u00e5d med samplaneringsprocess. Vi \u00e4r urfolk. Vi har bedrivit en skogssamisk rensk\u00f6tsel i \u00e5rhundraden. Vi betraktar, och har i alla tider betraktat oss sj\u00e4lva som en skogssameby, vilket representanter f\u00f6r det \u00f6vriga samiska samh\u00e4llet som SSR och Sametinget bekr\u00e4ftar. En statlig utredning har gjorts som st\u00f6djer Muonio samebys status som skogssameby. Dessa faktum borde ett statligt bolag som Sveaskog ta h\u00e4nsyn till och respektera. Utifr\u00e5n er FSC-certifiering, s\u00e5 kr\u00e4vs det dessutom av er.<\/p>\n\n<p>Att m\u00f6tas och diskutera \u00e5teruppr\u00e4ttandet av v\u00e5ra samr\u00e5d \u00e4r den enda framkomliga v\u00e4gen vi bed\u00f6mer existerar. Med det sagt best\u00e4ms allts\u00e5 framtidens samarbete oss emellan av ert, Sveaskogs, val av agerande.<\/p>\n\n<p><strong>Mvh,&nbsp;<\/strong><\/p>\n\n<p><strong>Muonio sameby<\/strong> <br><strong>Hans Holma, ordf\u00f6rande<\/strong><\/p>\n","protected":false},"excerpt":{"rendered":"<p>Med anledning av Sveaskogs senaste uttalanden i media och i mailutskick om att Greenpeace skulle ha spridit felaktig information, f\u00f6ljer h\u00e4r Muonio samebys bem\u00f6tande av det statligt \u00e4gda bolagets p\u00e5st\u00e5enden om att samr\u00e5d har \u00e4gt rum.<\/p>\n","protected":false},"author":34,"featured_media":48426,"comment_status":"closed","ping_status":"open","sticky":false,"template":"","format":"standard","meta":{"ep_exclude_from_search":false,"p4_og_title":"","p4_og_description":"","p4_og_image":"","p4_og_image_id":"","p4_seo_canonical_url":"","p4_campaign_name":"not set","p4_local_project":"not set","p4_basket_name":"not set","p4_department":"","footnotes":""},"categories":[22],"tags":[19,64],"p4-page-type":[14],"class_list":["post-48417","post","type-post","status-publish","format-standard","has-post-thumbnail","hentry","category-skog","tag-skyddaskogen","tag-sapmi","p4-page-type-pressmeddelanden"],"_links":{"self":[{"href":"https:\/\/www.greenpeace.org\/sweden\/wp-json\/wp\/v2\/posts\/48417","targetHints":{"allow":["GET"]}}],"collection":[{"href":"https:\/\/www.greenpeace.org\/sweden\/wp-json\/wp\/v2\/posts"}],"about":[{"href":"https:\/\/www.greenpeace.org\/sweden\/wp-json\/wp\/v2\/types\/post"}],"author":[{"embeddable":true,"href":"https:\/\/www.greenpeace.org\/sweden\/wp-json\/wp\/v2\/users\/34"}],"replies":[{"embeddable":true,"href":"https:\/\/www.greenpeace.org\/sweden\/wp-json\/wp\/v2\/comments?post=48417"}],"version-history":[{"count":9,"href":"https:\/\/www.greenpeace.org\/sweden\/wp-json\/wp\/v2\/posts\/48417\/revisions"}],"predecessor-version":[{"id":48427,"href":"https:\/\/www.greenpeace.org\/sweden\/wp-json\/wp\/v2\/posts\/48417\/revisions\/48427"}],"wp:featuredmedia":[{"embeddable":true,"href":"https:\/\/www.greenpeace.org\/sweden\/wp-json\/wp\/v2\/media\/48426"}],"wp:attachment":[{"href":"https:\/\/www.greenpeace.org\/sweden\/wp-json\/wp\/v2\/media?parent=48417"}],"wp:term":[{"taxonomy":"category","embeddable":true,"href":"https:\/\/www.greenpeace.org\/sweden\/wp-json\/wp\/v2\/categories?post=48417"},{"taxonomy":"post_tag","embeddable":true,"href":"https:\/\/www.greenpeace.org\/sweden\/wp-json\/wp\/v2\/tags?post=48417"},{"taxonomy":"p4-page-type","embeddable":true,"href":"https:\/\/www.greenpeace.org\/sweden\/wp-json\/wp\/v2\/p4-page-type?post=48417"}],"curies":[{"name":"wp","href":"https:\/\/api.w.org\/{rel}","templated":true}]}}