{"id":49076,"date":"2021-09-21T13:25:47","date_gmt":"2021-09-21T12:25:47","guid":{"rendered":"https:\/\/www.greenpeace.org\/sweden\/?p=49076"},"modified":"2023-02-23T13:40:03","modified_gmt":"2023-02-23T12:40:03","slug":"greenpeace-om-cementabeslutet-regeringen-struntar-i-grundlagen","status":"publish","type":"post","link":"https:\/\/www.greenpeace.org\/sweden\/pressmeddelanden\/klimat\/greenpeace-om-cementabeslutet-regeringen-struntar-i-grundlagen\/","title":{"rendered":"Greenpeace om Cementabeslutet: Regeringen struntar i grundlagen"},"content":{"rendered":"\n<p><strong>Att regeringen k\u00f6r \u00f6ver lagr\u00e5det och g\u00e5r vidare med undantagslagen f\u00f6r Cementa inneb\u00e4r att regeringen bryter mot grundlagen. Det s\u00e4ger Carl Schlyter, kampanjledare p\u00e5 Greenpeace.<\/strong><\/p>\n\n<figure class=\"wp-block-image size-large\"><img loading=\"lazy\" decoding=\"async\" width=\"800\" height=\"538\" src=\"https:\/\/www.greenpeace.org\/static\/planet4-sweden-stateless\/2021\/09\/da4368a0-gp014uk_web_size_with_credit_line.jpg\" alt=\"\" class=\"wp-image-49079\" srcset=\"https:\/\/www.greenpeace.org\/static\/planet4-sweden-stateless\/2021\/09\/da4368a0-gp014uk_web_size_with_credit_line.jpg 800w, https:\/\/www.greenpeace.org\/static\/planet4-sweden-stateless\/2021\/09\/da4368a0-gp014uk_web_size_with_credit_line-300x202.jpg 300w, https:\/\/www.greenpeace.org\/static\/planet4-sweden-stateless\/2021\/09\/da4368a0-gp014uk_web_size_with_credit_line-768x516.jpg 768w, https:\/\/www.greenpeace.org\/static\/planet4-sweden-stateless\/2021\/09\/da4368a0-gp014uk_web_size_with_credit_line-506x340.jpg 506w\" sizes=\"auto, (max-width: 800px) 100vw, 800px\" \/><\/figure>\n\n<p>\u2013 Regeringen g\u00f6r ett hattrick i grundlagsbrott. Genom beslutet lyckas regeringen bryta mot f\u00f6rbudet mot ministerstyre, domstolarnas sj\u00e4lvst\u00e4ndighet samt kravet p\u00e5 opartiska och objektiva beslutsunderlag, <strong>s\u00e4ger Carl Schlyter, kampanjledare f\u00f6r klimat och systemf\u00f6r\u00e4ndring p\u00e5 Greenpeace.<\/strong><\/p>\n\n<p>Lagr\u00e5det sade i f\u00f6rra veckan nej till lagf\u00f6rslaget och gav regeringen svidande kritik f\u00f6r s\u00e5v\u00e4l processen som lagf\u00f6rslaget. <a href=\"https:\/\/www.lagradet.se\/wp-content\/uploads\/2021\/09\/Regeringspr%C3%B6vning-av-kalkstenst%C3%A4kter-i-undantagsfall.pdf\" target=\"_blank\" rel=\"noreferrer noopener\">Enligt lagr\u00e5det<\/a> riskerar hanteringen att \u201cskada tilltron till det svenska r\u00e4ttssystemet\u201d. Regeringen motiverar beslutet med att cementbrist skulle orsaka allvarlig skada f\u00f6r ekonomin, trots att tv\u00e5 av jordens fem st\u00f6rsta cementexport\u00f6rer finns i <a rel=\"noreferrer noopener\" href=\"https:\/\/oec.world\/en\/profile\/hs92\/cement-articles\" target=\"_blank\">Tyskland och Belgien<\/a> och att EU:s cementexport <a rel=\"noreferrer noopener\" href=\"https:\/\/trendeconomy.com\/data\/h2\/EuropeanUnion\/6810\" target=\"_blank\">f\u00f6rdubblats sedan 2009<\/a>.&nbsp;<\/p>\n\n<p>\u2013 Det h\u00e4r \u00e4r ett allvarligt hot mot r\u00e4ttsv\u00e4sendet och v\u00e5r demokratiska ordning. Vad h\u00e4nder n\u00e4r k\u00e4rnkraftsindustrin inte n\u00e5r sina s\u00e4kerhetskrav, eller kemiindustrin inte n\u00e5r sina milj\u00f6krav? Beslutet inneb\u00e4r att regeringen ger de st\u00f6rsta f\u00f6retag en signal om att de inte beh\u00f6ver ta milj\u00f6lagarna p\u00e5 allvar, att de \u00e4nd\u00e5 f\u00e5r undantag n\u00e4r de g\u00f6r fel, s\u00e4ger <strong>Carl Schlyter p\u00e5 Greenpeace<\/strong>.<\/p>\n\n<p><strong>L\u00e4s <a rel=\"noreferrer noopener\" href=\"https:\/\/www.regeringen.se\/4a4c5f\/contentassets\/9cce219e3bdd42c58266c44f8016f41f\/greenpeace.pdf\" target=\"_blank\">Greenpeace remissyttrande h\u00e4r.<\/a><\/strong><\/p>\n","protected":false},"excerpt":{"rendered":"<p>Att regeringen k\u00f6r \u00f6ver lagr\u00e5det och g\u00e5r vidare med undantagslagen f\u00f6r Cementa inneb\u00e4r att regeringen bryter mot grundlagen. Det s\u00e4ger Carl Schlyter, kampanjledare p\u00e5 Greenpeace.<\/p>\n","protected":false},"author":76,"featured_media":49079,"comment_status":"closed","ping_status":"closed","sticky":false,"template":"","format":"standard","meta":{"ep_exclude_from_search":false,"p4_og_title":"","p4_og_description":"","p4_og_image":"","p4_og_image_id":"","p4_seo_canonical_url":"","p4_campaign_name":"not set","p4_local_project":"not set","p4_basket_name":"not set","p4_department":"","footnotes":""},"categories":[45,2],"tags":[23,53],"p4-page-type":[14],"class_list":["post-49076","post","type-post","status-publish","format-standard","has-post-thumbnail","hentry","category-energi","category-klimat","tag-globaluppvarmning","tag-svenskpolitik","p4-page-type-pressmeddelanden"],"_links":{"self":[{"href":"https:\/\/www.greenpeace.org\/sweden\/wp-json\/wp\/v2\/posts\/49076","targetHints":{"allow":["GET"]}}],"collection":[{"href":"https:\/\/www.greenpeace.org\/sweden\/wp-json\/wp\/v2\/posts"}],"about":[{"href":"https:\/\/www.greenpeace.org\/sweden\/wp-json\/wp\/v2\/types\/post"}],"author":[{"embeddable":true,"href":"https:\/\/www.greenpeace.org\/sweden\/wp-json\/wp\/v2\/users\/76"}],"replies":[{"embeddable":true,"href":"https:\/\/www.greenpeace.org\/sweden\/wp-json\/wp\/v2\/comments?post=49076"}],"version-history":[{"count":8,"href":"https:\/\/www.greenpeace.org\/sweden\/wp-json\/wp\/v2\/posts\/49076\/revisions"}],"predecessor-version":[{"id":55341,"href":"https:\/\/www.greenpeace.org\/sweden\/wp-json\/wp\/v2\/posts\/49076\/revisions\/55341"}],"wp:featuredmedia":[{"embeddable":true,"href":"https:\/\/www.greenpeace.org\/sweden\/wp-json\/wp\/v2\/media\/49079"}],"wp:attachment":[{"href":"https:\/\/www.greenpeace.org\/sweden\/wp-json\/wp\/v2\/media?parent=49076"}],"wp:term":[{"taxonomy":"category","embeddable":true,"href":"https:\/\/www.greenpeace.org\/sweden\/wp-json\/wp\/v2\/categories?post=49076"},{"taxonomy":"post_tag","embeddable":true,"href":"https:\/\/www.greenpeace.org\/sweden\/wp-json\/wp\/v2\/tags?post=49076"},{"taxonomy":"p4-page-type","embeddable":true,"href":"https:\/\/www.greenpeace.org\/sweden\/wp-json\/wp\/v2\/p4-page-type?post=49076"}],"curies":[{"name":"wp","href":"https:\/\/api.w.org\/{rel}","templated":true}]}}