{"id":49219,"date":"2021-10-05T08:38:17","date_gmt":"2021-10-05T07:38:17","guid":{"rendered":"https:\/\/www.greenpeace.org\/sweden\/?p=49219"},"modified":"2023-02-17T10:32:54","modified_gmt":"2023-02-17T09:32:54","slug":"gore-tex-levererar-antligen-pa-lofte-om-pfas-fria-klader","status":"publish","type":"post","link":"https:\/\/www.greenpeace.org\/sweden\/pressmeddelanden\/hav\/gore-tex-levererar-antligen-pa-lofte-om-pfas-fria-klader\/","title":{"rendered":"Gore-Tex levererar \u00e4ntligen p\u00e5 l\u00f6fte om PFAS-fria kl\u00e4der"},"content":{"rendered":"\n<p>Stockholm \u2013 <strong>Gore Fabrics, tillverkare av Gore-Tex och marknadsledande inom v\u00e4dert\u00e5liga friluftskl\u00e4der har precis tillk\u00e4nnagett en stor f\u00f6r\u00e4ndring i sin produktionsteknik, med inf\u00f6randet av ett nytt membran f\u00f6r friluftskl\u00e4der som \u00e4r helt fritt fr\u00e5n skadliga fluorkarboner (PFAS). Tillk\u00e4nnagivandet \u00e4r ett viktigt resultat av en l\u00e5ngvarig kampanj fr\u00e5n Greenpeace som pressat kl\u00e4dtillverkare v\u00e4rlden \u00f6ver att ta bort farliga kemikalier fr\u00e5n sin produktion.&nbsp;<\/strong><\/p>\n\n<figure class=\"wp-block-image size-large is-resized\"><img loading=\"lazy\" decoding=\"async\" src=\"https:\/\/www.greenpeace.org\/static\/planet4-sweden-stateless\/2019\/02\/a1712da7-gp0strchu-1024x683.jpg\" title=\"No PFC Action in Venice. \u00a9 Francesco Alesi\" alt=\"No PFC Action in Venice. \u00a9 Francesco Alesi\" class=\"wp-image-1666\" width=\"1024\" height=\"683\" srcset=\"https:\/\/www.greenpeace.org\/static\/planet4-sweden-stateless\/2019\/02\/a1712da7-gp0strchu-1024x683.jpg 1024w, https:\/\/www.greenpeace.org\/static\/planet4-sweden-stateless\/2019\/02\/a1712da7-gp0strchu-300x200.jpg 300w, https:\/\/www.greenpeace.org\/static\/planet4-sweden-stateless\/2019\/02\/a1712da7-gp0strchu-768x512.jpg 768w, https:\/\/www.greenpeace.org\/static\/planet4-sweden-stateless\/2019\/02\/a1712da7-gp0strchu-510x340.jpg 510w, https:\/\/www.greenpeace.org\/static\/planet4-sweden-stateless\/2019\/02\/a1712da7-gp0strchu.jpg 1200w\" sizes=\"auto, (max-width: 1024px) 100vw, 1024px\" \/><figcaption class=\"wp-element-caption\">Aktivister demonstrerar mot anv\u00e4ndningen av PFAS i Venedig 2017 <div class=\"credit icon-left\"> \u00a9 Francesco Alesi<\/div><\/figcaption><\/figure>\n\n<p>Fluorkarboner (PFAS eller PFC) \u00e4r kemikalier som anv\u00e4nds f\u00f6r att g\u00f6ra friluftskl\u00e4der smuts- och vattenavst\u00f6tande. Kemikalierna \u00e4r extremt l\u00e5nglivade och kan ta flera hundra \u00e5r f\u00f6r naturen att bryta ner. De misst\u00e4nks ocks\u00e5 vara hormonst\u00f6rande och \u00f6ka risken f\u00f6r cancer. Gore Fabrics, som tillverkar Gore-Tex, \u00e4r en av v\u00e4rldens st\u00f6rsta tillverkare av vattenavst\u00f6tande tyger till friluftskl\u00e4der.<\/p>\n\n<p>Greenpeaces kampanj <em><strong>Detox My Fashion,<\/strong><\/em> som lanserades 2011, utmanade textilindustrin att ta bort alla farliga kemikalier fr\u00e5n sina leveranskedjor, och betonade PFAS, som en av de mest prioriterade kemikaliegrupperna att eliminera. \u00c5r 2015 satte kampanjen <strong><em>Detox Outdoor<\/em> <\/strong>str\u00e5lkastarljuset p\u00e5 just friluftsindustrin, k\u00e4nd f\u00f6r att anv\u00e4nda PFAS f\u00f6r att g\u00f6ra vattent\u00e4ta membran och vattenavvisande bel\u00e4ggningar. Hundratusentals friluftsentusiaster fr\u00e5n hela v\u00e4rlden gick med i kampanjen f\u00f6r att kr\u00e4va utrustning fri fr\u00e5n milj\u00f6gifter.&nbsp;<\/p>\n\n<p><strong>2017 lovade Gore Fabrics att eliminera PFAS,<\/strong> <strong>av milj\u00f6h\u00e4nsyn<\/strong>, fr\u00e5n sina generella v\u00e4dert\u00e5liga membran till 2020 och i sina specialmembran till 2023. Tillk\u00e4nnagivandet nu inneb\u00e4r att de f\u00f6rsta produkterna fr\u00e5n f\u00f6retaget som anv\u00e4nder helt PFAS-fria membran kommer att finnas p\u00e5 marknaden 2022.&nbsp;<\/p>\n\n<p>&nbsp;\u2013 \u00c4ven om det kommer senare \u00e4n den ursprungliga tidslinjen \u00e4r denna utveckling, fr\u00e5n en ledande leverant\u00f6r till friluftsindustrin, ett stort steg mot en omvandling av marknaden till att anv\u00e4nda teknik som \u00e4r fri fr\u00e5n farliga kemikalier. Greenpeace v\u00e4lkomnar detta steg fr\u00e5n Gore Fabrics d\u00e5 den nya tekniken inte sl\u00e4pper ut farliga PFAS-kemikalier i n\u00e5got skede av sin livscykel. Men det kommer alltid att finnas oansvariga friluftsm\u00e4rken, liksom andra sektorer, som kommer att forts\u00e4tta anv\u00e4nda PFAS, s\u00e5 nu \u00e4r \u00e4ven det dags f\u00f6r v\u00e5ra politiker att genomdriva ett brett f\u00f6rbud mot hela gruppen av PFAS, s\u00e4ger <strong>Chiara Campione, chef f\u00f6r f\u00f6retags- och konsumentenheten p\u00e5 Greenpeace Italien<\/strong><\/p>\n\n<p>Greenpeace st\u00f6der <a href=\"https:\/\/echa.europa.eu\/de\/registry-of-restriction-intentions\/-\/dislist\/details\/0b0236e18663449b\" target=\"_blank\" rel=\"noreferrer noopener\">ett f\u00f6rslag fr\u00e5n fem EU-l\u00e4nder<\/a> (Danmark, Tyskland, Nederl\u00e4nderna, Norge, Sverige) om att reglera alla PFAS som en grupp. Den amerikanska delstaten Maine \u00e4r en f\u00f6reg\u00e5ngare i detta och har redan antagit ett f\u00f6rbud mot alla PFAS.<\/p>\n\n<p><a href=\"https:\/\/www.greenpeace.org\/static\/planet4-international-stateless\/2021\/09\/d522ff60-gore-fabrics-announcement-faq.pdf\" target=\"_blank\" rel=\"noreferrer noopener\">Detailed FAQ document available here<\/a><\/p>\n\n<p><a href=\"https:\/\/www.greenpeace.org\/international\/act\/detox\/\" target=\"_blank\" rel=\"noreferrer noopener\">Greenpeace Detox My Fashion Campaign<\/a><\/p>\n\n<p><strong>Kontakt<\/strong><br><strong>Greenpeace International Press Desk, +31 (0)20 718 2470 (available 24 hours),&nbsp;<a href=\"mailto:pressdesk.int@greenpeace.org\">pressdesk.int@greenpeace.org<\/a><br><\/strong><\/p>\n","protected":false},"excerpt":{"rendered":"<p>Gore Fabrics, tillverkare av Gore-Tex och ledande inom v\u00e4dert\u00e5liga friluftskl\u00e4der har tillk\u00e4nnagett att man kommer inf\u00f6ra ett nytt membran helt fritt fr\u00e5n PFAS.<\/p>\n","protected":false},"author":41,"featured_media":1666,"comment_status":"open","ping_status":"open","sticky":false,"template":"","format":"standard","meta":{"ep_exclude_from_search":false,"p4_og_title":"","p4_og_description":"","p4_og_image":"","p4_og_image_id":"","p4_seo_canonical_url":"","p4_campaign_name":"not set","p4_local_project":"not set","p4_basket_name":"not set","p4_department":"","footnotes":""},"categories":[3,22],"tags":[60],"p4-page-type":[14],"class_list":["post-49219","post","type-post","status-publish","format-standard","has-post-thumbnail","hentry","category-hav","category-skog","tag-miljogifter","p4-page-type-pressmeddelanden"],"_links":{"self":[{"href":"https:\/\/www.greenpeace.org\/sweden\/wp-json\/wp\/v2\/posts\/49219","targetHints":{"allow":["GET"]}}],"collection":[{"href":"https:\/\/www.greenpeace.org\/sweden\/wp-json\/wp\/v2\/posts"}],"about":[{"href":"https:\/\/www.greenpeace.org\/sweden\/wp-json\/wp\/v2\/types\/post"}],"author":[{"embeddable":true,"href":"https:\/\/www.greenpeace.org\/sweden\/wp-json\/wp\/v2\/users\/41"}],"replies":[{"embeddable":true,"href":"https:\/\/www.greenpeace.org\/sweden\/wp-json\/wp\/v2\/comments?post=49219"}],"version-history":[{"count":8,"href":"https:\/\/www.greenpeace.org\/sweden\/wp-json\/wp\/v2\/posts\/49219\/revisions"}],"predecessor-version":[{"id":54427,"href":"https:\/\/www.greenpeace.org\/sweden\/wp-json\/wp\/v2\/posts\/49219\/revisions\/54427"}],"wp:featuredmedia":[{"embeddable":true,"href":"https:\/\/www.greenpeace.org\/sweden\/wp-json\/wp\/v2\/media\/1666"}],"wp:attachment":[{"href":"https:\/\/www.greenpeace.org\/sweden\/wp-json\/wp\/v2\/media?parent=49219"}],"wp:term":[{"taxonomy":"category","embeddable":true,"href":"https:\/\/www.greenpeace.org\/sweden\/wp-json\/wp\/v2\/categories?post=49219"},{"taxonomy":"post_tag","embeddable":true,"href":"https:\/\/www.greenpeace.org\/sweden\/wp-json\/wp\/v2\/tags?post=49219"},{"taxonomy":"p4-page-type","embeddable":true,"href":"https:\/\/www.greenpeace.org\/sweden\/wp-json\/wp\/v2\/p4-page-type?post=49219"}],"curies":[{"name":"wp","href":"https:\/\/api.w.org\/{rel}","templated":true}]}}