{"id":49373,"date":"2021-10-29T08:00:00","date_gmt":"2021-10-29T07:00:00","guid":{"rendered":"https:\/\/www.greenpeace.org\/sweden\/?p=49373"},"modified":"2023-02-23T13:37:52","modified_gmt":"2023-02-23T12:37:52","slug":"i-ett-hallbart-samhalle-har-fossilreklam-ingen-plats","status":"publish","type":"post","link":"https:\/\/www.greenpeace.org\/sweden\/artiklar\/klimat\/i-ett-hallbart-samhalle-har-fossilreklam-ingen-plats\/","title":{"rendered":"I ett h\u00e5llbart samh\u00e4lle har fossilreklam ingen plats"},"content":{"rendered":"\n<figure class=\"wp-block-image size-large\"><img loading=\"lazy\" decoding=\"async\" width=\"1024\" height=\"683\" src=\"https:\/\/www.greenpeace.org\/static\/planet4-sweden-stateless\/2021\/10\/24d793b9-adbust2021-6385-1024x683.jpg\" title=\"i ett h\u00e5llbart samh\u00e4lle har fossilreklam ingen plats\" alt=\"\" class=\"wp-image-49380\" srcset=\"https:\/\/www.greenpeace.org\/static\/planet4-sweden-stateless\/2021\/10\/24d793b9-adbust2021-6385-1024x683.jpg 1024w, https:\/\/www.greenpeace.org\/static\/planet4-sweden-stateless\/2021\/10\/24d793b9-adbust2021-6385-300x200.jpg 300w, https:\/\/www.greenpeace.org\/static\/planet4-sweden-stateless\/2021\/10\/24d793b9-adbust2021-6385-768x512.jpg 768w, https:\/\/www.greenpeace.org\/static\/planet4-sweden-stateless\/2021\/10\/24d793b9-adbust2021-6385-1536x1025.jpg 1536w, https:\/\/www.greenpeace.org\/static\/planet4-sweden-stateless\/2021\/10\/24d793b9-adbust2021-6385-510x340.jpg 510w, https:\/\/www.greenpeace.org\/static\/planet4-sweden-stateless\/2021\/10\/24d793b9-adbust2021-6385.jpg 1856w\" sizes=\"auto, (max-width: 1024px) 100vw, 1024px\" \/><\/figure>\n\n<p><strong>Ig\u00e5r ringde mitt alarm klockan 04.00.<\/strong> Inte f\u00f6r att deadlinen p\u00e5 min tenta i statistik n\u00e4rmar sig, som man skulle kunna tro, utan f\u00f6r att bege mig ut p\u00e5 stan tillsammans med andra Greenpeacevolont\u00e4rer f\u00f6r att ge n\u00e5gra fossilannonser ett mer passande budskap.&nbsp;<\/p>\n\n<p><strong>Att<\/strong> <strong>g\u00f6ra<\/strong> <strong>reklam f\u00f6r fossila varor och tj\u00e4nster mitt i en klimatkris k\u00e4nns helt absurt.<\/strong> \u00c4nd\u00e5 \u00e4r det precis vad som h\u00e4nder. Dessutom sker detta p\u00e5 stan, i det offentliga rummet. Som aktivist, student och framf\u00f6rallt medborgare beh\u00f6ver jag se reklam f\u00f6r en klimatskadlig verksamhet s\u00e5 fort jag vill r\u00f6ra mig runt i staden d\u00e4r jag bor. Mitt enda alternativ tycks vara att blunda, men att g\u00f6ra det och samtidigt ta sig fr\u00e5n l\u00e4ge A till l\u00e4ge C i Brunnsparken k\u00e4nns inte som n\u00e5gon s\u00e4rskilt god id\u00e9. Dessutom skulle det inte bidra till n\u00e5gon verklig skillnad, ut\u00f6ver att just jag slipper se reklamen.&nbsp;&nbsp;<\/p>\n\n<p><strong>Som tur \u00e4r finns det ett annat alternativ, och det \u00e4r att protestera.<\/strong> S\u00e5 det g\u00f6r jag. Det var d\u00e4rf\u00f6r vi samlades flera timmar innan solen gick upp imorse f\u00f6r att r\u00e4tta till de d\u00e4r annonserna. Aktionen \u00e4r en del av kampanjen vi driver just nu, vars syfte \u00e4r att f\u00e5 till st\u00e5nd ett f\u00f6rbud mot fossilreklam. Jag \u00e4r tr\u00f6tt p\u00e5 att h\u00f6ra politikerna avge det ena klimatl\u00f6ftet efter det andra, medan f\u00f6retag f\u00e5r forts\u00e4tta annonsera fritt. Jag f\u00f6rst\u00e5r inte hur tobaksreklam kan vara f\u00f6rbjudet, n\u00e4r luftf\u00f6roreningar <a href=\"https:\/\/drive.google.com\/file\/d\/1yZllhpRrNA176SGDfXYUS5cm6j6pAGcL\/view\">d\u00f6dar fler m\u00e4nniskor per \u00e5r \u00e4n vad r\u00f6kning g\u00f6r<\/a>. <strong>Och det viktigaste av allt: jag dr\u00f6mmer om ett h\u00e5llbart samh\u00e4lle, och i ett s\u00e5dant samh\u00e4lle har fossilreklam ingen som helst plats.&nbsp;<\/strong><\/p>\n\n<p><strong>Tycker du ocks\u00e5 att det \u00e4r absurt med fossilreklam i det offentliga rummet?<\/strong> G\u00f6r som jag och <a href=\"https:\/\/www.greenpeace.org\/sweden\/agera\/fossilreklam\/\">skriv under det europeiska medborgarinitiativet Ban fossil Ads <\/a>s\u00e5 vi kommer upp i en miljon underskrifter!&nbsp;<\/p>\n\n<p>B\u00e4sta h\u00e4lsningar,&nbsp;<br>Hannah Nilsson<br>Greenpeace G\u00f6teborg<\/p>\n<div data-render=\"planet4-blocks\/gallery\" data-attributes=\"{&quot;attributes&quot;:{&quot;multiple_image&quot;:&quot;49391,49392,49393,49394&quot;,&quot;image_data&quot;:[{&quot;url&quot;:&quot;https:\\\/\\\/www.greenpeace.org\\\/static\\\/planet4-sweden-stateless\\\/2021\\\/10\\\/96534621-adbust2021-6440.jpg&quot;,&quot;focalPoint&quot;:{&quot;x&quot;:0.5,&quot;y&quot;:0.5},&quot;id&quot;:49391},{&quot;url&quot;:&quot;https:\\\/\\\/www.greenpeace.org\\\/static\\\/planet4-sweden-stateless\\\/2021\\\/10\\\/15b25742-adbust2021-6470.jpg&quot;,&quot;focalPoint&quot;:{&quot;x&quot;:0.5,&quot;y&quot;:0.5},&quot;id&quot;:49392},{&quot;url&quot;:&quot;https:\\\/\\\/www.greenpeace.org\\\/static\\\/planet4-sweden-stateless\\\/2021\\\/10\\\/b00520e6-adbust2021-6461.jpg&quot;,&quot;focalPoint&quot;:{&quot;x&quot;:0.5,&quot;y&quot;:0.5},&quot;id&quot;:49393},{&quot;url&quot;:&quot;https:\\\/\\\/www.greenpeace.org\\\/static\\\/planet4-sweden-stateless\\\/2021\\\/10\\\/9e49cd98-adbust2021-6412.jpg&quot;,&quot;focalPoint&quot;:{&quot;x&quot;:0.5,&quot;y&quot;:0.5},&quot;id&quot;:49394}],&quot;gallery_block_style&quot;:0,&quot;gallery_block_title&quot;:&quot;&quot;,&quot;gallery_block_description&quot;:&quot;&quot;,&quot;gallery_block_focus_points&quot;:&quot;&quot;,&quot;images&quot;:[{&quot;image_src&quot;:&quot;https:\\\/\\\/www.greenpeace.org\\\/static\\\/planet4-sweden-stateless\\\/2021\\\/10\\\/96534621-adbust2021-6440.jpg&quot;,&quot;image_srcset&quot;:&quot;https:\\\/\\\/www.greenpeace.org\\\/static\\\/planet4-sweden-stateless\\\/2021\\\/10\\\/96534621-adbust2021-6440.jpg 1115w, https:\\\/\\\/www.greenpeace.org\\\/static\\\/planet4-sweden-stateless\\\/2021\\\/10\\\/96534621-adbust2021-6440-200x300.jpg 200w, https:\\\/\\\/www.greenpeace.org\\\/static\\\/planet4-sweden-stateless\\\/2021\\\/10\\\/96534621-adbust2021-6440-683x1024.jpg 683w, https:\\\/\\\/www.greenpeace.org\\\/static\\\/planet4-sweden-stateless\\\/2021\\\/10\\\/96534621-adbust2021-6440-768x1151.jpg 768w, https:\\\/\\\/www.greenpeace.org\\\/static\\\/planet4-sweden-stateless\\\/2021\\\/10\\\/96534621-adbust2021-6440-1025x1536.jpg 1025w, https:\\\/\\\/www.greenpeace.org\\\/static\\\/planet4-sweden-stateless\\\/2021\\\/10\\\/96534621-adbust2021-6440-911x1366.jpg 911w, https:\\\/\\\/www.greenpeace.org\\\/static\\\/planet4-sweden-stateless\\\/2021\\\/10\\\/96534621-adbust2021-6440-227x340.jpg 227w&quot;,&quot;image_sizes&quot;:false,&quot;alt_text&quot;:&quot;&quot;,&quot;caption&quot;:&quot;&quot;,&quot;focus_image&quot;:&quot;&quot;,&quot;credits&quot;:&quot;&quot;},{&quot;image_src&quot;:&quot;https:\\\/\\\/www.greenpeace.org\\\/static\\\/planet4-sweden-stateless\\\/2021\\\/10\\\/15b25742-adbust2021-6470.jpg&quot;,&quot;image_srcset&quot;:&quot;https:\\\/\\\/www.greenpeace.org\\\/static\\\/planet4-sweden-stateless\\\/2021\\\/10\\\/15b25742-adbust2021-6470.jpg 1770w, https:\\\/\\\/www.greenpeace.org\\\/static\\\/planet4-sweden-stateless\\\/2021\\\/10\\\/15b25742-adbust2021-6470-300x200.jpg 300w, https:\\\/\\\/www.greenpeace.org\\\/static\\\/planet4-sweden-stateless\\\/2021\\\/10\\\/15b25742-adbust2021-6470-1024x684.jpg 1024w, https:\\\/\\\/www.greenpeace.org\\\/static\\\/planet4-sweden-stateless\\\/2021\\\/10\\\/15b25742-adbust2021-6470-768x513.jpg 768w, https:\\\/\\\/www.greenpeace.org\\\/static\\\/planet4-sweden-stateless\\\/2021\\\/10\\\/15b25742-adbust2021-6470-1536x1026.jpg 1536w, https:\\\/\\\/www.greenpeace.org\\\/static\\\/planet4-sweden-stateless\\\/2021\\\/10\\\/15b25742-adbust2021-6470-510x340.jpg 510w&quot;,&quot;image_sizes&quot;:false,&quot;alt_text&quot;:&quot;&quot;,&quot;caption&quot;:&quot;&quot;,&quot;focus_image&quot;:&quot;&quot;,&quot;credits&quot;:&quot;&quot;},{&quot;image_src&quot;:&quot;https:\\\/\\\/www.greenpeace.org\\\/static\\\/planet4-sweden-stateless\\\/2021\\\/10\\\/b00520e6-adbust2021-6461.jpg&quot;,&quot;image_srcset&quot;:&quot;https:\\\/\\\/www.greenpeace.org\\\/static\\\/planet4-sweden-stateless\\\/2021\\\/10\\\/b00520e6-adbust2021-6461.jpg 1442w, https:\\\/\\\/www.greenpeace.org\\\/static\\\/planet4-sweden-stateless\\\/2021\\\/10\\\/b00520e6-adbust2021-6461-300x200.jpg 300w, https:\\\/\\\/www.greenpeace.org\\\/static\\\/planet4-sweden-stateless\\\/2021\\\/10\\\/b00520e6-adbust2021-6461-1024x683.jpg 1024w, https:\\\/\\\/www.greenpeace.org\\\/static\\\/planet4-sweden-stateless\\\/2021\\\/10\\\/b00520e6-adbust2021-6461-768x512.jpg 768w, https:\\\/\\\/www.greenpeace.org\\\/static\\\/planet4-sweden-stateless\\\/2021\\\/10\\\/b00520e6-adbust2021-6461-510x340.jpg 510w&quot;,&quot;image_sizes&quot;:false,&quot;alt_text&quot;:&quot;&quot;,&quot;caption&quot;:&quot;&quot;,&quot;focus_image&quot;:&quot;&quot;,&quot;credits&quot;:&quot;&quot;},{&quot;image_src&quot;:&quot;https:\\\/\\\/www.greenpeace.org\\\/static\\\/planet4-sweden-stateless\\\/2021\\\/10\\\/9e49cd98-adbust2021-6412.jpg&quot;,&quot;image_srcset&quot;:&quot;https:\\\/\\\/www.greenpeace.org\\\/static\\\/planet4-sweden-stateless\\\/2021\\\/10\\\/9e49cd98-adbust2021-6412.jpg 2105w, https:\\\/\\\/www.greenpeace.org\\\/static\\\/planet4-sweden-stateless\\\/2021\\\/10\\\/9e49cd98-adbust2021-6412-300x200.jpg 300w, https:\\\/\\\/www.greenpeace.org\\\/static\\\/planet4-sweden-stateless\\\/2021\\\/10\\\/9e49cd98-adbust2021-6412-1024x683.jpg 1024w, https:\\\/\\\/www.greenpeace.org\\\/static\\\/planet4-sweden-stateless\\\/2021\\\/10\\\/9e49cd98-adbust2021-6412-768x513.jpg 768w, https:\\\/\\\/www.greenpeace.org\\\/static\\\/planet4-sweden-stateless\\\/2021\\\/10\\\/9e49cd98-adbust2021-6412-1536x1025.jpg 1536w, https:\\\/\\\/www.greenpeace.org\\\/static\\\/planet4-sweden-stateless\\\/2021\\\/10\\\/9e49cd98-adbust2021-6412-2048x1366.jpg 2048w, https:\\\/\\\/www.greenpeace.org\\\/static\\\/planet4-sweden-stateless\\\/2021\\\/10\\\/9e49cd98-adbust2021-6412-510x340.jpg 510w&quot;,&quot;image_sizes&quot;:false,&quot;alt_text&quot;:&quot;&quot;,&quot;caption&quot;:&quot;&quot;,&quot;focus_image&quot;:&quot;&quot;,&quot;credits&quot;:&quot;&quot;}]}}\"><\/div>","protected":false},"excerpt":{"rendered":"<p>Att g\u00f6ra reklam f\u00f6r fossila varor och tj\u00e4nster mitt i en klimatkris k\u00e4nns helt absurt. \u00c4nd\u00e5 \u00e4r det precis vad som h\u00e4nder. Dessutom sker detta p\u00e5 stan, i det offentliga rummet.<\/p>\n","protected":false},"author":34,"featured_media":49380,"comment_status":"closed","ping_status":"open","sticky":false,"template":"","format":"standard","meta":{"ep_exclude_from_search":false,"p4_og_title":"","p4_og_description":"","p4_og_image":"","p4_og_image_id":"","p4_seo_canonical_url":"","p4_campaign_name":"not set","p4_local_project":"not set","p4_basket_name":"not set","p4_department":"","footnotes":""},"categories":[2],"tags":[31,58,57],"p4-page-type":[16],"class_list":["post-49373","post","type-post","status-publish","format-standard","has-post-thumbnail","hentry","category-klimat","tag-aktivism","tag-falskmarknadsforing","tag-fossilreklamforbud","p4-page-type-artiklar"],"_links":{"self":[{"href":"https:\/\/www.greenpeace.org\/sweden\/wp-json\/wp\/v2\/posts\/49373","targetHints":{"allow":["GET"]}}],"collection":[{"href":"https:\/\/www.greenpeace.org\/sweden\/wp-json\/wp\/v2\/posts"}],"about":[{"href":"https:\/\/www.greenpeace.org\/sweden\/wp-json\/wp\/v2\/types\/post"}],"author":[{"embeddable":true,"href":"https:\/\/www.greenpeace.org\/sweden\/wp-json\/wp\/v2\/users\/34"}],"replies":[{"embeddable":true,"href":"https:\/\/www.greenpeace.org\/sweden\/wp-json\/wp\/v2\/comments?post=49373"}],"version-history":[{"count":9,"href":"https:\/\/www.greenpeace.org\/sweden\/wp-json\/wp\/v2\/posts\/49373\/revisions"}],"predecessor-version":[{"id":49396,"href":"https:\/\/www.greenpeace.org\/sweden\/wp-json\/wp\/v2\/posts\/49373\/revisions\/49396"}],"wp:featuredmedia":[{"embeddable":true,"href":"https:\/\/www.greenpeace.org\/sweden\/wp-json\/wp\/v2\/media\/49380"}],"wp:attachment":[{"href":"https:\/\/www.greenpeace.org\/sweden\/wp-json\/wp\/v2\/media?parent=49373"}],"wp:term":[{"taxonomy":"category","embeddable":true,"href":"https:\/\/www.greenpeace.org\/sweden\/wp-json\/wp\/v2\/categories?post=49373"},{"taxonomy":"post_tag","embeddable":true,"href":"https:\/\/www.greenpeace.org\/sweden\/wp-json\/wp\/v2\/tags?post=49373"},{"taxonomy":"p4-page-type","embeddable":true,"href":"https:\/\/www.greenpeace.org\/sweden\/wp-json\/wp\/v2\/p4-page-type?post=49373"}],"curies":[{"name":"wp","href":"https:\/\/api.w.org\/{rel}","templated":true}]}}