{"id":49503,"date":"2021-11-10T17:02:50","date_gmt":"2021-11-10T16:02:50","guid":{"rendered":"https:\/\/www.greenpeace.org\/sweden\/?p=49503"},"modified":"2021-11-10T17:02:52","modified_gmt":"2021-11-10T16:02:52","slug":"skogsuppgorelsen-raddar-regeringen-men-inte-skogen","status":"publish","type":"post","link":"https:\/\/www.greenpeace.org\/sweden\/pressmeddelanden\/skog\/skogsuppgorelsen-raddar-regeringen-men-inte-skogen\/","title":{"rendered":"Skogsuppg\u00f6relsen r\u00e4ddar regeringen, men inte skogen"},"content":{"rendered":"\n<p><strong>Regeringen missar chansen att anv\u00e4nda skogen som verktyg f\u00f6r att r\u00e4dda klimatet och den biologiska m\u00e5ngfalden. Det anser Greenpeace om <a rel=\"noreferrer noopener\" href=\"https:\/\/www.regeringen.se\/4abbe9\/contentassets\/160cd8f941b44011b5b65f32478b6785\/starkt-aganderatt-flexibla-skyddsformer-och-okade-incitament-for-naturvarden-i-skogen-med-frivillighet-som-grund-prop.-20212258.pdf\" target=\"_blank\">dagens proposition om skogen<\/a>, som regeringen f\u00f6rhandlat fram tillsammans med Centerpartiet.<\/strong><\/p>\n\n<figure class=\"wp-block-image size-full\"><img loading=\"lazy\" decoding=\"async\" width=\"800\" height=\"534\" src=\"https:\/\/www.greenpeace.org\/static\/planet4-sweden-stateless\/2021\/03\/4f021695-gp0stqb59_web_size.jpg\" title=\"Majoritet vill ha h\u00e5rdare milj\u00f6krav vid avverkningar\" alt=\"Majoritet vill ha h\u00e5rdare milj\u00f6krav vid avverkningar\" class=\"wp-image-46139\" srcset=\"https:\/\/www.greenpeace.org\/static\/planet4-sweden-stateless\/2021\/03\/4f021695-gp0stqb59_web_size.jpg 800w, https:\/\/www.greenpeace.org\/static\/planet4-sweden-stateless\/2021\/03\/4f021695-gp0stqb59_web_size-300x200.jpg 300w, https:\/\/www.greenpeace.org\/static\/planet4-sweden-stateless\/2021\/03\/4f021695-gp0stqb59_web_size-768x513.jpg 768w, https:\/\/www.greenpeace.org\/static\/planet4-sweden-stateless\/2021\/03\/4f021695-gp0stqb59_web_size-510x340.jpg 510w\" sizes=\"auto, (max-width: 800px) 100vw, 800px\" \/><\/figure>\n\n<p>\u2013 Den grundl\u00e4ggande f\u00f6rst\u00e5elsen f\u00f6r skogens roll i samh\u00e4llsutvecklingen saknas. Utan specifika krav p\u00e5 naturn\u00e4ra och h\u00e5llbara skogsbruksmetoder, och med ett fortsatt fokus p\u00e5 \u00f6kat uttag fr\u00e5n skogen, s\u00e5 blir det om\u00f6jligt att klara v\u00e5ra klimat- och milj\u00f6m\u00e5l, s\u00e4ger <strong>Isadora Wronski, Sverigechef p\u00e5 Greenpeace<\/strong>.<\/p>\n\n<p>\u2013 Vi f\u00f6rv\u00e4ntar oss nu ett nytt \u00e4gardirektiv f\u00f6r\u00a0 Sveaskog som speglar de sk\u00e4rpta formuleringarna om att staten ska vara en f\u00f6reg\u00e5ngare n\u00e4r det g\u00e4ller h\u00e5llbart skogsbruk. F\u00f6r att klara v\u00e5ra klimat- och milj\u00f6m\u00e5l m\u00e5ste vi sluta med kalhyggen och byta till ett ekosystembaserat kalhyggesfritt skogsbruk. D\u00e4r \u00e4r Sveaskog \u00e4r statens viktigaste verktyg f\u00f6r att \u00e5stadkomma den f\u00f6r\u00e4ndringen, s\u00e4ger <strong>Carl Schlyter, kampanjledare p\u00e5 Greenpeace.\u00a0\u00a0<\/strong><\/p>\n\n<p>\u2013 Frivillighet \u00e4r en bra grund, men f\u00f6r att n\u00e5 de svenska milj\u00f6m\u00e5len kr\u00e4vs ett sammanh\u00e4ngande och funktionellt n\u00e4tverk av skyddade omr\u00e5den. Huvudsk\u00e4let f\u00f6r att skydda omr\u00e5den m\u00e5ste vara milj\u00f6sk\u00e4l, inte vilka omr\u00e5den skogs\u00e4garna anser passande. Men sj\u00e4lvklart ska alltid rimlig ers\u00e4ttning utg\u00e5, s\u00e4ger <strong>Carl Schlyter.<\/strong><\/p>\n\n<p>\u2013 EU har i sin skogsstrategi slagit fast att milj\u00f6kraven p\u00e5 skogsbruket m\u00e5ste \u00f6ka f\u00f6r att vi ska klara art- och klimatkriserna. Men i regeringens f\u00f6rslag n\u00e4mns inte EU:s skogsstrategin en enda g\u00e5ng, vilket \u00e4r anm\u00e4rkningsv\u00e4rt, s\u00e4ger <strong>Carl Schlyter<\/strong>.<\/p>\n\n<p><a href=\"https:\/\/www.greenpeace.org\/sweden\/publikationer\/45960\/den-svenska-skogen\/\">H\u00e4r kan du l\u00e4sa mer<\/a> om Greenpeace syn p\u00e5 den svenska skogen.<\/p>\n\n<p><strong>Kontakt:<\/strong> Carl Schlyter, kampanjledare p\u00e5 Greenpeace, carl.schlyter@greenpeace.org eller 070 234 13 57 <\/p>\n","protected":false},"excerpt":{"rendered":"<p>Regeringen missar chansen att anv\u00e4nda skogen som verktyg f\u00f6r att r\u00e4dda klimatet och den biologiska m\u00e5ngfalden. Det anser Greenpeace om dagens proposition om skogen, som regeringen f\u00f6rhandlat fram tillsammans med Centerpartiet.<\/p>\n","protected":false},"author":76,"featured_media":46139,"comment_status":"closed","ping_status":"closed","sticky":false,"template":"","format":"standard","meta":{"ep_exclude_from_search":false,"p4_og_title":"","p4_og_description":"","p4_og_image":"","p4_og_image_id":"","p4_seo_canonical_url":"","p4_campaign_name":"not set","p4_local_project":"not set","p4_basket_name":"not set","p4_department":"","footnotes":""},"categories":[22],"tags":[19,25,40],"p4-page-type":[14],"class_list":["post-49503","post","type-post","status-publish","format-standard","has-post-thumbnail","hentry","category-skog","tag-skyddaskogen","tag-hallbarenergi","tag-biodiversitet","p4-page-type-pressmeddelanden"],"_links":{"self":[{"href":"https:\/\/www.greenpeace.org\/sweden\/wp-json\/wp\/v2\/posts\/49503","targetHints":{"allow":["GET"]}}],"collection":[{"href":"https:\/\/www.greenpeace.org\/sweden\/wp-json\/wp\/v2\/posts"}],"about":[{"href":"https:\/\/www.greenpeace.org\/sweden\/wp-json\/wp\/v2\/types\/post"}],"author":[{"embeddable":true,"href":"https:\/\/www.greenpeace.org\/sweden\/wp-json\/wp\/v2\/users\/76"}],"replies":[{"embeddable":true,"href":"https:\/\/www.greenpeace.org\/sweden\/wp-json\/wp\/v2\/comments?post=49503"}],"version-history":[{"count":2,"href":"https:\/\/www.greenpeace.org\/sweden\/wp-json\/wp\/v2\/posts\/49503\/revisions"}],"predecessor-version":[{"id":49505,"href":"https:\/\/www.greenpeace.org\/sweden\/wp-json\/wp\/v2\/posts\/49503\/revisions\/49505"}],"wp:featuredmedia":[{"embeddable":true,"href":"https:\/\/www.greenpeace.org\/sweden\/wp-json\/wp\/v2\/media\/46139"}],"wp:attachment":[{"href":"https:\/\/www.greenpeace.org\/sweden\/wp-json\/wp\/v2\/media?parent=49503"}],"wp:term":[{"taxonomy":"category","embeddable":true,"href":"https:\/\/www.greenpeace.org\/sweden\/wp-json\/wp\/v2\/categories?post=49503"},{"taxonomy":"post_tag","embeddable":true,"href":"https:\/\/www.greenpeace.org\/sweden\/wp-json\/wp\/v2\/tags?post=49503"},{"taxonomy":"p4-page-type","embeddable":true,"href":"https:\/\/www.greenpeace.org\/sweden\/wp-json\/wp\/v2\/p4-page-type?post=49503"}],"curies":[{"name":"wp","href":"https:\/\/api.w.org\/{rel}","templated":true}]}}