{"id":49576,"date":"2021-11-18T16:36:00","date_gmt":"2021-11-18T15:36:00","guid":{"rendered":"https:\/\/www.greenpeace.org\/sweden\/?p=49576"},"modified":"2023-02-23T09:43:10","modified_gmt":"2023-02-23T08:43:10","slug":"regeringen-sager-ja-till-cementa-greenpeace-kommer-att-overklaga","status":"publish","type":"post","link":"https:\/\/www.greenpeace.org\/sweden\/pressmeddelanden\/greenpeace\/regeringen-sager-ja-till-cementa-greenpeace-kommer-att-overklaga\/","title":{"rendered":"Regeringen s\u00e4ger ja till Cementa \u2013 Greenpeace kommer att \u00f6verklaga"},"content":{"rendered":"\n<p><strong>Regeringen har i dag beslutat att bevilja Cementa tillst\u00e5nd till kalkbrytning i Slite p\u00e5 Gotland. <\/strong><strong>Greenpeace \u00e4r mycket kritisk till beslutet och kommer att \u00f6verklaga \u00e4rendet till h\u00f6gsta f\u00f6rvaltningsdomstolen.&nbsp;<\/strong><\/p>\n\n<figure class=\"wp-block-image size-large\"><img loading=\"lazy\" decoding=\"async\" width=\"1024\" height=\"688\" src=\"https:\/\/www.greenpeace.org\/static\/planet4-sweden-stateless\/2021\/09\/b260a4dc-gp014uk_medium_res-1024x688.jpg\" alt=\"\" class=\"wp-image-49121\" srcset=\"https:\/\/www.greenpeace.org\/static\/planet4-sweden-stateless\/2021\/09\/b260a4dc-gp014uk_medium_res-1024x688.jpg 1024w, https:\/\/www.greenpeace.org\/static\/planet4-sweden-stateless\/2021\/09\/b260a4dc-gp014uk_medium_res-300x202.jpg 300w, https:\/\/www.greenpeace.org\/static\/planet4-sweden-stateless\/2021\/09\/b260a4dc-gp014uk_medium_res-768x516.jpg 768w, https:\/\/www.greenpeace.org\/static\/planet4-sweden-stateless\/2021\/09\/b260a4dc-gp014uk_medium_res-506x340.jpg 506w, https:\/\/www.greenpeace.org\/static\/planet4-sweden-stateless\/2021\/09\/b260a4dc-gp014uk_medium_res.jpg 1199w\" sizes=\"auto, (max-width: 1024px) 100vw, 1024px\" \/><figcaption class=\"wp-element-caption\">Cementas fabrik i Slite p\u00e5 Gotland. Foto: Greenpeace<\/figcaption><\/figure>\n\n<p>\u2013 Att regeringen valt att kringg\u00e5 milj\u00f6balken och domstolarna \u00e4r ett farligt prejudikat. Milj\u00f6balken \u00e4r ett av v\u00e5ra viktigaste verktyg f\u00f6r att s\u00e4kra milj\u00f6n f\u00f6r kommande generationer. Risken \u00e4r att andra f\u00f6retag kommer utnyttja sin dominerande marknadsst\u00e4llning f\u00f6r att komma runt v\u00e5ra milj\u00f6lagar, s\u00e4ger <strong>Carl Schlyter, kampanjledare p\u00e5 Greenpeace.<\/strong><\/p>\n\n<p>Dagens beslut sker med st\u00f6d av den nya <a href=\"https:\/\/www.greenpeace.org\/sweden\/bakgrund\/49124\/det-har-behover-du-veta-om-cementas-undantagstillstand\/\">\u201cCementalagen\u201d<\/a>, som regeringen hittade p\u00e5 f\u00f6r att kunna kringg\u00e5 milj\u00f6balken och domstolarna som redan sagt nej till ett nytt tillst\u00e5nd f\u00f6r Cementa, d\u00e5 bolaget inte levererat en tillr\u00e4cklig milj\u00f6konsekvensbeskrivning.<\/p>\n\n<p>Regeringen har tidigare beslutat att bevilja Cementa undantag fr\u00e5n kraven i en fullst\u00e4ndig milj\u00f6konsekvensbeskrivning och i dag kom beslutet att Cementa f\u00e5r ett specialtillst\u00e5nd.<\/p>\n\n<p>Greenpeace kampanjledare Carl Schlyter har tidigare kallat regeringens hantering av Cementafr\u00e5gan ett <a href=\"https:\/\/www.greenpeace.org\/sweden\/pressmeddelanden\/49076\/greenpeace-om-cementabeslutet-regeringen-struntar-i-grundlagen\/\">\u201chat-trick i grundlagsbrott\u201d.<\/a> Greenpeace har aviserat att organisationen kommer att \u00f6verklaga \u00e4rendet till h\u00f6gsta f\u00f6rvaltningsdomstolen.&nbsp;<\/p>\n\n<p>\u2013 V\u00e5ra milj\u00f6lagar ska g\u00e4lla lika f\u00f6r alla. Det \u00e4r avg\u00f6rande f\u00f6r att vi ska kunna hantera de klimat- och milj\u00f6kriser vi st\u00e5r inf\u00f6r. Detta beslut uppfyller inte ens kraven i regeringens speciallag, det n\u00e5r inte milj\u00f6skyddet och det har inte visat tillr\u00e4ckligt v\u00e4l att inga b\u00e4ttre alternativ finns, s\u00e4ger <strong>Carl Schlyter.<\/strong><\/p>\n\n<p><strong>Kontakt: <\/strong>Carl Schlyter, kampanjledare p\u00e5 Greenpeace, <a href=\"mailto:carl.schlyter@greenpeace.org\">carl.schlyter@greenpeace.org<\/a> eller 070\u2013234 13 57<\/p>\n","protected":false},"excerpt":{"rendered":"<p>Regeringen har i dag beslutat att bevilja Cementa tillst\u00e5nd till kalkbrytning i Slite p\u00e5 Gotland. Greenpeace \u00e4r mycket kritisk till beslutet och kommer att \u00f6verklaga \u00e4rendet till h\u00f6gsta f\u00f6rvaltningsdomstolen.<\/p>\n","protected":false},"author":76,"featured_media":49121,"comment_status":"closed","ping_status":"closed","sticky":false,"template":"","format":"standard","meta":{"ep_exclude_from_search":false,"p4_og_title":"","p4_og_description":"","p4_og_image":"","p4_og_image_id":"","p4_seo_canonical_url":"","p4_campaign_name":"not set","p4_local_project":"not set","p4_basket_name":"not set","p4_department":"","footnotes":""},"categories":[1],"tags":[40],"p4-page-type":[14],"class_list":["post-49576","post","type-post","status-publish","format-standard","has-post-thumbnail","hentry","category-greenpeace","tag-biodiversitet","p4-page-type-pressmeddelanden"],"_links":{"self":[{"href":"https:\/\/www.greenpeace.org\/sweden\/wp-json\/wp\/v2\/posts\/49576","targetHints":{"allow":["GET"]}}],"collection":[{"href":"https:\/\/www.greenpeace.org\/sweden\/wp-json\/wp\/v2\/posts"}],"about":[{"href":"https:\/\/www.greenpeace.org\/sweden\/wp-json\/wp\/v2\/types\/post"}],"author":[{"embeddable":true,"href":"https:\/\/www.greenpeace.org\/sweden\/wp-json\/wp\/v2\/users\/76"}],"replies":[{"embeddable":true,"href":"https:\/\/www.greenpeace.org\/sweden\/wp-json\/wp\/v2\/comments?post=49576"}],"version-history":[{"count":3,"href":"https:\/\/www.greenpeace.org\/sweden\/wp-json\/wp\/v2\/posts\/49576\/revisions"}],"predecessor-version":[{"id":55207,"href":"https:\/\/www.greenpeace.org\/sweden\/wp-json\/wp\/v2\/posts\/49576\/revisions\/55207"}],"wp:featuredmedia":[{"embeddable":true,"href":"https:\/\/www.greenpeace.org\/sweden\/wp-json\/wp\/v2\/media\/49121"}],"wp:attachment":[{"href":"https:\/\/www.greenpeace.org\/sweden\/wp-json\/wp\/v2\/media?parent=49576"}],"wp:term":[{"taxonomy":"category","embeddable":true,"href":"https:\/\/www.greenpeace.org\/sweden\/wp-json\/wp\/v2\/categories?post=49576"},{"taxonomy":"post_tag","embeddable":true,"href":"https:\/\/www.greenpeace.org\/sweden\/wp-json\/wp\/v2\/tags?post=49576"},{"taxonomy":"p4-page-type","embeddable":true,"href":"https:\/\/www.greenpeace.org\/sweden\/wp-json\/wp\/v2\/p4-page-type?post=49576"}],"curies":[{"name":"wp","href":"https:\/\/api.w.org\/{rel}","templated":true}]}}