{"id":49699,"date":"2021-11-30T17:16:24","date_gmt":"2021-11-30T16:16:24","guid":{"rendered":"https:\/\/www.greenpeace.org\/sweden\/?p=49699"},"modified":"2023-02-17T10:32:04","modified_gmt":"2023-02-17T09:32:04","slug":"biologisk-mangfald","status":"publish","type":"post","link":"https:\/\/www.greenpeace.org\/sweden\/artiklar\/hav\/biologisk-mangfald\/","title":{"rendered":"Biologisk m\u00e5ngfald \u2013 allt du beh\u00f6ver veta"},"content":{"rendered":"\n<figure class=\"wp-block-image size-large\"><img loading=\"lazy\" decoding=\"async\" width=\"1024\" height=\"684\" src=\"https:\/\/www.greenpeace.org\/static\/planet4-sweden-stateless\/2021\/11\/a671b580-biologisk-ma\u030angfald-1024x684.jpg\" alt=\"Ett bi som pollinerar en blomma\" class=\"wp-image-49700\" srcset=\"https:\/\/www.greenpeace.org\/static\/planet4-sweden-stateless\/2021\/11\/a671b580-biologisk-ma\u030angfald-1024x684.jpg 1024w, https:\/\/www.greenpeace.org\/static\/planet4-sweden-stateless\/2021\/11\/a671b580-biologisk-ma\u030angfald-300x200.jpg 300w, https:\/\/www.greenpeace.org\/static\/planet4-sweden-stateless\/2021\/11\/a671b580-biologisk-ma\u030angfald-768x513.jpg 768w, https:\/\/www.greenpeace.org\/static\/planet4-sweden-stateless\/2021\/11\/a671b580-biologisk-ma\u030angfald-1536x1025.jpg 1536w, https:\/\/www.greenpeace.org\/static\/planet4-sweden-stateless\/2021\/11\/a671b580-biologisk-ma\u030angfald-2048x1367.jpg 2048w, https:\/\/www.greenpeace.org\/static\/planet4-sweden-stateless\/2021\/11\/a671b580-biologisk-ma\u030angfald-2046x1366.jpg 2046w, https:\/\/www.greenpeace.org\/static\/planet4-sweden-stateless\/2021\/11\/a671b580-biologisk-ma\u030angfald-510x340.jpg 510w\" sizes=\"auto, (max-width: 1024px) 100vw, 1024px\" \/><figcaption class=\"wp-element-caption\">Pollinerare som bin bidrar till biologisk m\u00e5ngfald. \/ Foto av Dmitry Grigoriev<\/figcaption><\/figure>\n\n<p><strong>Biologisk m\u00e5ngfald<\/strong> \u00e4r helt avg\u00f6rande f\u00f6r allt liv p\u00e5 jorden. Det skapar friska ekosystem som i sin tur skapar ekosystemtj\u00e4nster, vilket ger oss mat, rent vatten, reglerat klimat och skydd mot nya pandemier.<\/p>\n\n<p>Men p\u00e5 grund av oss m\u00e4nniskor p\u00e5g\u00e5r just nu en <a href=\"https:\/\/www.greenpeace.org\/sweden\/nyheter\/50147\/det-sjatte-massutdoendet\/\" target=\"_blank\" rel=\"noreferrer noopener\">massutrotning<\/a>. Aldrig tidigare i m\u00e4nsklighetens historia har den biologiska m\u00e5ngfalden minskat s\u00e5 snabbt som nu, trots att den \u00e4r helt avg\u00f6rande f\u00f6r v\u00e5r \u00f6verlevnad.<\/p>\n\n<p>Nu riskerar <a href=\"https:\/\/www.un.org\/sustainabledevelopment\/blog\/2019\/05\/nature-decline-unprecedented-report\/\" target=\"_blank\" rel=\"noreferrer noopener\">uppemot 1 miljon<\/a> av v\u00e4rldens uppskattningsvis \u00e5tta miljoner v\u00e4xt- och djurarter att utrotas.<\/p>\n\n<figure class=\"wp-block-image size-full\"><img loading=\"lazy\" decoding=\"async\" width=\"800\" height=\"505\" src=\"https:\/\/www.greenpeace.org\/static\/planet4-sweden-stateless\/2021\/11\/764060d2-sumtratiger.jpg\" alt=\"N\u00e4rbild p\u00e5 en sumatratiger\" class=\"wp-image-49701\" srcset=\"https:\/\/www.greenpeace.org\/static\/planet4-sweden-stateless\/2021\/11\/764060d2-sumtratiger.jpg 800w, https:\/\/www.greenpeace.org\/static\/planet4-sweden-stateless\/2021\/11\/764060d2-sumtratiger-300x189.jpg 300w, https:\/\/www.greenpeace.org\/static\/planet4-sweden-stateless\/2021\/11\/764060d2-sumtratiger-768x485.jpg 768w, https:\/\/www.greenpeace.org\/static\/planet4-sweden-stateless\/2021\/11\/764060d2-sumtratiger-510x322.jpg 510w\" sizes=\"auto, (max-width: 800px) 100vw, 800px\" \/><figcaption class=\"wp-element-caption\">En sumatratiger inaturreservatet Bukit Barisan p\u00e5 Sumatra, Indonesian. Just nu finns endast 400 sumatratigrar kvar i det vilda och den \u00e4r d\u00e4rmed klassad som akut hotad.<\/figcaption><\/figure>\n\n<h2 class=\"wp-block-heading\"><strong>Vad \u00e4r biologisk m\u00e5ngfald?<\/strong><\/h2>\n\n<p><strong>Biologisk m\u00e5ngfald<\/strong> beskriver all den variation som finns mellan och inom arter och livsmilj\u00f6er p\u00e5 v\u00e5r planet. Den bygger p\u00e5 tre niv\u00e5er:<\/p>\n\n<ul class=\"wp-block-list\">\n<li>M\u00e5ngfalden av arter<\/li>\n\n\n\n<li>Genetisk variation inom arter<\/li>\n\n\n\n<li>M\u00e5ngfalden av ekosystem.<\/li>\n<\/ul>\n\n<p>Ju st\u00f6rre m\u00e5ngfald som finns inom dessa naturliga niv\u00e5er, desto mer motst\u00e5ndskraft och livskraft finns det i naturen. Med stor motst\u00e5ndskraft, eller resiliens, i ett biologiskt system \u00e4r det b\u00e4ttre rustat att klara av yttre hot av olika slag. Som exempelvis en allt varmare planet.<\/p>\n\n<figure class=\"wp-block-image size-large\"><img loading=\"lazy\" decoding=\"async\" width=\"1024\" height=\"683\" src=\"https:\/\/www.greenpeace.org\/static\/planet4-sweden-stateless\/2021\/11\/4387275c-spindelapa-1024x683.jpg\" alt=\"En spindelapa\" class=\"wp-image-49702\" srcset=\"https:\/\/www.greenpeace.org\/static\/planet4-sweden-stateless\/2021\/11\/4387275c-spindelapa-1024x683.jpg 1024w, https:\/\/www.greenpeace.org\/static\/planet4-sweden-stateless\/2021\/11\/4387275c-spindelapa-300x200.jpg 300w, https:\/\/www.greenpeace.org\/static\/planet4-sweden-stateless\/2021\/11\/4387275c-spindelapa-768x512.jpg 768w, https:\/\/www.greenpeace.org\/static\/planet4-sweden-stateless\/2021\/11\/4387275c-spindelapa-1536x1025.jpg 1536w, https:\/\/www.greenpeace.org\/static\/planet4-sweden-stateless\/2021\/11\/4387275c-spindelapa-2048x1366.jpg 2048w, https:\/\/www.greenpeace.org\/static\/planet4-sweden-stateless\/2021\/11\/4387275c-spindelapa-510x340.jpg 510w\" sizes=\"auto, (max-width: 1024px) 100vw, 1024px\" \/><figcaption class=\"wp-element-caption\">En nyfiken spindelapa i Katmandu, Nepal. \/ Foto av Jerome Sallerin<\/figcaption><\/figure>\n\n<h2 class=\"wp-block-heading\"><strong>Varf\u00f6r \u00e4r biologisk m\u00e5ngfald viktigt?<\/strong><\/h2>\n\n<p><strong>Biologisk m\u00e5ngfald<\/strong> fungerar som ett skyddsn\u00e4t som ser till s\u00e5 att allt levande p\u00e5 v\u00e5r planet kan \u00f6verleva och frodas \u2013 och det g\u00e4ller \u00e4ven oss m\u00e4nniskor. Biologisk m\u00e5ngfald skapar en m\u00e4ngd olika ekosystem, och med det olika ekosystemtj\u00e4nster.<\/p>\n\n<p>Dessa ekosystem spelar en viktig roll f\u00f6r naturens grundl\u00e4ggande funktioner som pollinering, spridning av fr\u00f6n, b\u00f6rdig jord, klimatreglering och rening av luft och vatten. Ekosystemen och dess olika ekosystemtj\u00e4nster \u00e4r helt avg\u00f6rande f\u00f6r allt levande p\u00e5 jorden.<\/p>\n\n<p>Vissa exempel \u00e4r sj\u00e4lvklara: Utan v\u00e4xter skulle det inte finnas n\u00e5got syre, och utan pollinerande vildbin s\u00e5 s\u00e5 skulle mycket av det vi \u00e4ter, som exempelvis frukt och n\u00f6tter bli v\u00e4ldigt mycket dyrare och sv\u00e5rare att odla.<\/p>\n\n<p>Andra \u00e4r inte lika sj\u00e4lvklara \u2013 korallreven och mangrovetr\u00e4sk ger ov\u00e4rderligt skydd fr\u00e5n cykloner och tsunamis f\u00f6r de som lever vid kusten, medan tr\u00e4d kan absorbera luftf\u00f6roreningar i storst\u00e4der.<\/p>\n\n<p>Och andra \u00e4r v\u00e4ldigt otippade \u2013 f\u00e5 t\u00e4nker att tropiska sk\u00f6ldpaddor eller spindelapor g\u00f6r n\u00e5got f\u00f6r att att stabilisera klimatet. Men flera av de t\u00e4ta l\u00f6vtr\u00e4d som effektivt tar bort koldioxid fr\u00e5n atmosf\u00e4ren \u00e4r beroende av att deras fr\u00f6n f\u00f6rdelas fr\u00e5n dessa stora frukt\u00e4tare.&nbsp;<\/p>\n\n<p>N\u00e4r forskare unders\u00f6ker ekosystem s\u00e5 hittar de or\u00e4kneligt m\u00e5nga liknande interaktioner som under evolutionens finslipats i miljontals \u00e5r. Om denna process f\u00e5r verka utan m\u00e4nsklig f\u00f6rst\u00f6relse, producerar den balanserade och friska ekosystem och skapar en livskraftig planet i balans.<\/p>\n\n<figure class=\"wp-block-image size-full\"><img loading=\"lazy\" decoding=\"async\" width=\"800\" height=\"533\" src=\"https:\/\/www.greenpeace.org\/static\/planet4-sweden-stateless\/2021\/11\/885d291b-orangutang.jpg\" alt=\"Orangutang tar skydd vid en flod fr\u00e5n br\u00e4nder\" class=\"wp-image-49703\" srcset=\"https:\/\/www.greenpeace.org\/static\/planet4-sweden-stateless\/2021\/11\/885d291b-orangutang.jpg 800w, https:\/\/www.greenpeace.org\/static\/planet4-sweden-stateless\/2021\/11\/885d291b-orangutang-300x200.jpg 300w, https:\/\/www.greenpeace.org\/static\/planet4-sweden-stateless\/2021\/11\/885d291b-orangutang-768x512.jpg 768w, https:\/\/www.greenpeace.org\/static\/planet4-sweden-stateless\/2021\/11\/885d291b-orangutang-510x340.jpg 510w\" sizes=\"auto, (max-width: 800px) 100vw, 800px\" \/><figcaption class=\"wp-element-caption\">Regnskogen i centrala Kalimantan har haft m\u00e5nga skogsbr\u00e4nder, en stor andel \u00e4r anlagda f\u00f6r att ge plats \u00e5t fler palmoljeodlingar. H\u00e4r har en orangutang lyckats komma undan eldens l\u00e5gor, en art som nu \u00e4r hotad av utrotning p\u00e5 grund av skogsbr\u00e4nder och avskogning.<\/figcaption><\/figure>\n\n<h2 class=\"wp-block-heading\"><strong>Hur kan vi bevara biologisk m\u00e5ngfald?<\/strong><\/h2>\n\n<p>Utrotningen av arter riskerar att rubba m\u00e5nga av v\u00e4rldens ekosystem som frodats i miljontals \u00e5r. Om vi inte agerar nu s\u00e5 kommer det leda till mycket stora konsekvenser f\u00f6r oss m\u00e4nniskor. Men vi kan fortfarande v\u00e4nda den negativa utvecklingen och skapa en h\u00e5llbar relation till allt det liv som vi delar planeten med.<\/p>\n\n<p>Artf\u00f6rlusten som p\u00e5g\u00e5r just nu \u00e4r en av v\u00e5r tids st\u00f6rsta \u00f6desfr\u00e5gor, och hur vi agerar f\u00f6r att bevara biologisk m\u00e5ngfald kommer att definiera oss och livet p\u00e5 v\u00e5r planet f\u00f6r kommande generationer.<\/p>\n\n<p>F\u00f6r att bevara den biologiska m\u00e5ngfalden m\u00e5ste vi bland annat:<\/p>\n\n<ul class=\"wp-block-list\">\n<li>Skydda 30 procent av land och hav till 2030, s\u00e5 att den biologiska m\u00e5ngfald som finns kvar kan f\u00e5 m\u00f6jlighet att \u00e5terh\u00e4mta sig.<\/li>\n<\/ul>\n\n<ul class=\"wp-block-list\">\n<li>St\u00e4lla om till ett naturn\u00e4ra skogs- och jordbruk som v\u00e4rnar om och \u00f6kar den biologiska m\u00e5ngfalden.<\/li>\n<\/ul>\n\n<ul class=\"wp-block-list\">\n<li>Politiker beh\u00f6ver ge konsumenter st\u00f6rre m\u00f6jlighet att handla mer h\u00e5llbart och f\u00e5 ett slut p\u00e5 v\u00e5r \u00f6verkonsumtion. De beh\u00f6ver arbeta f\u00f6r att minska hur mycket vi kollektivt konsumerar, fr\u00e4mja \u00e5teranv\u00e4ndning, delning, lagning, byten och \u00e5tervinning. Det skulle minska pressen p\u00e5 r\u00e5varor och minska koldioxidutsl\u00e4ppen.<\/li>\n<\/ul>\n\n<ul class=\"wp-block-list\">\n<li>Regeringar m\u00e5ste sluta s\u00e4tta f\u00f6retagens vinstintressen f\u00f6rst och hitta h\u00e5llbara s\u00e4tt att producera och konsumera livsmedel samt andra produkter som idag utarmar v\u00e5r natur.<\/li>\n<\/ul>\n\n<ul class=\"wp-block-list\">\n<li>Regeringar m\u00e5ste h\u00f6ja ambitionen och skapa starka \u00f6verenskommelser som hj\u00e4lper oss att bromsa den globala uppv\u00e4rmningen till 1,5 grader och kraftigt minska v\u00e5ra koldioxidutsl\u00e4pp.<\/li>\n<\/ul>\n\n<figure class=\"wp-block-image size-large\"><img loading=\"lazy\" decoding=\"async\" width=\"1024\" height=\"683\" src=\"https:\/\/www.greenpeace.org\/static\/planet4-sweden-stateless\/2021\/11\/2a6f32a0-frivilliga-brandma\u0308n-1024x683.jpg\" alt=\"Tv\u00e5 frivilliga brandm\u00e4n fr\u00e5n Greenpeace\" class=\"wp-image-49704\" srcset=\"https:\/\/www.greenpeace.org\/static\/planet4-sweden-stateless\/2021\/11\/2a6f32a0-frivilliga-brandma\u0308n-1024x683.jpg 1024w, https:\/\/www.greenpeace.org\/static\/planet4-sweden-stateless\/2021\/11\/2a6f32a0-frivilliga-brandma\u0308n-300x200.jpg 300w, https:\/\/www.greenpeace.org\/static\/planet4-sweden-stateless\/2021\/11\/2a6f32a0-frivilliga-brandma\u0308n-768x512.jpg 768w, https:\/\/www.greenpeace.org\/static\/planet4-sweden-stateless\/2021\/11\/2a6f32a0-frivilliga-brandma\u0308n-1536x1025.jpg 1536w, https:\/\/www.greenpeace.org\/static\/planet4-sweden-stateless\/2021\/11\/2a6f32a0-frivilliga-brandma\u0308n.jpg 2048w, https:\/\/www.greenpeace.org\/static\/planet4-sweden-stateless\/2021\/11\/2a6f32a0-frivilliga-brandma\u0308n-510x340.jpg 510w\" sizes=\"auto, (max-width: 1024px) 100vw, 1024px\" \/><figcaption class=\"wp-element-caption\">Greenpeace frivilliga brandm\u00e4n f\u00f6rbereder sig f\u00f6r att sl\u00e4cka en brand i centrala Kalimantans regnskog. Ett artrikt omr\u00e5de med unika ekosystem som m\u00e5ste bevaras. \/ Foto av Ulet Ifansasti, Greenpeace<\/figcaption><\/figure>\n\n<h2 class=\"wp-block-heading\"><strong>Bidra i kampen f\u00f6r en levande planet, bli m\u00e5nadsgivare!<\/strong><\/h2>\n\n<p>Det \u00e4r br\u00e5ttom, men vi kan fortfarande stoppa massutrotningen. Greenpeace arbetar med allt fr\u00e5n forskning och aktioner till politisk p\u00e5verkan och har g\u00e5ng p\u00e5 g\u00e5ng visat att v\u00e4rlden g\u00e5r att f\u00f6r\u00e4ndra.<\/p>\n\n<p>Greenpeace arbetar bland annat f\u00f6r ett globalt avtal f\u00f6r att skydda 30 procent av land och hav till 2030, stoppa ny gas- och oljeutvinning i Arktis samt stoppa handelsavtalet mellan EU och Brasilien (Mercosur-l\u00e4nderna) som skulle ge gr\u00f6nt ljus till \u00f6kad sk\u00f6vling av Amazonas regnskog.<\/p>\n\n<p>Men det \u00e4r ett stort arbete och som oberoende organisation som inte tar en enda krona fr\u00e5n f\u00f6retag, s\u00e5 \u00e4r vi helt beroende av din hj\u00e4lp f\u00f6r att lyckas. Vill du vara med och g\u00f6ra en insats som g\u00f6r skillnad och best\u00e5r? Blir m\u00e5nadsgivare idag \u2013 tillsammans kan vi g\u00f6ra skillnad. \ud83d\udc9a<\/p>\n\n<div class=\"wp-block-buttons is-horizontal is-content-justification-center is-layout-flex wp-container-core-buttons-is-layout-499968f5 wp-block-buttons-is-layout-flex\">\n<div class=\"wp-block-button is-style-cta\"><a class=\"wp-block-button__link wp-element-button\" href=\"https:\/\/stod.greenpeace.org\/d\/stod-vart-arbete\/\" target=\"_blank\" rel=\"noreferrer noopener\">BLI M\u00c5NADSGIVARE<\/a><\/div>\n<\/div>\n","protected":false},"excerpt":{"rendered":"<p>Biologisk m\u00e5ngfald \u00e4r helt avg\u00f6rande f\u00f6r allt liv p\u00e5 jorden. Det skapar friska ekosystem som i sin tur skapar ekosystemtj\u00e4nster, vilket ger oss mat, rent vatten, reglerat klimat och skydd mot nya pandemier. L\u00e4s mer!<\/p>\n","protected":false},"author":34,"featured_media":49700,"comment_status":"open","ping_status":"open","sticky":false,"template":"","format":"standard","meta":{"ep_exclude_from_search":false,"p4_og_title":"","p4_og_description":"","p4_og_image":"","p4_og_image_id":"","p4_seo_canonical_url":"","p4_campaign_name":"not set","p4_local_project":"not set","p4_basket_name":"not set","p4_department":"","footnotes":""},"categories":[3,22],"tags":[40,61,30,47,19],"p4-page-type":[16],"class_list":["post-49699","post","type-post","status-publish","format-standard","has-post-thumbnail","hentry","category-hav","category-skog","tag-biodiversitet","tag-djur","tag-marinaskyddadeomraden","tag-regnskog","tag-skyddaskogen","p4-page-type-artiklar"],"_links":{"self":[{"href":"https:\/\/www.greenpeace.org\/sweden\/wp-json\/wp\/v2\/posts\/49699","targetHints":{"allow":["GET"]}}],"collection":[{"href":"https:\/\/www.greenpeace.org\/sweden\/wp-json\/wp\/v2\/posts"}],"about":[{"href":"https:\/\/www.greenpeace.org\/sweden\/wp-json\/wp\/v2\/types\/post"}],"author":[{"embeddable":true,"href":"https:\/\/www.greenpeace.org\/sweden\/wp-json\/wp\/v2\/users\/34"}],"replies":[{"embeddable":true,"href":"https:\/\/www.greenpeace.org\/sweden\/wp-json\/wp\/v2\/comments?post=49699"}],"version-history":[{"count":10,"href":"https:\/\/www.greenpeace.org\/sweden\/wp-json\/wp\/v2\/posts\/49699\/revisions"}],"predecessor-version":[{"id":54425,"href":"https:\/\/www.greenpeace.org\/sweden\/wp-json\/wp\/v2\/posts\/49699\/revisions\/54425"}],"wp:featuredmedia":[{"embeddable":true,"href":"https:\/\/www.greenpeace.org\/sweden\/wp-json\/wp\/v2\/media\/49700"}],"wp:attachment":[{"href":"https:\/\/www.greenpeace.org\/sweden\/wp-json\/wp\/v2\/media?parent=49699"}],"wp:term":[{"taxonomy":"category","embeddable":true,"href":"https:\/\/www.greenpeace.org\/sweden\/wp-json\/wp\/v2\/categories?post=49699"},{"taxonomy":"post_tag","embeddable":true,"href":"https:\/\/www.greenpeace.org\/sweden\/wp-json\/wp\/v2\/tags?post=49699"},{"taxonomy":"p4-page-type","embeddable":true,"href":"https:\/\/www.greenpeace.org\/sweden\/wp-json\/wp\/v2\/p4-page-type?post=49699"}],"curies":[{"name":"wp","href":"https:\/\/api.w.org\/{rel}","templated":true}]}}