{"id":50023,"date":"2022-01-05T11:13:00","date_gmt":"2022-01-05T10:13:00","guid":{"rendered":"https:\/\/www.greenpeace.org\/sweden\/?p=50023"},"modified":"2024-08-21T15:27:40","modified_gmt":"2024-08-21T14:27:40","slug":"for-att-skydda-haven-behover-vi-agera-nu-och-vi-behover-ett-starkt-globalt-havsavtal","status":"publish","type":"post","link":"https:\/\/www.greenpeace.org\/sweden\/pressmeddelanden\/hav\/for-att-skydda-haven-behover-vi-agera-nu-och-vi-behover-ett-starkt-globalt-havsavtal\/","title":{"rendered":"F\u00f6r att skydda haven beh\u00f6ver vi agera nu \u2013 och vi beh\u00f6ver ett starkt globalt havsavtal!"},"content":{"rendered":"\n<p><\/p>\n\n<p><strong>Haven \u00e4r grunden till allt liv p\u00e5 planeten. Men de h\u00e5ller p\u00e5 att d\u00f6, och vi beh\u00f6ver en akut handlingsplan f\u00f6r att skydda dem.<br>Den goda nyheten \u00e4r: vi har en plan!<\/strong><\/p>\n\n<figure class=\"wp-block-image\"><img decoding=\"async\" src=\"https:\/\/lh3.googleusercontent.com\/wHj1ZfZUJCOVpOilaQOLnmC1RgXtG1caRWdZuQaXufvoutsEF93YdZ6AQRsNEzWNYkzB6y36ZSCoZG2SCblb2AGYzLVGyBWbEreV125eJuAL88xZx47TER4AuOCzPTgKqsCt-6lG\" alt=\"Shaama Sandooyea, marinforskare och klimataktivist fr\u00e5n Mauritius, genomf\u00f6rde v\u00e4rldens f\u00f6rsta klimatstrejk under vattnet ovanf\u00f6r Saya de Malha-banken under en expedition med Greenpeace.\"\/><figcaption>Shaama Sandooyea, marinforskare och klimataktivist fr\u00e5n Mauritius, genomf\u00f6rde v\u00e4rldens f\u00f6rsta klimatstrejk under vattnet ovanf\u00f6r Saya de Malha-banken under en expedition med Greenpeace.<\/figcaption><\/figure>\n\n<p><\/p>\n\n<p>Ute p\u00e5 haven, utom synh\u00e5ll och bortom lagen, plundrar stora industriella fiskef\u00f6retag ekosystemen p\u00e5 liv. Denna plundring av haven driver vilda djurpopulationer mot kollaps och l\u00e4mnar ingenting kvar f\u00f6r de kustsamh\u00e4llen som \u00e4r helt beroende av sm\u00e5skaligt fiske f\u00f6r att \u00f6verleva. F\u00f6roreningar, oljeborrning och det framv\u00e4xande hotet om djuphavsgruvdrift f\u00f6rgiftar det marina livet och f\u00f6rv\u00e4rrar klimatkrisen genom att utpl\u00e5na livviktiga ekosystem.&nbsp;<\/p>\n\n<p>Som en del av Greenpeace kampanj <strong>Protect the Oceans<\/strong> har vi seglat i alla v\u00e4rldens hav f\u00f6r att avsl\u00f6ja plundring och uppmana till ett verkligt skydd av livet i haven. Vi har utf\u00f6rt viktig klimatforskning i Arktis isar, f\u00f6ljt sk\u00f6ldpaddors f\u00f6rr\u00e4diska vandingsresor \u00f6ver Atlanten och bevittnat en chockerande nedg\u00e5ng i antalet pingviner i Antarktis. Vi har uppt\u00e4ckt extrema koncentrationer av plastavfall i Sargassohavet, konfronterat destruktiva fiskefartyg och oljebolag i sydv\u00e4stra Atlanten och exponerat hotet om djuphavsgruvdrift i Stilla havet. Vi har genomf\u00f6rt en helt ny kartl\u00e4ggning av vilda djur p\u00e5 v\u00e4rldens st\u00f6rsta sj\u00f6gr\u00e4s\u00e4ngar i Indiska oceanen och st\u00e5tt sida vid sida med kustsamh\u00e4llen som bevittnar f\u00f6rst\u00f6relsen av v\u00e5ra hav f\u00f6rst av alla.&nbsp;<\/p>\n\n<p>Vi tog med ett internationellt team av forskare till Saya de Malha Bank mitt i Indiska Oceanen f\u00f6r att <a href=\"https:\/\/maps.greenpeace.org\/maps\/su\/indian_ocean_2021\/\">kartl\u00e4gga och unders\u00f6ka omr\u00e5dets vilda djur.<\/a> Med hj\u00e4lp av kikare, hydrofoner och DNA-tester kunde vi bekr\u00e4fta att regionen \u00e4r en f\u00f6doplats f\u00f6r hotade arter som kaskeloten, och ett omr\u00e5de rikt p\u00e5 valar, hajar, delfiner och sj\u00f6f\u00e5glar.<br><br>Saya de Malha Bank \u00e4r hem f\u00f6r v\u00e4rldens st\u00f6rsta sj\u00f6gr\u00e4s\u00e4ng &#8211; v\u00e4xtlighet som tar upp dubbelt s\u00e5 mycket koldioxid som tropiska skogar &#8211; och \u00e4r d\u00e4rf\u00f6r en av de st\u00f6rsta kols\u00e4nkorna i havet.&nbsp;<\/p>\n\n<p>Bes\u00e4ttningen ombord uppt\u00e4ckte ocks\u00e5 stora drivgarn &#8211; s\u00e5 kallade d\u00f6dsv\u00e4ggar &#8211; som varit f\u00f6rbjudna av FN i \u00f6ver 30 \u00e5r, som fortfarande anv\u00e4ndes i norra Indiska oceanen, med dokumenterade bif\u00e5ngster av hotade arter som dj\u00e4vulsrockor och hajar. Ett snabbt v\u00e4xande, oreglerat <a href=\"https:\/\/www.maritime-executive.com\/article\/report-china-s-squid-fishing-fleet-has-discovered-the-indian-ocean\">bl\u00e4ckfiskfiske<\/a> med \u00f6ver 100 fartyg verkade helt utan granskning i regionen, vilket utg\u00f6r \u00e4nnu ett hot mot hela ekosystemet.&nbsp;<br><br><img loading=\"lazy\" decoding=\"async\" src=\"https:\/\/lh6.googleusercontent.com\/PYl4PaPulLSDOnZfKsvzTc-N1phJdR5MiZ9LE0KxdhZiaIsDgXEhljUjtxhuMikabvsCCci2mF4taRK62ygWONmDi6scaiW_kCB5TPhntj6g3nQHMnudzxw-Be0_1S6T1hC1k8mR\" width=\"404\" height=\"268\"><\/p>\n\n<figure class=\"wp-block-image\"><img alt=\"\"\/><\/figure>\n\n<p>Genom att arbeta med kustsamh\u00e4llen runt Indiska oceanen \u2013 i Mauritius, Madagaskar och Seychellerna \u2013 erbj\u00f6d vi bidrag till individer och lokala organisationer f\u00f6r att ta fram f\u00f6rstahands-rapporter om effekterna fr\u00e5n destruktivt fiske, f\u00f6roreningar och klimatf\u00f6r\u00e4ndringar.<br><br>Resultaten har varit otroliga. De finns i alla former och storlekar \u2013 skriftigt, videor, animationer och till och med en dikt. Oavsett om det \u00e4r sju\u00e5riga Kylian som klippte sig f\u00f6r att hj\u00e4lpa till att stoppa spridningen av ett oljeutsl\u00e4pp i Mauritius, eller Madame Kokoly, en sm\u00e5skalig yrkesfiskare som f\u00f6rlitar sig p\u00e5 havet f\u00f6r att \u00f6verleva och har bevittnat dess nedg\u00e5ng under decennier. Dessa \u00e4r vitala r\u00f6ster som kr\u00e4ver ett skydd av v\u00e5ra gemensamma hav.&nbsp;<\/p>\n\n<p>Vi vet att f\u00f6r att st\u00f6dja utsatta m\u00e4nniskor, skydda vilda djur och bek\u00e4mpa klimatkrisen s\u00e5 beh\u00f6ver vi ett n\u00e4tverk av havsreservat \u00f6ver minst en tredjedel av v\u00e4rldens hav till 2030. F\u00f6r att f\u00e5 till det m\u00e5ste vi f\u00f6rst s\u00e4kra ett historiskt globalt havsavtal inom FN \u2013 som ger oss de verktyg vi beh\u00f6ver.<br><br>Mer \u00e4n 100 l\u00e4nder efterlyser nu n\u00e5gon form av skydd f\u00f6r en tredjedel av haven \u2013 detta \u00e4r en verklig f\u00f6r\u00e4ndring i hur regeringar runt om i v\u00e4rlden pratar om haven!&nbsp;<br><br>Men vi beh\u00f6ver mer \u00e4n s\u00e5. Fina ord \u00e4r en droppe i havet. Om regeringar och ledare menar allvar med att skydda v\u00e5ra hav till 2030, beh\u00f6ver vi ett starkt globalt havsavtal. Ett avtal som g\u00f6r det m\u00f6jligt f\u00f6r oss att skapa havsreservat i alla v\u00e4rldens hav.<\/p>\n","protected":false},"excerpt":{"rendered":"<p>Haven \u00e4r grunden till allt liv p\u00e5 planeten. Men de h\u00e5ller p\u00e5 att d\u00f6, och vi beh\u00f6ver en akut handlingsplan f\u00f6r att skydda dem.<br \/>\nDen goda nyheten \u00e4r: vi har en plan!<\/p>\n","protected":false},"author":41,"featured_media":4212,"comment_status":"open","ping_status":"open","sticky":false,"template":"","format":"standard","meta":{"ep_exclude_from_search":false,"p4_og_title":"","p4_og_description":"","p4_og_image":"","p4_og_image_id":"","p4_seo_canonical_url":"","p4_campaign_name":"not set","p4_local_project":"not set","p4_basket_name":"not set","p4_department":"","footnotes":""},"categories":[3],"tags":[40,30,28],"p4-page-type":[14],"class_list":["post-50023","post","type-post","status-publish","format-standard","has-post-thumbnail","hentry","category-hav","tag-biodiversitet","tag-marinaskyddadeomraden","tag-overfiske","p4-page-type-pressmeddelanden"],"_links":{"self":[{"href":"https:\/\/www.greenpeace.org\/sweden\/wp-json\/wp\/v2\/posts\/50023","targetHints":{"allow":["GET"]}}],"collection":[{"href":"https:\/\/www.greenpeace.org\/sweden\/wp-json\/wp\/v2\/posts"}],"about":[{"href":"https:\/\/www.greenpeace.org\/sweden\/wp-json\/wp\/v2\/types\/post"}],"author":[{"embeddable":true,"href":"https:\/\/www.greenpeace.org\/sweden\/wp-json\/wp\/v2\/users\/41"}],"replies":[{"embeddable":true,"href":"https:\/\/www.greenpeace.org\/sweden\/wp-json\/wp\/v2\/comments?post=50023"}],"version-history":[{"count":5,"href":"https:\/\/www.greenpeace.org\/sweden\/wp-json\/wp\/v2\/posts\/50023\/revisions"}],"predecessor-version":[{"id":50343,"href":"https:\/\/www.greenpeace.org\/sweden\/wp-json\/wp\/v2\/posts\/50023\/revisions\/50343"}],"wp:featuredmedia":[{"embeddable":true,"href":"https:\/\/www.greenpeace.org\/sweden\/wp-json\/wp\/v2\/media\/4212"}],"wp:attachment":[{"href":"https:\/\/www.greenpeace.org\/sweden\/wp-json\/wp\/v2\/media?parent=50023"}],"wp:term":[{"taxonomy":"category","embeddable":true,"href":"https:\/\/www.greenpeace.org\/sweden\/wp-json\/wp\/v2\/categories?post=50023"},{"taxonomy":"post_tag","embeddable":true,"href":"https:\/\/www.greenpeace.org\/sweden\/wp-json\/wp\/v2\/tags?post=50023"},{"taxonomy":"p4-page-type","embeddable":true,"href":"https:\/\/www.greenpeace.org\/sweden\/wp-json\/wp\/v2\/p4-page-type?post=50023"}],"curies":[{"name":"wp","href":"https:\/\/api.w.org\/{rel}","templated":true}]}}