{"id":50032,"date":"2022-01-05T14:22:55","date_gmt":"2022-01-05T13:22:55","guid":{"rendered":"https:\/\/www.greenpeace.org\/sweden\/?p=50032"},"modified":"2025-07-02T08:32:17","modified_gmt":"2025-07-02T07:32:17","slug":"greenpeace-och-musiken-if-i-cant-dance-i-dont-want-your-revolution","status":"publish","type":"post","link":"https:\/\/www.greenpeace.org\/sweden\/artiklar\/greenpeace\/greenpeace-och-musiken-if-i-cant-dance-i-dont-want-your-revolution\/","title":{"rendered":"Greenpeace och musiken \u2013 If I can\u2019t dance, I don\u2019t want your revolution!"},"content":{"rendered":"\n<p><strong>Det var n\u00e4stan av en slump som Marie och Jim Bohlen kom p\u00e5 en plan f\u00f6r hur de skulle protestera mot USAs k\u00e4rnvapentester vid Amchitka, en avl\u00e4gsen \u00f6 i Alaska. Det var i Vancouver <strong>1970<\/strong>, och paret Bohlen &#8211; som var en del av en liten grupp milj\u00f6aktivister  som kallade sig &#8221;Don&#8217;t Make a Wave Committee&#8221; &#8211; hade diskuterat vad de skulle kunna g\u00f6ra f\u00f6r att f\u00f6rs\u00f6ka stoppa den planerade k\u00e4rnvapenspr\u00e4ngningen, n\u00e4r Marie Bohlen f\u00f6reslog: <em>&#8221;Vi borde segla dit med en b\u00e5t.&#8221;<\/em><\/strong><\/p>\n\n<p>Senare samma dag ringde en reporter fr\u00e5n Vancouver Sun till Jim Bohlen f\u00f6r att fr\u00e5ga hur de planerade att protestera mot det planerade k\u00e4rnvapenprovet. Os\u00e4ker p\u00e5 vad han skulle s\u00e4ga till journalisten, utbr\u00f6t Jim: &#8221;Vi hoppas kunna segla en b\u00e5t till Amchitka f\u00f6r att konfrontera bomben.&#8221; Ber\u00e4ttelsen trycktes dagen efter och planen var fastst\u00e4lld.&nbsp;<\/p>\n\n<p class=\"has-small-font-size\"><img loading=\"lazy\" decoding=\"async\" alt=\"Dorothy and Irving Stowe stand together outside, with Bree Drummond, Jim Bohlen, and Rod Marining nearby in 1971. All wear yellow and green Greenpeace T-shirts.\" src=\"https:\/\/lh5.googleusercontent.com\/GiTiqjqQxkE5WXZtfvsE6M9WAlmla5lAq37Bw3PHmAWK1NxIfZkrDiKHxg_1-fU-S_2MOdnZ315XZRZ7ed8ygBo65JTDU9cCowAh-yyHVSdBobje2EIok5NuldmtIr2_g1Q2mm0A\" width=\"624\" height=\"681\"><br>Dorothy och Irving Stowe, med Bree Drummond, Jim Bohlen, och Rod Marining 1971. \u00a9 Photo courtesy of Robert Stowe<\/p>\n\n<p>Don&#8217;t Make a Wave-kommitt\u00e9n d\u00f6ptes snart om till &#8221;Greenpeace&#8221;, och paret Bohlens plan &#8211; att chartra en gammal fiskeb\u00e5t och segla upp till platsen f\u00f6r den planerade k\u00e4rnvapenspr\u00e4ngningen i Alaska &#8211; skulle bli  Greenpeace f\u00f6rsta expedition n\u00e5gonsin. <br><br>F\u00f6r att samla in de n\u00f6dv\u00e4ndiga medlen f\u00f6r att chartra den gamla fiskeb\u00e5ten och ta sig till Alaska, bad en annan medlem i kommitt\u00e9n, Irving Stowe, s\u00e5ngerskan Joan Baez att arrangera en insamlingskonsert f\u00f6r att finansiera kampanjen. Baez kunde inte n\u00e4rvara, men presenterade Stowe f\u00f6r Joni Mitchell, som gick med p\u00e5 att spela, och tog med sig den d\u00e5 stigande stj\u00e4rnan James Taylor. Evenemanget, som h\u00f6lls i Vancouver i oktober 1970, samlade in $17 000, tillr\u00e4ckligt f\u00f6r att hyra en b\u00e5t och lite andra utgifter.<\/p>\n\n<h2 class=\"wp-block-heading\"><strong>1970: Joni Mitchell och James Taylor upptr\u00e4der f\u00f6r att samla in pengar till den f\u00f6rsta Greenpeace-expeditionen&nbsp;<\/strong><\/h2>\n<lite-youtube style=\"background-image: url('https:\/\/i.ytimg.com\/vi\/u7oL8b5lA4A\/hqdefault.jpg');\" videoid=\"u7oL8b5lA4A\" params=\"rel=0\"><\/lite-youtube>\n\n<p class=\"has-small-font-size\">James Taylor ber\u00e4ttar om upplevelsen n\u00e4r han spelade p\u00e5 Amchitka-konserten med Joni Mitchell, Vancouver, 1970.<\/p>\n\n<p>D\u00e4rmed \u00e4r sj\u00e4lva ursprunget till Greenpeace sammanfl\u00e4tat med musik. Kreativiteten, modet och direktaktionerna f\u00f6r att f\u00f6rsvara v\u00e5r v\u00e4rld blev en del av Greenpeace DNA fr\u00e5n de f\u00f6rsta dagarna, och m\u00f6jliggjordes genom musik. <br><br>Denna symbios har fortsatt i fem decennier. H\u00e4r \u00e4r n\u00e5gra av h\u00f6jdpunkterna.&nbsp;<\/p>\n\n<h2 class=\"wp-block-heading\"><strong>1989: Greenpeace-albumet som tog Moskva med storm (och byggde v\u00e5rt ryska kontor)&nbsp;<\/strong><\/h2>\n\n<p>Den 6 mars 1989 sl\u00e4pptes ett samlingsalbum med 25 sp\u00e5r, med titeln &#8221;Greenpeace: Breakthrough&#8221;, i Sovjetunionen. Int\u00e4kter skulle anv\u00e4ndas f\u00f6r att etablera Greenpeace i Ryssland. Avtalet, som ingicks med det statliga skivbolaget Melodiya, innebar att \u00e5tta miljoner dubbelalbum och 500 000 dubbelkassetter sl\u00e4pptes, vilket representerade den f\u00f6rsta stora utgivningen av v\u00e4sterl\u00e4ndsk rockmusik i Sovjetunionen.<\/p>\n\n<p>Varje album inneh\u00f6ll ocks\u00e5 ett 16-sidigt h\u00e4fte som gav en \u00f6versikt \u00f6ver v\u00e4rldens stora milj\u00f6problem och introducerade Greenpeace f\u00f6r den ryska allm\u00e4nheten. Artisterna, som alla donerade sina l\u00e5tar till albumet, inkluderade Peter Gabriel, Pretenders, Dire Straits, U2, Eurythmics, Talking Heads, Sting, Grateful Dead och Bryan Adams. Ett dussin av artisterna \u00e5kte sedan till Moskva f\u00f6r albumets lansering. Inom n\u00e5gra timmar s\u00e5ldes en halv miljon skivor och 15 maj hade \u00f6ver en miljon skivor s\u00e5lts.&nbsp;<\/p>\n\n<p>En sovjetisk journalist sa: &#8221;Varje g\u00e5ng du ansluter en elektronisk apparat i Sovjetunionen h\u00f6r du Greenpeace-albumet spelas.&#8221;&nbsp;<\/p>\n\n<figure class=\"wp-block-image size-large\"><img loading=\"lazy\" decoding=\"async\" width=\"1024\" height=\"682\" src=\"https:\/\/www.greenpeace.org\/static\/planet4-sweden-stateless\/2021\/12\/37f46fde-gp0stsf46_pressmedia-1024x682.jpg\" alt=\"\" class=\"wp-image-50036\" srcset=\"https:\/\/www.greenpeace.org\/static\/planet4-sweden-stateless\/2021\/12\/37f46fde-gp0stsf46_pressmedia-1024x682.jpg 1024w, https:\/\/www.greenpeace.org\/static\/planet4-sweden-stateless\/2021\/12\/37f46fde-gp0stsf46_pressmedia-300x200.jpg 300w, https:\/\/www.greenpeace.org\/static\/planet4-sweden-stateless\/2021\/12\/37f46fde-gp0stsf46_pressmedia-768x511.jpg 768w, https:\/\/www.greenpeace.org\/static\/planet4-sweden-stateless\/2021\/12\/37f46fde-gp0stsf46_pressmedia-1536x1022.jpg 1536w, https:\/\/www.greenpeace.org\/static\/planet4-sweden-stateless\/2021\/12\/37f46fde-gp0stsf46_pressmedia-2048x1363.jpg 2048w, https:\/\/www.greenpeace.org\/static\/planet4-sweden-stateless\/2021\/12\/37f46fde-gp0stsf46_pressmedia-510x340.jpg 510w\" sizes=\"auto, (max-width: 1024px) 100vw, 1024px\" \/><figcaption class=\"wp-element-caption\">The Edge fr\u00e5n U2 och Annie Lennox fr\u00e5n Eurythmics p\u00e5 R\u00f6da torget i Moskva f\u00f6r releasen av &#8221;Greenpeace: Breakthrough&#8221;. <\/figcaption><\/figure>\n<p><iframe title=\"Spotify Embed: Greenpeace: Breakthrough\" style=\"border-radius: 12px\" width=\"100%\" height=\"352\" frameborder=\"0\" allowfullscreen allow=\"autoplay; clipboard-write; encrypted-media; fullscreen; picture-in-picture\" loading=\"lazy\" src=\"https:\/\/open.spotify.com\/embed\/playlist\/0WXbCnWxtLoTPHCO0s2KIJ?go=1&#038;sp_cid=99f40354f520617ced528d0204654203&#038;utm_source=oembed&#038;utm_medium=desktop&#038;nd=1\"><\/iframe><\/p>\n\n<h2 class=\"wp-block-heading\"><strong>90-talet: U2, Public Enemy och Kraftwerk g\u00e5r ihop f\u00f6r att stoppa Sellafield&nbsp;<\/strong><\/h2>\n\n<p>Framg\u00e5ngen f\u00f6r Greenpeace samarbeten med musiker under 80-talet fortsatte att utvecklas under de kommande decennierna. Greenpeace hade blivit ett globalt varum\u00e4rke tack vare kombinationen av kreativa, rubrikskapande milj\u00f6aktioner och en v\u00e4xande r\u00f6relsen av m\u00e4nniskor \u00f6ver hela v\u00e4rlden som engagerade sig i kampen mot milj\u00f6m\u00e4ssiga och sociala or\u00e4ttvisor.&nbsp;<\/p>\n\n<p>Artisten Suggs fr\u00e5n bandet Madness \u2013 en av bidragsgivarna till albumet fr\u00e5n 1985 \u2013 h\u00f6ll med om att det inte gjordes tillr\u00e4ckligt f\u00f6r att skydda planeten och sa: &#8221;Greenpeace \u00e4r milj\u00f6v\u00e4nner som g\u00f6r saker. De h\u00e5ller inga debatter, anordnar inga marscher, de bara g\u00f6r saker.\u201d&nbsp;<\/p>\n\n<p>1992 ansl\u00f6t sig U2, till Public Enemy och Kraftwerk f\u00f6r att kampanja mot utbyggnaden av k\u00e4rnkraftsanl\u00e4ggningen Sellafield i Storbritannien, genom en stor konsert d\u00e4r Kraftwerk framf\u00f6rde sin klassiker &#8221;Radioactivity&#8221;.&nbsp;<\/p>\n\n<figure class=\"wp-block-image\"><img decoding=\"async\" src=\"https:\/\/lh5.googleusercontent.com\/AN26BiIDY6OoPAIIFTYn83dRh2GnUbbSYaHRABZPLQHyQva64e1EVHwxqpzspMbEfHgY5CJUVbyTR3ARjonzsAwz1W2vWwkAdK1dConFqS_e2Neys8LM1bvxa3V1STdf8KcGWecR\" alt=\"React Action with U2 at Sellafield Nuclear Plant in UK. \u00a9 Greenpeace \/ Jim Hodson\" title=\"React Action with U2 at Sellafield Nuclear Plant in UK. \u00a9 Greenpeace \/ Jim Hodson\"\/><\/figure>\n\n<figure class=\"wp-block-image\"><img decoding=\"async\" src=\"https:\/\/lh3.googleusercontent.com\/v6yqEguPsMnxMbCm8ptBS5DtgAmjuhH4I9j3XBSMTf0cNAHHJP7rXxNSFjWGIvdcjTpo-6ohEbxQb_4UVezPA6dIyE8KHbp691Uc8PKTT7w4ldTwHv8yTwN3jvGcA2BZKHEznsXx\" alt=\"React Concert Ticket\" title=\"React Concert Ticket\"\/><\/figure>\n\n<p><\/p>\n<lite-youtube style=\"background-image: url('https:\/\/i.ytimg.com\/vi\/0EBTn_3DBYo\/hqdefault.jpg');\" videoid=\"0EBTn_3DBYo\" params=\"rel=0\"><\/lite-youtube>\n\n<p class=\"has-small-font-size\">Kraftwerk framf\u00f6r \u2018Radioactivity\u2019 p\u00e5 Greenpeace React! 1992<\/p>\n\n<h2 class=\"wp-block-heading\"><strong>2000-talet och fram\u00e5t: V\u00e4rldsmusik&nbsp;<\/strong><\/h2>\n\n<p>In i det nya millenniet forts\u00e4tter vi att se v\u00e4rldens fr\u00e4msta musiker st\u00f6dja uppmaningen om en renare och gr\u00f6nare framtid genom sin musik. Musik och kultur spelar en avg\u00f6rande roll i kampen f\u00f6r att skydda v\u00e5r planet, genom att inspirera miljontals m\u00e4nniskor \u00f6ver hela v\u00e4rlden att agera. H\u00e4r \u00e4r n\u00e5gra av dem som gjorde exakt det.&nbsp;<\/p>\n\n<p>2016 f\u00f6ljde det libanesiska bandet <strong>Mashrou&#8217; Leila <\/strong>med Greenpeace p\u00e5 Rainbow Warriors skeppstur &#8221;Sun Unites Us&#8221; f\u00f6r att \u00f6ka medvetenheten om solenergins outnyttjade potential runt Medelhavet. Denna 360-videon var en av de f\u00f6rsta g\u00e5ngerna som Greenpeace anv\u00e4nde tekniken i sitt kampanjarbete.<br>Scrolla runt i bilden f\u00f6r att se hela bandet och Rainbow Warrior i bakgrunden!&nbsp;<\/p>\n<lite-youtube style=\"background-image: url('https:\/\/i.ytimg.com\/vi\/KmLQ9r8rZUM\/hqdefault.jpg');\" videoid=\"KmLQ9r8rZUM\" params=\"rel=0\"><\/lite-youtube>\n\n<p>En av de mest ikoniska Greenpeace-aktionerna de senaste \u00e5ren kom bara ett par m\u00e5nader senare, n\u00e4r Greenpeace bj\u00f6d in den hyllade italienska komposit\u00f6ren och pianisten Ludovico Einaudi att framf\u00f6ra en av sina egna kompositioner framf\u00f6r Wahlenbergglaci\u00e4ren i Norra Ishavet. <br><br>Ludovicos komposition, Elegy for the Arctic, inspirerades av de \u00e5tta miljoner m\u00e4nniskor runt om i v\u00e4rlden som efterlyste ett skydd f\u00f6r Arktis. Greenpeace-skeppet Arctic Sunrise tog Ludovico och hans flygel till Svalbard, och resultatet blev denna video, som s\u00e5gs vara miljoner m\u00e4nniskor runt om i v\u00e4rlden.&nbsp;<\/p>\n<lite-youtube style=\"background-image: url('https:\/\/i.ytimg.com\/vi\/Pk9f1GSGam0\/hqdefault.jpg');\" videoid=\"Pk9f1GSGam0\" params=\"rel=0\"><\/lite-youtube>\n\n<p>En annan global superstj\u00e4rna som g\u00e4rna delat sin talang f\u00f6r att \u00f6ka medvetenheten om hoten mot polaromr\u00e5dena \u00e4r Radioheads Thom Yorke som skapade det h\u00e4r sp\u00e5ret exklusivt f\u00f6r v\u00e5r <a href=\"https:\/\/www.greenpeace.org\/international\/story\/49867\/antarctica-shows-everything-possible-when-work-together\/\">Protect the Oceans-kampanj<\/a>. 2018 reste Greenpeace till Antarktis f\u00f6r att bedriva vetenskaplig forskning och kr\u00e4va skydd f\u00f6r en av de sista kvarvarande or\u00f6rda regionerna p\u00e5 jorden.&nbsp;<\/p>\n\n<p>De fantastiska bilderna som togs under den expeditionen, i kombination med Thom Yorkes sp\u00e5r &#8221;Hands off the Antarctic&#8221;, skapar en djupt r\u00f6rande k\u00e4nsla av en milj\u00f6 i fara &#8211; ett unikt ekosystem i desperat behov av skydd.&nbsp;<\/p>\n\n<figure class=\"wp-block-embed is-type-video is-provider-youtube wp-block-embed-youtube wp-embed-aspect-16-9 wp-has-aspect-ratio\"><div class=\"wp-block-embed__wrapper\">\n<lite-youtube style=\"background-image: url('https:\/\/i.ytimg.com\/vi\/qXF4l7NPhoY\/hqdefault.jpg');\" videoid=\"qXF4l7NPhoY\" params=\"rel=0\"><\/lite-youtube>\n<\/div><\/figure>\n\n<h2 class=\"wp-block-heading\"><strong>Soundtrack f\u00f6r framtiden: Naturens egen musik<\/strong><\/h2>\n\n<p>Under v\u00e5r femtio\u00e5riga historia har Greenpeace haft turen att arbeta med n\u00e5gra av planetens mest k\u00e4nda band och musiker, och n\u00e5tt ut till musik- och natur\u00e4lskare genom att belysa v\u00e5r tids viktigaste milj\u00f6fr\u00e5gor. Det har dock inte alltid varit instrument och s\u00e5ngare som skapat musiken, ibland \u00e4r det naturen sj\u00e4lv som s\u00e4tter soundtracket.<\/p>\n\n<p>Ett vackert exempel p\u00e5 detta \u00e4r <a href=\"https:\/\/www.sosforests.org\/\">Save Our Sounds project<\/a> fr\u00e5n 2017. Greenpeace Indonesien samarbetade med Jakarta-baserade DJ:n och producenten <a href=\"https:\/\/soundcloud.com\/ninda-felina\">Ninda Felina<\/a>, som reste in i hj\u00e4rtat av Papuas regnskogar f\u00f6r att g\u00f6ra ljudinspelningar av den otroliga biologiska m\u00e5ngfalden i regionen. Ninda anv\u00e4nde sedan dessa inspelningar f\u00f6r att skapa det hyllade sp\u00e5ret Birds of Paradise, som spelades p\u00e5 festivaler \u00f6ver hela v\u00e4rlden.&nbsp;<\/p>\n\n<figure class=\"wp-block-embed is-type-rich is-provider-soundcloud wp-block-embed-soundcloud\"><div class=\"wp-block-embed__wrapper\">\n<iframe loading=\"lazy\" title=\"The Birds Of Paradise by Ninda Felina\" width=\"500\" height=\"400\" scrolling=\"no\" frameborder=\"no\" src=\"https:\/\/w.soundcloud.com\/player\/?visual=true&#038;url=https%3A%2F%2Fapi.soundcloud.com%2Ftracks%2F351743623&#038;show_artwork=true&#038;maxheight=750&#038;maxwidth=500\"><\/iframe>\n<\/div><\/figure>\n\n<figure class=\"wp-block-image size-large\"><img loading=\"lazy\" decoding=\"async\" width=\"1024\" height=\"575\" src=\"https:\/\/www.greenpeace.org\/static\/planet4-sweden-stateless\/2021\/12\/b0418dba-gp0str6je_pressmedia-1024x575.jpg\" alt=\"\" class=\"wp-image-50037\" srcset=\"https:\/\/www.greenpeace.org\/static\/planet4-sweden-stateless\/2021\/12\/b0418dba-gp0str6je_pressmedia-1024x575.jpg 1024w, https:\/\/www.greenpeace.org\/static\/planet4-sweden-stateless\/2021\/12\/b0418dba-gp0str6je_pressmedia-300x169.jpg 300w, https:\/\/www.greenpeace.org\/static\/planet4-sweden-stateless\/2021\/12\/b0418dba-gp0str6je_pressmedia-768x432.jpg 768w, https:\/\/www.greenpeace.org\/static\/planet4-sweden-stateless\/2021\/12\/b0418dba-gp0str6je_pressmedia-1536x863.jpg 1536w, https:\/\/www.greenpeace.org\/static\/planet4-sweden-stateless\/2021\/12\/b0418dba-gp0str6je_pressmedia-2048x1151.jpg 2048w, https:\/\/www.greenpeace.org\/static\/planet4-sweden-stateless\/2021\/12\/b0418dba-gp0str6je_pressmedia-510x287.jpg 510w\" sizes=\"auto, (max-width: 1024px) 100vw, 1024px\" \/><figcaption class=\"wp-element-caption\">Ninda Felina spelar in ljud i regnskogen i Kalasou valley, i Sorong, West Papua. <\/figcaption><\/figure>\n\n<p>Efter Save Our Sounds-projektet best\u00e4mde vi oss f\u00f6r att katalogisera och publicera en <a href=\"https:\/\/media.greenpeace.org\/collection\/27MDHU1MV29\">onlinedatabas med ljudinspelningar fr\u00e5n Greenpeaces arkiv. <\/a>Dessa inspelningar fr\u00e5n v\u00e5ra milj\u00f6kampanjer i bland annat Antarktis och Amazonas, g\u00f6r det m\u00f6jlighet f\u00f6r lyssnare att f\u00f6rdjupa sig i ljud fr\u00e5n unika milj\u00f6er som de annars aldrig skulle kunna h\u00f6ra.&nbsp;<\/p>\n\n<p>Tyv\u00e4rr riskerar vissa av dessa milj\u00f6er att permanent f\u00f6rlora sin &#8221;<a href=\"https:\/\/e360.yale.edu\/features\/listening-to-nature-the-emerging-field-of-bioacoustics\">bioakustiska profil&#8221;<\/a> (den unika ljudbilden i en specifik milj\u00f6 som regnskogen) och m\u00e5ngfald om inte omedelbara \u00e5tg\u00e4rder vidtas f\u00f6r att skydda dem.<\/p>\n\n<p>Kort efter att vi publicerade det h\u00e4r arkivet blev vi kontaktade av en ideell grupp av DJ:s och producenter av elektronisk musik, <a href=\"https:\/\/www.djs4ca.com\">DJs for Climate Action<\/a>, f\u00f6r ett samarbete i ett sp\u00e4nnande projekt f\u00f6r att dela dessa inspelningar med v\u00e4rlden.&nbsp;<\/p>\n\n<p>Ett urval av ljuden gjordes tillg\u00e4ngliga f\u00f6r nedladdning och vi bj\u00f6d in elektroniska musikproducenter fr\u00e5n hela v\u00e4rlden att skapa musik med dessa ljud, som svar p\u00e5 fr\u00e5gan:<a href=\"https:\/\/mixmag.asia\/read\/download-sample-pack-djs-for-climate-action-greenpeace-international\"> &#8217;Hur l\u00e5ter v\u00e5r framtid?<\/a>&#8217;&nbsp;<\/p>\n\n<p>En jury av erk\u00e4nda producenter av elektronisk musik valde sedan ut de b\u00e4sta av de inskickade l\u00e5tarna f\u00f6r ett samlingsalbum med titeln <a href=\"https:\/\/djs4ca.bandcamp.com\/album\/climate-soundtrack\">Soundtrack to the Future<br><\/a>Alla int\u00e4kter fr\u00e5n albumf\u00f6rs\u00e4ljningen kommer att ges till naturv\u00e5rdsorganisationer som arbetar i de regioner d\u00e4r ljuden ursprungligen spelades in, f\u00f6r att f\u00f6rs\u00f6ka s\u00e4kerst\u00e4lla att dessa livsmilj\u00f6er forts\u00e4tter att frodas och producera sin egen unika musik f\u00f6r kommande generationer.&nbsp;<\/p>\n\n<figure class=\"wp-block-embed is-type-video is-provider-youtube wp-block-embed-youtube wp-embed-aspect-16-9 wp-has-aspect-ratio\"><div class=\"wp-block-embed__wrapper\">\n<lite-youtube style=\"background-image: url('https:\/\/i.ytimg.com\/vi\/pCMiWi5jvPc\/hqdefault.jpg');\" videoid=\"pCMiWi5jvPc\" params=\"rel=0\"><\/lite-youtube>\n<\/div><\/figure>\n\n<p>Fr\u00e5n konserten som lanserade den f\u00f6rsta Greenpeace-expeditionen n\u00e5gonsin 1971, till samarbeten med de st\u00f6rsta musikerna p\u00e5 planeten, till kommande elektroniska musikproducenter som anv\u00e4nder Greenpeace naturinspelningar f\u00f6r att skapa sina egna visioner om hur v\u00e5r framtid kommer att l\u00e5ta, s\u00e5 \u00e4r musik en djupt rotad del av Greenpeace historia.&nbsp;<\/p>\n\n<p>Om vi ska forts\u00e4tta inspirera de miljontals m\u00e4nniskor som vi beh\u00f6ver f\u00f6r att bygga milj\u00f6r\u00f6relsen m\u00e5ste m\u00e4nniskor k\u00e4nna sig r\u00f6rda, sammankopplade och inspirerade. Hur kan man g\u00f6ra det b\u00e4ttre \u00e4n genom den gl\u00e4dje vi alla k\u00e4nner till musiken vi \u00e4lskar.&nbsp;<\/p>\n\n<p>Det \u00e4r d\u00e4rf\u00f6r musik och kultur spelar en s\u00e5 stor roll i kampen f\u00f6r den v\u00e4rld vi vill se, och varf\u00f6r vi hoppas kunna forts\u00e4tta denna tradition i ytterligare femtio \u00e5r.&nbsp;<\/p>\n\n<p>Den amerikanska f\u00f6rfattaren och aktivisten<a href=\"https:\/\/en.wikipedia.org\/wiki\/Emma_Goldman\"> Emma Goldman, <\/a>sa det kanske b\u00e4st i sin biografi <em>Living My Life<\/em> redan 1931:<\/p>\n\n<p><em>\u201cIf I can\u2019t dance, I don\u2019t want your revolution!<\/em>\u201d<\/p>\n\n<p>Matt Kemp<br>Multimedia Producer p\u00e5 Greenpeace International<\/p>\n","protected":false},"excerpt":{"rendered":"<p>Fr\u00e5n konserten som lanserade den f\u00f6rsta Greenpeace-expeditionen n\u00e5gonsin 1971, till samarbeten med de st\u00f6rsta musikerna p\u00e5 planeten ,s\u00e5 \u00e4r musik en del av Greenpeace historia.\u00a0<\/p>\n","protected":false},"author":41,"featured_media":50037,"comment_status":"open","ping_status":"open","sticky":false,"template":"","format":"standard","meta":{"ep_exclude_from_search":false,"p4_og_title":"","p4_og_description":"","p4_og_image":"","p4_og_image_id":"","p4_seo_canonical_url":"","p4_campaign_name":"not set","p4_local_project":"not set","p4_basket_name":"not set","p4_department":"","footnotes":""},"categories":[1],"tags":[13],"p4-page-type":[16],"class_list":["post-50032","post","type-post","status-publish","format-standard","has-post-thumbnail","hentry","category-greenpeace","tag-omgreenpeace","p4-page-type-artiklar"],"_links":{"self":[{"href":"https:\/\/www.greenpeace.org\/sweden\/wp-json\/wp\/v2\/posts\/50032","targetHints":{"allow":["GET"]}}],"collection":[{"href":"https:\/\/www.greenpeace.org\/sweden\/wp-json\/wp\/v2\/posts"}],"about":[{"href":"https:\/\/www.greenpeace.org\/sweden\/wp-json\/wp\/v2\/types\/post"}],"author":[{"embeddable":true,"href":"https:\/\/www.greenpeace.org\/sweden\/wp-json\/wp\/v2\/users\/41"}],"replies":[{"embeddable":true,"href":"https:\/\/www.greenpeace.org\/sweden\/wp-json\/wp\/v2\/comments?post=50032"}],"version-history":[{"count":20,"href":"https:\/\/www.greenpeace.org\/sweden\/wp-json\/wp\/v2\/posts\/50032\/revisions"}],"predecessor-version":[{"id":63978,"href":"https:\/\/www.greenpeace.org\/sweden\/wp-json\/wp\/v2\/posts\/50032\/revisions\/63978"}],"wp:featuredmedia":[{"embeddable":true,"href":"https:\/\/www.greenpeace.org\/sweden\/wp-json\/wp\/v2\/media\/50037"}],"wp:attachment":[{"href":"https:\/\/www.greenpeace.org\/sweden\/wp-json\/wp\/v2\/media?parent=50032"}],"wp:term":[{"taxonomy":"category","embeddable":true,"href":"https:\/\/www.greenpeace.org\/sweden\/wp-json\/wp\/v2\/categories?post=50032"},{"taxonomy":"post_tag","embeddable":true,"href":"https:\/\/www.greenpeace.org\/sweden\/wp-json\/wp\/v2\/tags?post=50032"},{"taxonomy":"p4-page-type","embeddable":true,"href":"https:\/\/www.greenpeace.org\/sweden\/wp-json\/wp\/v2\/p4-page-type?post=50032"}],"curies":[{"name":"wp","href":"https:\/\/api.w.org\/{rel}","templated":true}]}}