{"id":5018,"date":"2020-01-10T10:08:30","date_gmt":"2020-01-10T09:08:30","guid":{"rendered":"https:\/\/www.greenpeace.org\/sweden\/?p=5018"},"modified":"2020-06-10T13:19:51","modified_gmt":"2020-06-10T12:19:51","slug":"det-hande-2019-wins-vi-minns","status":"publish","type":"post","link":"https:\/\/www.greenpeace.org\/sweden\/artiklar\/greenpeace\/det-hande-2019-wins-vi-minns\/","title":{"rendered":"Det h\u00e4nde 2019: #wins vi minns!"},"content":{"rendered":"<div data-render=\"planet4-blocks\/gallery\" data-attributes=\"{&quot;attributes&quot;:{&quot;multiple_image&quot;:&quot;4981,4938,5020,4942,4983,4936,4939&quot;,&quot;image_data&quot;:[{&quot;url&quot;:&quot;https:\\\/\\\/www.greenpeace.org\\\/static\\\/planet4-sweden-stateless\\\/2019\\\/12\\\/3d371453-gp0sttxk4.jpg&quot;,&quot;focalPoint&quot;:{&quot;x&quot;:0.5,&quot;y&quot;:0.5},&quot;id&quot;:&quot;4938&quot;},{&quot;url&quot;:&quot;https:\\\/\\\/www.greenpeace.org\\\/static\\\/planet4-sweden-stateless\\\/2019\\\/12\\\/a7a07fc4-gp0stt9g6.jpg&quot;,&quot;focalPoint&quot;:{&quot;x&quot;:0.5,&quot;y&quot;:0.5},&quot;id&quot;:&quot;4942&quot;},{&quot;url&quot;:&quot;https:\\\/\\\/www.greenpeace.org\\\/static\\\/planet4-sweden-stateless\\\/2020\\\/01\\\/5e1eeac8-gp0stu1rf_medium_res.jpg&quot;,&quot;focalPoint&quot;:{&quot;x&quot;:0.5,&quot;y&quot;:0.5},&quot;id&quot;:&quot;5020&quot;}],&quot;gallery_block_style&quot;:0,&quot;gallery_block_title&quot;:&quot;&quot;,&quot;gallery_block_description&quot;:&quot;&quot;,&quot;gallery_block_focus_points&quot;:&quot;&quot;,&quot;images&quot;:[{&quot;image_src&quot;:&quot;https:\\\/\\\/www.greenpeace.org\\\/static\\\/planet4-sweden-stateless\\\/2020\\\/01\\\/1c85dbc9-gp0sttfl7_pressmedia.jpg&quot;,&quot;image_srcset&quot;:false,&quot;image_sizes&quot;:false,&quot;alt_text&quot;:&quot;&quot;,&quot;caption&quot;:&quot;Vi \\u00e5kte fr\\u00e5n Arktis till Antarktis tillsammans med forskare f\\u00f6r att belysa sju k\\u00e4nsliga marina omr\\u00e5den och behovet av skydd av v\\u00e5ra hav.&quot;,&quot;focus_image&quot;:&quot;&quot;,&quot;credits&quot;:&quot;&quot;},{&quot;image_src&quot;:&quot;https:\\\/\\\/www.greenpeace.org\\\/static\\\/planet4-sweden-stateless\\\/2019\\\/12\\\/3d371453-gp0sttxk4.jpg&quot;,&quot;image_srcset&quot;:false,&quot;image_sizes&quot;:false,&quot;alt_text&quot;:&quot;&quot;,&quot;caption&quot;:&quot;Miljontals m\\u00e4nniskor stod upp f\\u00f6r klimatet, v\\u00e4rlden \\u00f6ver. Engagemanget ger hopp om framtiden!&quot;,&quot;focus_image&quot;:&quot;&quot;,&quot;credits&quot;:&quot;&quot;},{&quot;image_src&quot;:&quot;https:\\\/\\\/www.greenpeace.org\\\/static\\\/planet4-sweden-stateless\\\/2020\\\/01\\\/5e1eeac8-gp0stu1rf_medium_res.jpg&quot;,&quot;image_srcset&quot;:false,&quot;image_sizes&quot;:false,&quot;alt_text&quot;:&quot;&quot;,&quot;caption&quot;:&quot;Br\\u00e4nderna i Amazonas drabbade djur, v\\u00e4xtliv, ursprungsbefolkningen och klimatet. Med bidrag fr\\u00e5n tusentals m\\u00e4nniskor kunde vi hj\\u00e4lpa de mest utsatta, dokumentera br\\u00e4nderna och s\\u00e4tta press p\\u00e5 den brasilianska regeringen. &quot;,&quot;focus_image&quot;:&quot;&quot;,&quot;credits&quot;:&quot;&quot;},{&quot;image_src&quot;:&quot;https:\\\/\\\/www.greenpeace.org\\\/static\\\/planet4-sweden-stateless\\\/2019\\\/12\\\/a7a07fc4-gp0stt9g6.jpg&quot;,&quot;image_srcset&quot;:false,&quot;image_sizes&quot;:false,&quot;alt_text&quot;:&quot;&quot;,&quot;caption&quot;:&quot;Norska stats\\u00e4gda Equinor har \\u00e4ntligen beslutat att ge upp f\\u00f6rs\\u00f6ken att utvinna ny olja fr\\u00e5n de nordligaste delarna av Barents hav. &quot;,&quot;focus_image&quot;:&quot;&quot;,&quot;credits&quot;:&quot;&quot;},{&quot;image_src&quot;:&quot;https:\\\/\\\/www.greenpeace.org\\\/static\\\/planet4-sweden-stateless\\\/2020\\\/01\\\/bd5ed495-green_highfive_to_cph.png&quot;,&quot;image_srcset&quot;:false,&quot;image_sizes&quot;:false,&quot;alt_text&quot;:&quot;&quot;,&quot;caption&quot;:&quot;Stockholm, K\\u00f6penhamn och tretton andra stora st\\u00e4der globalt har \\u00e5tagit sig att minska klimatavtrycket fr\\u00e5n mat och servera mindre k\\u00f6tt i t ex skolor och p\\u00e5 sjukhus. &quot;,&quot;focus_image&quot;:&quot;&quot;,&quot;credits&quot;:&quot;&quot;},{&quot;image_src&quot;:&quot;https:\\\/\\\/www.greenpeace.org\\\/static\\\/planet4-sweden-stateless\\\/2019\\\/12\\\/109e5283-gp0stu0xc.jpg&quot;,&quot;image_srcset&quot;:false,&quot;image_sizes&quot;:false,&quot;alt_text&quot;:&quot;&quot;,&quot;caption&quot;:&quot;Dvinskyskogen i Ryssland fick fullt skydd! Gammal, intakt skog som \\u00e4r hem till m\\u00e5nga utrotningshotade djur och ett effektivt skydd mot klimatf\\u00f6r\\u00e4ndringarna. &quot;,&quot;focus_image&quot;:&quot;&quot;,&quot;credits&quot;:&quot;&quot;},{&quot;image_src&quot;:&quot;https:\\\/\\\/www.greenpeace.org\\\/static\\\/planet4-sweden-stateless\\\/2019\\\/12\\\/b2925765-gp0sttcyi.jpg&quot;,&quot;image_srcset&quot;:false,&quot;image_sizes&quot;:false,&quot;alt_text&quot;:&quot;&quot;,&quot;caption&quot;:&quot;Bottentr\\u00e5lning i den norska delen av Arktis begr\\u00e4nsades. Det som tidigare var frivilliga \\u00e5taganden fr\\u00e5n fiskeindustrin har nu blivit en f\\u00f6rordning.&quot;,&quot;focus_image&quot;:&quot;&quot;,&quot;credits&quot;:&quot;&quot;}]}}\"><\/div>\n<p>Tillsammans har vi vunnit flera viktiga segrar f\u00f6r milj\u00f6n under 2019. Ovan har vi samlat bilder fr\u00e5n n\u00e5gra av dessa.  <\/p>\n\n<p>Ett stort tack till alla er som st\u00f6ttar Greenpeace. V\u00e5rt arbete \u00e4r enbart m\u00f6jligt tack vare st\u00f6det fr\u00e5n engagerade m\u00e4nniskor. Greenpeace oberoende bygger p\u00e5 att vi inte tar emot pengar fr\u00e5n f\u00f6retag eller stater.<br><\/p>\n\n<p><\/p>\n","protected":false},"excerpt":{"rendered":"<p>Tillsammans har vi vunnit flera viktiga segrar f\u00f6r milj\u00f6n under 2019.<\/p>\n","protected":false},"author":56,"featured_media":4980,"comment_status":"closed","ping_status":"open","sticky":false,"template":"","format":"standard","meta":{"ep_exclude_from_search":false,"p4_og_title":"Det h\u00e4nde 2019: #wins vi minns!","p4_og_description":"<p>Tillsammans har vi vunnit flera viktiga segrar f\u00f6r milj\u00f6n under 2019.<\/p>","p4_og_image":"https:\/\/www.greenpeace.org\/static\/planet4-sweden-stateless\/2019\/12\/109e5283-gp0stu0xc.jpg","p4_og_image_id":"4936","p4_seo_canonical_url":"","p4_campaign_name":"not set","p4_local_project":"","p4_basket_name":"not set","p4_department":"","footnotes":""},"categories":[1],"tags":[],"p4-page-type":[],"class_list":["post-5018","post","type-post","status-publish","format-standard","has-post-thumbnail","hentry","category-greenpeace"],"_links":{"self":[{"href":"https:\/\/www.greenpeace.org\/sweden\/wp-json\/wp\/v2\/posts\/5018","targetHints":{"allow":["GET"]}}],"collection":[{"href":"https:\/\/www.greenpeace.org\/sweden\/wp-json\/wp\/v2\/posts"}],"about":[{"href":"https:\/\/www.greenpeace.org\/sweden\/wp-json\/wp\/v2\/types\/post"}],"author":[{"embeddable":true,"href":"https:\/\/www.greenpeace.org\/sweden\/wp-json\/wp\/v2\/users\/56"}],"replies":[{"embeddable":true,"href":"https:\/\/www.greenpeace.org\/sweden\/wp-json\/wp\/v2\/comments?post=5018"}],"version-history":[{"count":7,"href":"https:\/\/www.greenpeace.org\/sweden\/wp-json\/wp\/v2\/posts\/5018\/revisions"}],"predecessor-version":[{"id":5031,"href":"https:\/\/www.greenpeace.org\/sweden\/wp-json\/wp\/v2\/posts\/5018\/revisions\/5031"}],"wp:featuredmedia":[{"embeddable":true,"href":"https:\/\/www.greenpeace.org\/sweden\/wp-json\/wp\/v2\/media\/4980"}],"wp:attachment":[{"href":"https:\/\/www.greenpeace.org\/sweden\/wp-json\/wp\/v2\/media?parent=5018"}],"wp:term":[{"taxonomy":"category","embeddable":true,"href":"https:\/\/www.greenpeace.org\/sweden\/wp-json\/wp\/v2\/categories?post=5018"},{"taxonomy":"post_tag","embeddable":true,"href":"https:\/\/www.greenpeace.org\/sweden\/wp-json\/wp\/v2\/tags?post=5018"},{"taxonomy":"p4-page-type","embeddable":true,"href":"https:\/\/www.greenpeace.org\/sweden\/wp-json\/wp\/v2\/p4-page-type?post=5018"}],"curies":[{"name":"wp","href":"https:\/\/api.w.org\/{rel}","templated":true}]}}