{"id":50205,"date":"2022-01-10T07:00:43","date_gmt":"2022-01-10T06:00:43","guid":{"rendered":"https:\/\/www.greenpeace.org\/sweden\/?p=50205"},"modified":"2023-02-20T15:08:42","modified_gmt":"2023-02-20T14:08:42","slug":"sifo-undersokning-visar-en-majoritet-av-svenskarna-vill-ha-ett-fossilreklamforbud","status":"publish","type":"post","link":"https:\/\/www.greenpeace.org\/sweden\/pressmeddelanden\/klimat\/sifo-undersokning-visar-en-majoritet-av-svenskarna-vill-ha-ett-fossilreklamforbud\/","title":{"rendered":"Sifo-unders\u00f6kning visar: En majoritet av svenskarna vill ha ett fossilreklamf\u00f6rbud!"},"content":{"rendered":"\n<p><meta charset=\"utf-8\"><strong>Drygt h\u00e4lften av svenskarna (52,4 procent) vill inf\u00f6ra begr\u00e4nsningar av fossilreklamen, det vill s\u00e4ga reklam som gynnar oljebolagen och anv\u00e4ndning av fossila br\u00e4nslen. Det visar en Sifounders\u00f6kning som gjorts p\u00e5 uppdrag av Greenpeace.<\/strong><\/p>\n\n<p>\u2013 Att inf\u00f6ra ett fossilreklamf\u00f6rbud \u00e4r ett relativt nytt grepp f\u00f6r att minska utsl\u00e4ppen, s\u00e5 det \u00e4r verkligen gl\u00e4djande att en majoritet av svenskarna redan insett att detta \u00e4r n\u00e5got som borde inf\u00f6ras, s\u00e4ger <strong>Gustav Martner<\/strong>, ansvarig f\u00f6r marknadsr\u00e4ttsfr\u00e5gor p\u00e5 Greenpeace.<\/p>\n\n<figure class=\"wp-block-image size-large\"><img loading=\"lazy\" decoding=\"async\" width=\"819\" height=\"1024\" src=\"https:\/\/www.greenpeace.org\/static\/planet4-sweden-stateless\/2022\/01\/3a2d1f76-cjdg_fob_insta_med-text_web-819x1024.png\" alt=\"\" class=\"wp-image-50211\" srcset=\"https:\/\/www.greenpeace.org\/static\/planet4-sweden-stateless\/2022\/01\/3a2d1f76-cjdg_fob_insta_med-text_web-819x1024.png 819w, https:\/\/www.greenpeace.org\/static\/planet4-sweden-stateless\/2022\/01\/3a2d1f76-cjdg_fob_insta_med-text_web-240x300.png 240w, https:\/\/www.greenpeace.org\/static\/planet4-sweden-stateless\/2022\/01\/3a2d1f76-cjdg_fob_insta_med-text_web-768x960.png 768w, https:\/\/www.greenpeace.org\/static\/planet4-sweden-stateless\/2022\/01\/3a2d1f76-cjdg_fob_insta_med-text_web-1229x1536.png 1229w, https:\/\/www.greenpeace.org\/static\/planet4-sweden-stateless\/2022\/01\/3a2d1f76-cjdg_fob_insta_med-text_web-1638x2048.png 1638w, https:\/\/www.greenpeace.org\/static\/planet4-sweden-stateless\/2022\/01\/3a2d1f76-cjdg_fob_insta_med-text_web-1093x1366.png 1093w, https:\/\/www.greenpeace.org\/static\/planet4-sweden-stateless\/2022\/01\/3a2d1f76-cjdg_fob_insta_med-text_web-272x340.png 272w\" sizes=\"auto, (max-width: 819px) 100vw, 819px\" \/><figcaption class=\"wp-element-caption\">Greenpeace har gjort en variant av konstverket &#8221;Sk\u00e4nda flaggan&#8221; f\u00f6r att lyfta Sif-unders\u00f6kningen. Konstverkets ursprungliga upphovsman Carl-Johan de Geer har gett tumme upp till Greenpeace hommage med orden &#8221;bilden \u00e4r sl\u00e5ende&#8221;.<\/figcaption><\/figure>\n\n<p>I Sifounders\u00f6kningen som Greenpeace l\u00e5tit g\u00f6ra tillfr\u00e5gas en representativ panel f\u00f6r svenskarna om de vill se ett fossilreklamf\u00f6rbud som liknar det f\u00f6rbud som finns f\u00f6r tobaksreklam. Fossilreklam definieras h\u00e4r som oljebolagens reklam, reklam f\u00f6r bilar med f\u00f6rbr\u00e4nningsmotorer samt reklam f\u00f6r flygresor. En majoritet vill allts\u00e5 se ett s\u00e5dant f\u00f6rbud. Att svenskarna vill se tydliga interventioner mot det mest klimatskadliga varor och tj\u00e4nsterna bekr\u00e4ftas allts\u00e5 \u00e5terigen: I den unders\u00f6kning fr\u00e5n Naturv\u00e5rdsverket som kom tidigare i \u00e5r visade det sig att <a href=\"https:\/\/www.naturvardsverket.se\/contentassets\/6ffad3e6018c47cea06e6402f0eea066\/rapport-allmanheten-klimatet-2021.pdf\">6 av 10 \u00e4r positiva till f\u00f6rbud<\/a> mot varor och tj\u00e4nster som orsakar stora klimatp\u00e5verkande utsl\u00e4pp.<br><br>\u2013 Att f\u00f6rbjuda just fossilreklam \u00e4r en j\u00e4mf\u00f6relsevis enkel och snabb reform som knappast hotar n\u00e5gon st\u00f6rre m\u00e4ngd arbetstillf\u00e4llen p\u00e5 varken l\u00e5ng eller kort sikt och som skulle \u00f6ka omst\u00e4llningstakten bort fr\u00e5n fossilsamh\u00e4llet, s\u00e4ger<strong> Gustav Martner<\/strong>.<\/p>\n\n<p>Vid sidan om klimatet finns det ocks\u00e5 stora vinster f\u00f6r folkh\u00e4lsan med att snabbt minska anv\u00e4ndningen av fossila br\u00e4nslen. Globalt kan <a href=\"https:\/\/www.vibilagare.se\/nyheter\/ny-studie-var-femte-dodsfall-kan-kopplas-till-fossila-branslen\">s\u00e5 mycket som 8,7 miljoner d\u00f6dsfall<\/a> h\u00e4rledas till f\u00f6rbr\u00e4nningen av fossila br\u00e4nslen.&nbsp;<\/p>\n\n<p>\u2212 Ur ett h\u00e4lsoperspektiv skulle ett fossilreklamf\u00f6rbud g\u00f6ra stor nytta, precis som f\u00f6rbudet mot tobaksreklam gjort. Luftf\u00f6roreningarna fr\u00e5n f\u00f6rbr\u00e4nningen av fossila br\u00e4nslen skapar h\u00e4lsoproblem som kostar stora pengar f\u00f6r sjukv\u00e5rden, s\u00e4ger <strong>Gustav Martner<\/strong>.<\/p>\n\n<p>\u2212 Att ett fossilreklamf\u00f6rbud redan f\u00e5tt ett s\u00e5 stort st\u00f6d bland svenskarna beror troligen p\u00e5 att m\u00e5nga sett hur riktade h\u00e4lsofr\u00e4mjande f\u00f6rbud varit bra f\u00f6r samh\u00e4llet. N\u00e4r r\u00f6kf\u00f6rbudet p\u00e5 restauranger skulle inf\u00f6ras fanns ett massivt motst\u00e5nd fr\u00e5n lobbyorganisationer och tobaksindustrin. M\u00e5nga politiker lyssnade p\u00e5 dom och ville inte genomf\u00f6ra f\u00f6rbudet, men efter att f\u00f6rbudet trots allt genomf\u00f6rts visade det sig att 90% av svenskarna gillade det och till och med 70% av alla r\u00f6kare tyckte f\u00f6rbudet var bra. Och det blev absolut ingen kris f\u00f6r restaurangerna, snarare tv\u00e4rtom, s\u00e4ger <strong>Gustav Martner<\/strong>.<\/p>\n\n<p>F\u00f6rbud mot fossil reklam p\u00e5 offentliga platser har redan inf\u00f6rts i fem st\u00e4der i Nederl\u00e4nderna och flera brittiska st\u00e4der har inlett processer om liknande f\u00f6rbud. I Frankrike antogs nya nationella lagar i \u00e5r som <a href=\"https:\/\/www.bloomberg.com\/news\/articles\/2021-07-20\/france-cracks-down-on-car-home-and-plane-emissions-in-new-law?sref=wINQCNXe\">inneh\u00e5ller fossilreklamf\u00f6rbud<\/a>. I Stockholm behandlas en socialdemokratisk motion om fossilreklamf\u00f6rbud och det har lagts motioner i \u00d6rebro och G\u00f6teborg. I oktober i \u00e5r lanserades <a href=\"https:\/\/banfossilfuelads.org\/\">ett medborgarinitiativ<\/a> av 20 europeiska organisationer f\u00f6r att f\u00f6rbjuda all fossil reklam och sponsring inom EU. Om en miljon namn lyckas samlas in kommer ett f\u00f6rbud behandlas av EU-kommissionen.<\/p>\n\n<p>\u2212 Jag \u00e4r \u00f6vertygad om att ett fossilreklamf\u00f6rbud kommer inf\u00f6ras f\u00f6rr eller senare trots fossilindustrins grepp p\u00e5 viktiga institutioner och vissa politiker. Nu har vi svart p\u00e5 vitt att en majoritet av svenskarna ser igenom fossilbolagens falska l\u00f6sningar och vill se ett stopp p\u00e5 den reklam som lockar till k\u00f6p av on\u00f6digt stora bilar med f\u00f6rbr\u00e4nningsmotorer och on\u00f6digt flygande. Ju snabbare fossilsamh\u00e4llet ers\u00e4tts av ett b\u00e4ttre system, desto starkare st\u00e5r vi som samh\u00e4llsbygge. Det \u00e4r l\u00e4nderna som inte genomf\u00f6r de n\u00f6dv\u00e4ndiga reformerna nu som kommer sitta med Svarte Petter i slut\u00e4ndan, s\u00e4ger Gustav Martner.<\/p>\n\n<p><strong>Kontakt:<\/strong><br>Gustav Martner, talesperson reklam- och marknadsr\u00e4tt Greenpeace Sverige: 076-834 60 50<br>Ludvig Tillman, kommunikationsansvarig Greenpeace Sverige: 070-271 64 37<\/p>\n\n<p><strong>H\u00e4r kan du l\u00e4sa mer om Greenpeace syn p\u00e5 hur ett fossilreklamf\u00f6rbud b\u00f6r utformas:<\/strong> <a href=\"https:\/\/drive.google.com\/file\/d\/1yZllhpRrNA176SGDfXYUS5cm6j6pAGcL\/view\">En rapport om n\u00f6dv\u00e4ndiga \u00e5tg\u00e4rder i reklamlandskapet f\u00f6r att st\u00e4lla om ett oh\u00e5llbart samh\u00e4llssystem.<\/a><\/p>\n\n<p><strong>Fakta om unders\u00f6kningen<\/strong>:<br>Sifounders\u00f6kningen genomf\u00f6rdes den 17\u201319 nov som en webbaserad unders\u00f6kning med 1000 deltagare. Fr\u00e5gan som st\u00e4lldes var:<\/p>\n\n<p>Milj\u00f6organisationer kr\u00e4ver i ett gemensamt upprop ett f\u00f6rbud mot reklam f\u00f6r f\u00f6retag som producerar och s\u00e4ljer varor och tj\u00e4nster som f\u00f6rst\u00f6r klimatet och skadar v\u00e5r h\u00e4lsa. F\u00f6rbudet skulle motsvara det som redan idag existerar f\u00f6r tobaksreklam. Hur skulle du st\u00e4lla dig till ett f\u00f6rbud mot reklam som gynnar fossila br\u00e4nslen, bilar och flygresor?<\/p>\n\n<p>24,0 procent svarade \u201cMycket bra f\u00f6rslag\u201d<br>28,4 procent svarade \u201cGanska bra f\u00f6rslag\u201d<br>20,6 procent svarade \u201cGanska d\u00e5ligt f\u00f6rslag\u201d<br>15,8 procent svarade \u201cMycket d\u00e5ligt f\u00f6rslag\u201d<br>11,2 procent svarade \u201cTveksam, vet ej\u201d<\/p>\n\n<p><a href=\"https:\/\/verbiedfossielereclame.nl\/only-words\/\"><strong>Lista p\u00e5 inf\u00f6rda och p\u00e5g\u00e5ende fossilreklamf\u00f6rbud<\/strong><\/a><strong> fr\u00e5n den nederl\u00e4ndska organisationen Reclame Fossielvrij<\/strong><\/p>\n\n<p><strong>Om Medborgarinitiativet<\/strong><br>Det f\u00f6reslagna f\u00f6rbudet skulle g\u00f6ra det om\u00f6jligt f\u00f6r f\u00f6retag som s\u00e4ljer fossila br\u00e4nslen, fordon eller transporttj\u00e4nster som drivs med fossila br\u00e4nslen, exempelvis flygresor, fr\u00e5n att g\u00f6ra reklam eller ing\u00e5 sponsoravtal inom EU.<br>Ett europeiskt medborgarinitiativ (ECI) \u00e4r en namninsamling som \u00e4r officiellt erk\u00e4nd av EU-kommissionen. Om ett europeiskt medborgarinitiativ n\u00e5r en miljon verifierade underskrifter inom den till\u00e5tna tidsramen \u00e4r EU-kommissionen legalt bunden att ta h\u00e4nsyn till denna och \u00f6verv\u00e4ga att g\u00f6ra initiativets krav till EU-lag. Initiativet<a href=\"https:\/\/www.greenpeace.org\/sweden\/pressmeddelanden\/49196\/nytt-medborgarinitiativ-kan-ge-fossilreklamforbud-i-eu\/\"> lanserades gemensamt av \u00f6ver 20 europeiska organisationer den 4:e oktober<\/a>.<\/p>\n","protected":false},"excerpt":{"rendered":"<p>Majoriteten av svenskarna (52,4 procent) vill inf\u00f6ra begr\u00e4nsningar av fossilreklamen. Det visar en Sifounders\u00f6kning som gjorts p\u00e5 uppdrag av Greenpeace.<\/p>\n","protected":false},"author":50,"featured_media":50211,"comment_status":"closed","ping_status":"open","sticky":false,"template":"","format":"standard","meta":{"ep_exclude_from_search":false,"p4_og_title":"","p4_og_description":"","p4_og_image":"","p4_og_image_id":"","p4_seo_canonical_url":"","p4_campaign_name":"not set","p4_local_project":"not set","p4_basket_name":"not set","p4_department":"","footnotes":""},"categories":[2],"tags":[58,57],"p4-page-type":[14],"class_list":["post-50205","post","type-post","status-publish","format-standard","has-post-thumbnail","hentry","category-klimat","tag-falskmarknadsforing","tag-fossilreklamforbud","p4-page-type-pressmeddelanden"],"_links":{"self":[{"href":"https:\/\/www.greenpeace.org\/sweden\/wp-json\/wp\/v2\/posts\/50205","targetHints":{"allow":["GET"]}}],"collection":[{"href":"https:\/\/www.greenpeace.org\/sweden\/wp-json\/wp\/v2\/posts"}],"about":[{"href":"https:\/\/www.greenpeace.org\/sweden\/wp-json\/wp\/v2\/types\/post"}],"author":[{"embeddable":true,"href":"https:\/\/www.greenpeace.org\/sweden\/wp-json\/wp\/v2\/users\/50"}],"replies":[{"embeddable":true,"href":"https:\/\/www.greenpeace.org\/sweden\/wp-json\/wp\/v2\/comments?post=50205"}],"version-history":[{"count":11,"href":"https:\/\/www.greenpeace.org\/sweden\/wp-json\/wp\/v2\/posts\/50205\/revisions"}],"predecessor-version":[{"id":54768,"href":"https:\/\/www.greenpeace.org\/sweden\/wp-json\/wp\/v2\/posts\/50205\/revisions\/54768"}],"wp:featuredmedia":[{"embeddable":true,"href":"https:\/\/www.greenpeace.org\/sweden\/wp-json\/wp\/v2\/media\/50211"}],"wp:attachment":[{"href":"https:\/\/www.greenpeace.org\/sweden\/wp-json\/wp\/v2\/media?parent=50205"}],"wp:term":[{"taxonomy":"category","embeddable":true,"href":"https:\/\/www.greenpeace.org\/sweden\/wp-json\/wp\/v2\/categories?post=50205"},{"taxonomy":"post_tag","embeddable":true,"href":"https:\/\/www.greenpeace.org\/sweden\/wp-json\/wp\/v2\/tags?post=50205"},{"taxonomy":"p4-page-type","embeddable":true,"href":"https:\/\/www.greenpeace.org\/sweden\/wp-json\/wp\/v2\/p4-page-type?post=50205"}],"curies":[{"name":"wp","href":"https:\/\/api.w.org\/{rel}","templated":true}]}}