{"id":50284,"date":"2022-01-14T08:47:18","date_gmt":"2022-01-14T07:47:18","guid":{"rendered":"https:\/\/www.greenpeace.org\/sweden\/?p=50284"},"modified":"2023-02-20T15:04:25","modified_gmt":"2023-02-20T14:04:25","slug":"klimatkompensation-ar-en-vilseledande-distraktion","status":"publish","type":"post","link":"https:\/\/www.greenpeace.org\/sweden\/artiklar\/klimat\/klimatkompensation-ar-en-vilseledande-distraktion\/","title":{"rendered":"Klimatkompensation \u00e4r en vilseledande distraktion"},"content":{"rendered":"\n<p><em>(replik till Arla fr\u00e5n Greenpeace i Aktuell H\u00e5llbarhet 13 januari 2022)<\/em><\/p>\n\n<p><strong>I sin <a href=\"https:\/\/www.aktuellhallbarhet.se\/alla-nyheter\/debatt\/replik-ko-och-arla-har-samma-intresse\/\">replik<\/a> p\u00e5 <a href=\"https:\/\/www.aktuellhallbarhet.se\/alla-nyheter\/debatt\/darfor-kommer-ko-vinna-over-arla-i-domstolen\/#\">v\u00e5r debattartikel<\/a> om att Konsumentombudsmannen dragit Arla inf\u00f6r r\u00e4tta f\u00f6r att vilseleda konsumenter avf\u00e4rdar mejerif\u00f6retaget v\u00e5ra argument som slarviga och sensationslystna. Samtidigt undviker de att besvara v\u00e5rt huvudsakliga argument: att det \u00e4r vilseledande att marknadsf\u00f6ra sin komj\u00f6lk med p\u00e5st\u00e5endet att den har&nbsp; \u201cnetto-noll klimatavtryck\u201d n\u00e4r den i sj\u00e4lva verket ger ett stort klimatavtryck.<\/strong><\/p>\n\n<figure class=\"wp-block-image size-large\"><img loading=\"lazy\" decoding=\"async\" width=\"1024\" height=\"452\" src=\"https:\/\/www.greenpeace.org\/static\/planet4-sweden-stateless\/2022\/01\/fcd8ad9b-blogg-och-facebook-illustration-1024x452.png\" alt=\"\" class=\"wp-image-50285\" srcset=\"https:\/\/www.greenpeace.org\/static\/planet4-sweden-stateless\/2022\/01\/fcd8ad9b-blogg-och-facebook-illustration-1024x452.png 1024w, https:\/\/www.greenpeace.org\/static\/planet4-sweden-stateless\/2022\/01\/fcd8ad9b-blogg-och-facebook-illustration-300x132.png 300w, https:\/\/www.greenpeace.org\/static\/planet4-sweden-stateless\/2022\/01\/fcd8ad9b-blogg-och-facebook-illustration-768x339.png 768w, https:\/\/www.greenpeace.org\/static\/planet4-sweden-stateless\/2022\/01\/fcd8ad9b-blogg-och-facebook-illustration-1536x678.png 1536w, https:\/\/www.greenpeace.org\/static\/planet4-sweden-stateless\/2022\/01\/fcd8ad9b-blogg-och-facebook-illustration-510x225.png 510w, https:\/\/www.greenpeace.org\/static\/planet4-sweden-stateless\/2022\/01\/fcd8ad9b-blogg-och-facebook-illustration.png 1733w\" sizes=\"auto, (max-width: 1024px) 100vw, 1024px\" \/><\/figure>\n\n<p>Arla framh\u00e5ller att deras klimatarbete \u00e4r ledande i \u201cbranschen\u201d. Det l\u00e5ter bra, men ska man vara \u00e4rlig s\u00e4ger det inte mycket. Den industriella djurh\u00e5llningen \u00e4r en av de branscher med h\u00f6gst p\u00e5verkan p\u00e5 klimat, milj\u00f6 och biologisk m\u00e5ngfald. S\u00e5 att s\u00e4ga att man \u00e4r b\u00e4st bland riktigt d\u00e5liga&nbsp; \u00e4r tyv\u00e4rr inget som ger pluspo\u00e4ng. Hade Arla definierat \u201cbranschen\u201d som allt som kan ge oss m\u00e4nniskor fullgod f\u00f6da hade de inte varit b\u00e4st. Och det \u00e4r ju precis d\u00e4r, n\u00e4r konsumenten ska g\u00f6ra den j\u00e4mf\u00f6relsen &#8211; med de v\u00e4xtbaserade alternativen, som Arla med sina \u201cnetto-noll klimatavtryck\u201d-p\u00e5st\u00e5enden riktat in sig p\u00e5 att vilseleda.<\/p>\n\n<p>F\u00f6r sanningen \u00e4r denna: Att Arla st\u00f6ttar ett v\u00e4lg\u00f6renhetsprojekt inom afrikanskt skogsbruk har ingenting med svensk mj\u00f6lk att g\u00f6ra. Och genom att skriva \u201cnetto-noll klimatavtryck\u201d p\u00e5 mj\u00f6lken, baserat p\u00e5 detta v\u00e4lg\u00f6renhetsprojekt, finns stor risk att genomsnittskonsumenten tror att mj\u00f6lken de k\u00f6per har\u2026 ja, just netto-noll klimatavtryck. Vilket den inte har.<\/p>\n\n<p>Arlas satsning p\u00e5 v\u00e4lg\u00f6renhet kopplat till mj\u00f6lken liknar p\u00e5 ett plan hur exempelvis ICA ibland har en satsning p\u00e5 Rosa Bandet och d\u00e5 donerar en liten summa till Cancerfonden per s\u00e5ld produkt. Skillnaden h\u00e4r \u00e4r att ICA inte p\u00e5 det minsta s\u00e4tt f\u00f6rs\u00f6ker koppla samman produktens egenskaper med risken f\u00f6r att folk ska f\u00e5 cancer av att \u00e4ta den. Det \u00e4r uppenbart f\u00f6r konsumenter som k\u00f6per exempelvis en \u201cRosa Bandet-bulle\u201d p\u00e5 Kanelbullens dag att bullink\u00f6pet \u00e4r en fr\u00e5ga om insamling och v\u00e4lg\u00f6renhet &#8211; inte att just dessa bullar har en mindre ben\u00e4genhet att orsaka cancer. Vissa skulle kanske till och med h\u00e4vda att kanelbullar inte \u00e4r den optimala f\u00f6dan f\u00f6r att motverka cancer. Det \u00e4r en diskussion som ICA naturligtvis aktar sig noga f\u00f6r att ge sig in i, vilket det syns i f\u00f6rpackningar, skyltar och reklam de g\u00f6r kring Rosa Bandet-satsningen. Och p\u00e5 samma s\u00e4tt borde Arla ta sitt ansvar och sluta f\u00f6rsvara vilseledande anv\u00e4ndande av v\u00e4lg\u00f6renhetsprojekt &#8211; det som de kallar att kalla \u201cklimatkompensation\u201d.<\/p>\n\n<figure class=\"wp-block-image size-large\"><img loading=\"lazy\" decoding=\"async\" width=\"1024\" height=\"452\" src=\"https:\/\/www.greenpeace.org\/static\/planet4-sweden-stateless\/2022\/01\/858b79e1-fake-real-billboards_marlboro-arla_mbildtext-1024x452.png\" alt=\"\" class=\"wp-image-50286\" srcset=\"https:\/\/www.greenpeace.org\/static\/planet4-sweden-stateless\/2022\/01\/858b79e1-fake-real-billboards_marlboro-arla_mbildtext-1024x452.png 1024w, https:\/\/www.greenpeace.org\/static\/planet4-sweden-stateless\/2022\/01\/858b79e1-fake-real-billboards_marlboro-arla_mbildtext-300x132.png 300w, https:\/\/www.greenpeace.org\/static\/planet4-sweden-stateless\/2022\/01\/858b79e1-fake-real-billboards_marlboro-arla_mbildtext-768x339.png 768w, https:\/\/www.greenpeace.org\/static\/planet4-sweden-stateless\/2022\/01\/858b79e1-fake-real-billboards_marlboro-arla_mbildtext-1536x678.png 1536w, https:\/\/www.greenpeace.org\/static\/planet4-sweden-stateless\/2022\/01\/858b79e1-fake-real-billboards_marlboro-arla_mbildtext-510x225.png 510w, https:\/\/www.greenpeace.org\/static\/planet4-sweden-stateless\/2022\/01\/858b79e1-fake-real-billboards_marlboro-arla_mbildtext.png 1733w\" sizes=\"auto, (max-width: 1024px) 100vw, 1024px\" \/><figcaption class=\"wp-element-caption\">Att anv\u00e4nda v\u00e4lg\u00f6renhetsprojekt f\u00f6r att ompositionera klimatskadliga produkter i reklam och f\u00f6rpackningar som om de inte har klimatavtryck \u00e4r sj\u00e4lva definitionen av att medvetet vilseleda konsumenter som vill ta ansvar.<\/figcaption><\/figure>\n\n<p>Just nu diskuterar m\u00e5nga en Netflix-film som heter \u201cDon\u2019t Look Up\u201d. Den pekar p\u00e5 hur sv\u00e5rt det \u00e4r f\u00f6r m\u00e4nskligheten att l\u00f6sa allvarliga problem med dagens ekonomiska system och medielogik. I filmen skapar f\u00f6retag och politiker aktivt distraktioner f\u00f6r att hindra riktiga l\u00f6sningar p\u00e5 det faktiska problemet, en taktik vi blivit alltf\u00f6r vana vid i verklighetens klimat och milj\u00f6-debatt. Ett typexempel p\u00e5 en s\u00e5dan vilseledande distraktion \u00e4r n\u00e4r v\u00e4lg\u00f6renhetsprojekt b\u00f6rjar kallas \u201cklimatkompensation\u201d och anv\u00e4nds f\u00f6r att uppr\u00e4tth\u00e5lla on\u00f6digt h\u00f6g konsumtion av en starkt klimatp\u00e5verkande dryck. Bra projekt som syftar till att minska klimatutsl\u00e4pp i andra delar av v\u00e4rlden \u00e4r absolut vara v\u00e4rda att st\u00f6dja ekonomiskt, men dessa minskar inte utsl\u00e4ppen fr\u00e5n den egna verksamheten eller produkterna, och d\u00e5 ska man inte heller f\u00f6rs\u00f6ka f\u00e5 folk att tro det. <strong>Vi har inte tid med distraktioner, vi befinner oss mitt i en klimatkris.&nbsp;<\/strong><br>I en verklighet d\u00e4r konsumtionen av komj\u00f6lk stadigt minskar till f\u00f6rm\u00e5n f\u00f6r v\u00e4xtbaserade produkter har Arla v\u00e4rldens chans att st\u00e4lla om till en mer framtidss\u00e4ker verksamhet genom att l\u00e5ta sina lantbrukare g\u00e5 \u00f6ver till en regenerativ produktion d\u00e4r \u00e4ven v\u00e4xtmj\u00f6lk kan spela en viktig roll. Det utg\u00f6r ett l\u00e5ngt mer h\u00e5llbart alternativ till att envist f\u00f6rsvara vilseledande marknadsf\u00f6ring baserad p\u00e5 klimatkompensation.<\/p>\n\n<p><strong>Sandra Lamborn<\/strong>, ansvarig f\u00f6r jordbruks- och livsmedelsfr\u00e5gor, Greenpeace<br><strong>Gustav Martner,<\/strong> ansvarig f\u00f6r marknadsr\u00e4ttsfr\u00e5gor, Greenpeace<\/p>\n","protected":false},"excerpt":{"rendered":"<p>Det g\u00e5r inte att p\u00e5visa \u00e4r att de klimat\u00e5tg\u00e4rder Arla betalar f\u00f6r \u00e4r likv\u00e4rdiga de utsl\u00e4pp deras verksamhet sl\u00e4pper ut, ett s\u00e5kallat nettonoll-resultat. <\/p>\n","protected":false},"author":50,"featured_media":50285,"comment_status":"closed","ping_status":"open","sticky":false,"template":"","format":"standard","meta":{"ep_exclude_from_search":false,"p4_og_title":"","p4_og_description":"","p4_og_image":"","p4_og_image_id":"","p4_seo_canonical_url":"","p4_campaign_name":"not set","p4_local_project":"not set","p4_basket_name":"not set","p4_department":"","footnotes":""},"categories":[2],"tags":[27,58,23],"p4-page-type":[16],"class_list":["post-50284","post","type-post","status-publish","format-standard","has-post-thumbnail","hentry","category-klimat","tag-matproduktion","tag-falskmarknadsforing","tag-globaluppvarmning","p4-page-type-artiklar"],"_links":{"self":[{"href":"https:\/\/www.greenpeace.org\/sweden\/wp-json\/wp\/v2\/posts\/50284","targetHints":{"allow":["GET"]}}],"collection":[{"href":"https:\/\/www.greenpeace.org\/sweden\/wp-json\/wp\/v2\/posts"}],"about":[{"href":"https:\/\/www.greenpeace.org\/sweden\/wp-json\/wp\/v2\/types\/post"}],"author":[{"embeddable":true,"href":"https:\/\/www.greenpeace.org\/sweden\/wp-json\/wp\/v2\/users\/50"}],"replies":[{"embeddable":true,"href":"https:\/\/www.greenpeace.org\/sweden\/wp-json\/wp\/v2\/comments?post=50284"}],"version-history":[{"count":4,"href":"https:\/\/www.greenpeace.org\/sweden\/wp-json\/wp\/v2\/posts\/50284\/revisions"}],"predecessor-version":[{"id":54753,"href":"https:\/\/www.greenpeace.org\/sweden\/wp-json\/wp\/v2\/posts\/50284\/revisions\/54753"}],"wp:featuredmedia":[{"embeddable":true,"href":"https:\/\/www.greenpeace.org\/sweden\/wp-json\/wp\/v2\/media\/50285"}],"wp:attachment":[{"href":"https:\/\/www.greenpeace.org\/sweden\/wp-json\/wp\/v2\/media?parent=50284"}],"wp:term":[{"taxonomy":"category","embeddable":true,"href":"https:\/\/www.greenpeace.org\/sweden\/wp-json\/wp\/v2\/categories?post=50284"},{"taxonomy":"post_tag","embeddable":true,"href":"https:\/\/www.greenpeace.org\/sweden\/wp-json\/wp\/v2\/tags?post=50284"},{"taxonomy":"p4-page-type","embeddable":true,"href":"https:\/\/www.greenpeace.org\/sweden\/wp-json\/wp\/v2\/p4-page-type?post=50284"}],"curies":[{"name":"wp","href":"https:\/\/api.w.org\/{rel}","templated":true}]}}