{"id":50550,"date":"2022-02-02T13:16:09","date_gmt":"2022-02-02T12:16:09","guid":{"rendered":"https:\/\/www.greenpeace.org\/sweden\/?p=50550"},"modified":"2022-03-18T15:38:13","modified_gmt":"2022-03-18T14:38:13","slug":"att-klassa-karnkraft-och-gas-som-hallbara-ar-den-storsta-greenwashingen-genom-tiderna","status":"publish","type":"post","link":"https:\/\/www.greenpeace.org\/sweden\/pressmeddelanden\/klimat\/att-klassa-karnkraft-och-gas-som-hallbara-ar-den-storsta-greenwashingen-genom-tiderna\/","title":{"rendered":"Att klassa k\u00e4rnkraft och fossilgas som h\u00e5llbara \u00e4r den st\u00f6rsta greenwashingen genom tiderna"},"content":{"rendered":"\n<p>Bryssel den 2 februari 2022 \u2013<strong> EU-kommissionen presenterade idag officiellt en starkt kritiserad plan f\u00f6r att klassa fossil gas och k\u00e4rnkraft som h\u00e5llbara enligt <\/strong><a href=\"https:\/\/ec.europa.eu\/info\/business-economy-euro\/banking-and-finance\/sustainable-finance\/eu-taxonomy-sustainable-activities_en\"><strong>taxonomif\u00f6rordningen<\/strong><\/a><strong>. Om f\u00f6rslaget antas av medlemsl\u00e4nderna och Europaparlamentet uppskattas investeringar f\u00f6r hundratals miljarder euro fl\u00f6da bort fr\u00e5n f\u00f6rnybar energi och ist\u00e4llet g\u00e5 till k\u00e4rnkraft och fossil gas, vilket g\u00f6r klimatkrisen v\u00e4rre och f\u00f6rdr\u00f6jer energiomst\u00e4llningen i EU.<\/strong><\/p>\n\n<p>\u2013 Att inkludera gas och k\u00e4rnkraft i taxonomin vore den st\u00f6rsta greenwashingen genom tiderna. F\u00f6rslaget \u00e4r ovetenskapligt och en attack mot EU:s anspr\u00e5k p\u00e5 att ta globalt ledarskap inom klimat och milj\u00f6. Det kan inte f\u00f6rklaras p\u00e5 annat s\u00e4tt \u00e4n en eftergift till tv\u00e5 desperata industrisektorer med m\u00e4ktigt politiskt inflytande, s\u00e4ger <strong>Rolf Lindahl, talesperson klimat och energi, Greenpeace Sverige<\/strong><\/p>\n\n<figure class=\"wp-block-image size-full\"><img loading=\"lazy\" decoding=\"async\" width=\"600\" height=\"400\" src=\"https:\/\/www.greenpeace.org\/static\/planet4-sweden-stateless\/2021\/12\/e7291ad8-gp1swnvw_low_res.jpg\" alt=\"\" class=\"wp-image-50112\" srcset=\"https:\/\/www.greenpeace.org\/static\/planet4-sweden-stateless\/2021\/12\/e7291ad8-gp1swnvw_low_res.jpg 600w, https:\/\/www.greenpeace.org\/static\/planet4-sweden-stateless\/2021\/12\/e7291ad8-gp1swnvw_low_res-300x200.jpg 300w, https:\/\/www.greenpeace.org\/static\/planet4-sweden-stateless\/2021\/12\/e7291ad8-gp1swnvw_low_res-510x340.jpg 510w\" sizes=\"auto, (max-width: 600px) 100vw, 600px\" \/><figcaption>Activists from Greenpeace Belgium install a giant \u2018taxonosaurus\u2019 dinosaur outside the headquarters of the European Commission and European Council in Brussels in protest against the possible inclusion of fossil gas and nuclear energy in the EU\u2019s \u2018taxonomy\u2019, or list of guidelines for sustainable investments.<\/figcaption><\/figure>\n\n<p><br>Ut\u00f6ver att producera farligt radioaktivt avfall tar k\u00e4rnreaktorer s\u00e5 l\u00e5ng tid att bygga att de \u00e4nd\u00e5 inte kan komma i drift tillr\u00e4ckligt snabbt f\u00f6r att bidra till att n\u00e5 EU:s klimatm\u00e5l till 2030, vilket forskarna s\u00e4ger \u00e4r n\u00f6dv\u00e4ndigt f\u00f6r att f\u00f6rhindra de v\u00e4rsta effekterna av klimatkrisen. Gas \u00e4r ocks\u00e5 den <a href=\"https:\/\/ember-climate.org\/commentary\/2021\/04\/16\/gas-power-euets\/\">enskilt st\u00f6rsta utsl\u00e4ppsk\u00e4llan i EU <\/a>och vars skyh\u00f6ga priser utl\u00f6st en europeisk energikris.&nbsp;<\/p>\n\n<p>\u2013 Det h\u00e4r \u00e4r ett r\u00e5nf\u00f6rs\u00f6k. N\u00e5gon f\u00f6rs\u00f6ker stj\u00e4la miljarder euro fr\u00e5n f\u00f6rnybara energik\u00e4llor och l\u00e5sa fast dem i teknologier som antingen inte g\u00f6r n\u00e5got f\u00f6r att bek\u00e4mpa klimatkrisen, som k\u00e4rnkraft, eller som aktivt f\u00f6rv\u00e4rrar problemet, som fossil gas. De skyldiga befinner sig p\u00e5 EU-kommissionens huvudkontor och utger sig f\u00f6r att ta klimat- och milj\u00f6krisen p\u00e5 allvar\u201d,<strong> s\u00e4ger Ariadna Rodrigo, talesperson f\u00f6r h\u00e5llbara finanser vid Greenpeace EU.<\/strong><\/p>\n\n<p>EU:s <a href=\"https:\/\/ec.europa.eu\/info\/files\/220121-sustainable-finance-platform-response-taxonomy-complementary-delegated-act_en\">Plattform f\u00f6r h\u00e5llbara finanser<\/a> \u00e4r en vetenskaplig expertgrupp som ger r\u00e5d till Europeiska kommissionen om dess gr\u00f6na agenda. De sa i sin officiella feedback att k\u00e4rnkraft, s\u00e4rskilt dess radioaktiva avfall, bryter mot en nyckelprincip av klassificeringen som ska s\u00e4kerst\u00e4lla att all teknik som ing\u00e5r <em>&#8221;inte orsakar betydande skada&#8221;<\/em> f\u00f6r EU:s milj\u00f6m\u00e5l.<br>Milj\u00f6jurister fr\u00e5n ClientEarth har sagt att inf\u00f6randet av fossil gas, Europas st\u00f6rsta k\u00e4lla av fossila utsl\u00e4pp, i klassificeringen skulle vara of\u00f6renligt med flera EU-lagar, inklusive EU:s klimatlag fr\u00e5n 2021. Flera regeringar och organisationer <a href=\"https:\/\/www.ft.com\/content\/48d44c9a-298e-4203-a160-772a032d1c36\">planerar enligt uppgift<\/a> att st\u00e4mma EU om gas och k\u00e4rnkraft skulle komma att inkluderas i taxonomin.&nbsp;<\/p>\n\n<p><strong>N\u00e4sta steg<\/strong><\/p>\n\n<p>Kommissionens f\u00f6rslag m\u00e5ste godk\u00e4nnas av medlemsl\u00e4nderna och Europaparlamentet f\u00f6r att tr\u00e4da i kraft. F\u00f6rslaget v\u00e4ntas m\u00f6ta en omedelbar <a href=\"https:\/\/www.euractiv.com\/section\/energy-environment\/news\/fury-in-parliament-as-eu-green-taxonomy-deadline-expires\/\">motreaktion fr\u00e5n parlamentsledam\u00f6ter,<\/a> som har st\u00e4ngts ute fr\u00e5n processen och f\u00f6rv\u00e4grats m\u00f6jligheten att granska detta kontroversiella paket fram tills nu.<br><br>Greenpeace uppmanar Europaparlamentet att r\u00f6sta ner detta f\u00f6rslag. En majoritet av parlamentet, eller 353 parlamentsledam\u00f6ter, kr\u00e4vs f\u00f6r att f\u00f6rkasta det.&nbsp;<\/p>\n\n<p>Greenpeace uppmanar ocks\u00e5 alla finansinstitutioner i EU att inte klassa k\u00e4rnkrafts- och gasinvesteringar som milj\u00f6m\u00e4ssigt h\u00e5llbara, och att vara transparenta och vetenskapsbaserade i sina energi- och klimatinvesteringsbeslut.&nbsp;<\/p>\n\n<p><strong>Kontakt:<\/strong><\/p>\n\n<p><strong>Rolf Lindahl<\/strong>, talesperson klimat och energi, Greenpeace Sverige<br>rolf.lindahl@greenpeace.org<br><strong>0703 97 58 70<\/strong><\/p>\n","protected":false},"excerpt":{"rendered":"<p>Bryssel den 2 februari 2022 \u2013 EU-kommissionen presenterade idag officiellt en starkt kritiserad plan f\u00f6r att klassa fossil gas och k\u00e4rnkraft som h\u00e5llbara enligt taxonomif\u00f6rordningen. <\/p>\n","protected":false},"author":41,"featured_media":50557,"comment_status":"open","ping_status":"open","sticky":false,"template":"","format":"standard","meta":{"ep_exclude_from_search":false,"p4_og_title":"","p4_og_description":"","p4_og_image":"","p4_og_image_id":"","p4_seo_canonical_url":"","p4_campaign_name":"not set","p4_local_project":"not set","p4_basket_name":"not set","p4_department":"","footnotes":""},"categories":[45,2],"tags":[24,49,26,23],"p4-page-type":[14],"class_list":["post-50550","post","type-post","status-publish","format-standard","has-post-thumbnail","hentry","category-energi","category-klimat","tag-fossilenergi","tag-olja","tag-atomkraft","tag-globaluppvarmning","p4-page-type-pressmeddelanden"],"_links":{"self":[{"href":"https:\/\/www.greenpeace.org\/sweden\/wp-json\/wp\/v2\/posts\/50550","targetHints":{"allow":["GET"]}}],"collection":[{"href":"https:\/\/www.greenpeace.org\/sweden\/wp-json\/wp\/v2\/posts"}],"about":[{"href":"https:\/\/www.greenpeace.org\/sweden\/wp-json\/wp\/v2\/types\/post"}],"author":[{"embeddable":true,"href":"https:\/\/www.greenpeace.org\/sweden\/wp-json\/wp\/v2\/users\/41"}],"replies":[{"embeddable":true,"href":"https:\/\/www.greenpeace.org\/sweden\/wp-json\/wp\/v2\/comments?post=50550"}],"version-history":[{"count":6,"href":"https:\/\/www.greenpeace.org\/sweden\/wp-json\/wp\/v2\/posts\/50550\/revisions"}],"predecessor-version":[{"id":51234,"href":"https:\/\/www.greenpeace.org\/sweden\/wp-json\/wp\/v2\/posts\/50550\/revisions\/51234"}],"wp:featuredmedia":[{"embeddable":true,"href":"https:\/\/www.greenpeace.org\/sweden\/wp-json\/wp\/v2\/media\/50557"}],"wp:attachment":[{"href":"https:\/\/www.greenpeace.org\/sweden\/wp-json\/wp\/v2\/media?parent=50550"}],"wp:term":[{"taxonomy":"category","embeddable":true,"href":"https:\/\/www.greenpeace.org\/sweden\/wp-json\/wp\/v2\/categories?post=50550"},{"taxonomy":"post_tag","embeddable":true,"href":"https:\/\/www.greenpeace.org\/sweden\/wp-json\/wp\/v2\/tags?post=50550"},{"taxonomy":"p4-page-type","embeddable":true,"href":"https:\/\/www.greenpeace.org\/sweden\/wp-json\/wp\/v2\/p4-page-type?post=50550"}],"curies":[{"name":"wp","href":"https:\/\/api.w.org\/{rel}","templated":true}]}}