{"id":50686,"date":"2022-02-16T10:32:27","date_gmt":"2022-02-16T09:32:27","guid":{"rendered":"https:\/\/www.greenpeace.org\/sweden\/?p=50686"},"modified":"2023-02-20T15:00:24","modified_gmt":"2023-02-20T14:00:24","slug":"greenpeace-overklagar-cementalagen-bryter-mot-grundlagen","status":"publish","type":"post","link":"https:\/\/www.greenpeace.org\/sweden\/pressmeddelanden\/klimat\/greenpeace-overklagar-cementalagen-bryter-mot-grundlagen\/","title":{"rendered":"Greenpeace \u00f6verklagar  \u201cCementalagen\u201d \u2013  bryter mot grundlagen"},"content":{"rendered":"\n<p><em>Idag l\u00e4mnade Greenpeace in en beg\u00e4ran om r\u00e4ttspr\u00f6vning till h\u00f6gsta f\u00f6rvaltningsdomstolen med ett krav p\u00e5 att domstolen upph\u00e4ver regeringens beslut om att ge Cementa fortsatt brytningstillst\u00e5nd. Greenpeace menar att den s\u00e5 kallade \u201ccementalagen\u201d bryter mot grundlagen p\u00e5 fyra punkter.<\/em><\/p>\n\n<p>\u2013 Cementalagen \u00e4r fyra i rad i&nbsp; grundlagsbrott. Genom hanteringen har regeringen lyckats bryta mot f\u00f6rbudet mot ministerstyre, domstolarnas sj\u00e4lvst\u00e4ndighet, kravet p\u00e5 sakliga och opartiska beslutsunderlag samt kraven p\u00e5 att inh\u00e4mta n\u00f6dv\u00e4ndig information f\u00f6r beslut. D\u00e4rf\u00f6r \u00f6verklagar Greenpeace \u00e4rendet till h\u00f6gsta f\u00f6rvaltningsdomstolen, s\u00e4ger <strong>Carl Schlyter, kampanjledare p\u00e5 Greenpeace.<\/strong><\/p>\n\n<figure class=\"wp-block-image size-large\"><img loading=\"lazy\" decoding=\"async\" width=\"1024\" height=\"576\" src=\"https:\/\/www.greenpeace.org\/static\/planet4-sweden-stateless\/2022\/01\/a9b97dab-cementas-egen-lag-1024x576.jpg\" title=\"Nej till speciallag f\u00f6r Cemnta\" alt=\"Nej till speciallag f\u00f6r Cemnta\" class=\"wp-image-50243\" srcset=\"https:\/\/www.greenpeace.org\/static\/planet4-sweden-stateless\/2022\/01\/a9b97dab-cementas-egen-lag-1024x576.jpg 1024w, https:\/\/www.greenpeace.org\/static\/planet4-sweden-stateless\/2022\/01\/a9b97dab-cementas-egen-lag-300x169.jpg 300w, https:\/\/www.greenpeace.org\/static\/planet4-sweden-stateless\/2022\/01\/a9b97dab-cementas-egen-lag-768x432.jpg 768w, https:\/\/www.greenpeace.org\/static\/planet4-sweden-stateless\/2022\/01\/a9b97dab-cementas-egen-lag-1536x864.jpg 1536w, https:\/\/www.greenpeace.org\/static\/planet4-sweden-stateless\/2022\/01\/a9b97dab-cementas-egen-lag-510x287.jpg 510w, https:\/\/www.greenpeace.org\/static\/planet4-sweden-stateless\/2022\/01\/a9b97dab-cementas-egen-lag.jpg 1728w\" sizes=\"auto, (max-width: 1024px) 100vw, 1024px\" \/><\/figure>\n\n<p>Efter hantering i fler instanser avslog Mark- och milj\u00f6\u00f6verdomstolen Cementas ans\u00f6kan om fortsatt kalkbrytning i Slite p\u00e5 Gotland. Anledningen till avslaget var att Cementas milj\u00f6konsekvensbeskrivning var s\u00e5 pass underm\u00e5lig att domstolen inte ans\u00e5g att den kunde ligga till grund f\u00f6r beslut. Vilket ocks\u00e5 p\u00e5pekats av ansvariga expertmyndigheter. Regeringen valde d\u00e5 att p\u00e5 kort tid utforma en lag med syfte att ge Cementa fortsatt brytningstillst\u00e5nd, trots att Mark- och milj\u00f6\u00f6verdomstolen, som \u00e4r den h\u00f6gsta instansen f\u00f6r att pr\u00f6va \u00e4renden enligt milj\u00f6balken, sagt nej. Regeringens delvis inkompletta beslutsunderlag, presenterades den 30 augusti 2021 med endast fyra dagars remisstid.<\/p>\n\n<p>\u2013<strong> <\/strong>Regeringens har gett myndigheter, experter, civilsamh\u00e4lle, riksdag och lagr\u00e5d f\u00f6r lite tid att f\u00f6r att kunna ta fram och granska oberoende fakta. Dessutom specialdesignades en lag f\u00f6r att endast kunna g\u00e4lla i ett fall, i syfte att k\u00f6ra \u00f6ver domstolens beslut i \u00e4rendet. Det strider mot grundlagens krav p\u00e5 domstolars oberoende samt \u201cgeneralitetsprincipen\u201d d v s att lagar ska g\u00e4lla lika f\u00f6r alla. Demokratin sattes d\u00e4rmed p\u00e5 undantag. Regeringens agerande kring Cementa riskerar att f\u00f6rsvaga milj\u00f6balkens st\u00e4llning och \u00f6ppnar d\u00f6rrar f\u00f6r att f\u00f6retag kommer s\u00f6ka undantag fr\u00e5n lagen ist\u00e4llet f\u00f6r att f\u00f6lja den, s\u00e4ger <strong>Carl Schlyter.<\/strong><\/p>\n\n<p>En av de saker Greenpeace lyfter i sitt \u00f6verklagande med h\u00e4nvisning till grundlagens krav p\u00e5 p\u00e5 opartiska och sakliga beslutsunderlag \u00e4r de p\u00e5st\u00e5dda effekter av cementbrist som enligt industri- och regeringsf\u00f6retr\u00e4dare riskerade att hota hundratusentals jobb. Beslutsunderlagen saknar dock trov\u00e4rdiga analyser som st\u00f6djer p\u00e5st\u00e5endena och Cementa har senare sagt att <a href=\"https:\/\/sverigesradio.se\/artikel\/cementa-kris-om-brytning-stoppas-lagrad-sten-racker-inte\">man har m\u00f6jligheter att h\u00e4mta r\u00e5vara fr\u00e5n andra platser i n\u00e4romr\u00e5det.<\/a><\/p>\n\n<p>\u2013 Regeringen gav en bild av att Sverige skulle stanna om Cementa inte fick sitt tillst\u00e5nd, men underlagen saknade korrekta analyser av alternativa bindemedel till cement, import och alternativ r\u00e5varuf\u00f6rs\u00f6rjning till Slite. Hotet om cementbrist var gravt \u00f6verdrivet och varken, internationella branschorganisationer, konkurrenter eller marknadsanalytiker tillfr\u00e5gades om l\u00e4get p\u00e5 cementmarknaden, s\u00e4ger <strong>Carl Schlyter.<\/strong><\/p>\n\n<p>Ut\u00f6ver Greenpeace s\u00e5 har ocks\u00e5 Urbergsgruppen och Naturskyddsf\u00f6reningen \u00f6verklagat cementalagen till h\u00f6gsta f\u00f6rvaltningsdomstolen.<\/p>\n\n<p><strong><a href=\"https:\/\/www.greenpeace.org\/static\/planet4-sweden-stateless\/2022\/02\/3320e812-begaran-av-rattsprovning-cementalagen-greenpeace-pdf.pdf\" data-type=\"URL\" data-id=\"https:\/\/www.greenpeace.org\/static\/planet4-sweden-stateless\/2022\/02\/3320e812-begaran-av-rattsprovning-cementalagen-greenpeace-pdf.pdf\" target=\"_blank\" rel=\"noreferrer noopener\">H\u00e4r kan du l\u00e4sa Greenpeace \u00f6verklagan i sin helhet<\/a><\/strong><\/p>\n\n<p><strong> <\/strong><\/p>\n\n<p><strong>Kontakt:<br><\/strong>Carl Schlyter, kampanjledare <br>070 234 13 57<br><br>Ludvig Tillman, kommunikationsansvarig<br>0702 71 64 37<\/p>\n","protected":false},"excerpt":{"rendered":"<p>Greenpeace \u00f6verklagar &#8221;cementalagen&#8221; till h\u00f6gsta f\u00f6rvaltningsdomstolen. Speciallagen bryter mot grundlagen p\u00e5 fyra punkter. <\/p>\n","protected":false},"author":40,"featured_media":50243,"comment_status":"closed","ping_status":"closed","sticky":false,"template":"","format":"standard","meta":{"ep_exclude_from_search":false,"p4_og_title":"","p4_og_description":"","p4_og_image":"","p4_og_image_id":"","p4_seo_canonical_url":"","p4_campaign_name":"not set","p4_local_project":"not set","p4_basket_name":"not set","p4_department":"","footnotes":""},"categories":[2],"tags":[53],"p4-page-type":[14],"class_list":["post-50686","post","type-post","status-publish","format-standard","has-post-thumbnail","hentry","category-klimat","tag-svenskpolitik","p4-page-type-pressmeddelanden"],"_links":{"self":[{"href":"https:\/\/www.greenpeace.org\/sweden\/wp-json\/wp\/v2\/posts\/50686","targetHints":{"allow":["GET"]}}],"collection":[{"href":"https:\/\/www.greenpeace.org\/sweden\/wp-json\/wp\/v2\/posts"}],"about":[{"href":"https:\/\/www.greenpeace.org\/sweden\/wp-json\/wp\/v2\/types\/post"}],"author":[{"embeddable":true,"href":"https:\/\/www.greenpeace.org\/sweden\/wp-json\/wp\/v2\/users\/40"}],"replies":[{"embeddable":true,"href":"https:\/\/www.greenpeace.org\/sweden\/wp-json\/wp\/v2\/comments?post=50686"}],"version-history":[{"count":4,"href":"https:\/\/www.greenpeace.org\/sweden\/wp-json\/wp\/v2\/posts\/50686\/revisions"}],"predecessor-version":[{"id":50690,"href":"https:\/\/www.greenpeace.org\/sweden\/wp-json\/wp\/v2\/posts\/50686\/revisions\/50690"}],"wp:featuredmedia":[{"embeddable":true,"href":"https:\/\/www.greenpeace.org\/sweden\/wp-json\/wp\/v2\/media\/50243"}],"wp:attachment":[{"href":"https:\/\/www.greenpeace.org\/sweden\/wp-json\/wp\/v2\/media?parent=50686"}],"wp:term":[{"taxonomy":"category","embeddable":true,"href":"https:\/\/www.greenpeace.org\/sweden\/wp-json\/wp\/v2\/categories?post=50686"},{"taxonomy":"post_tag","embeddable":true,"href":"https:\/\/www.greenpeace.org\/sweden\/wp-json\/wp\/v2\/tags?post=50686"},{"taxonomy":"p4-page-type","embeddable":true,"href":"https:\/\/www.greenpeace.org\/sweden\/wp-json\/wp\/v2\/p4-page-type?post=50686"}],"curies":[{"name":"wp","href":"https:\/\/api.w.org\/{rel}","templated":true}]}}