{"id":50768,"date":"2022-02-21T16:52:57","date_gmt":"2022-02-21T15:52:57","guid":{"rendered":"https:\/\/www.greenpeace.org\/sweden\/?p=50768"},"modified":"2023-02-17T09:48:01","modified_gmt":"2023-02-17T08:48:01","slug":"korallreven","status":"publish","type":"post","link":"https:\/\/www.greenpeace.org\/sweden\/artiklar\/hav\/korallreven\/","title":{"rendered":"Korallreven \u2013 v\u00e4rldens mest hotade ekosystem"},"content":{"rendered":"\n<figure class=\"wp-block-image size-large\"><img loading=\"lazy\" decoding=\"async\" width=\"1024\" height=\"768\" src=\"https:\/\/www.greenpeace.org\/static\/planet4-sweden-stateless\/2022\/02\/0b9840ea-korallrev-1024x768.jpg\" alt=\"Korallrev med massa fiskar\" class=\"wp-image-50769\" srcset=\"https:\/\/www.greenpeace.org\/static\/planet4-sweden-stateless\/2022\/02\/0b9840ea-korallrev-1024x768.jpg 1024w, https:\/\/www.greenpeace.org\/static\/planet4-sweden-stateless\/2022\/02\/0b9840ea-korallrev-300x225.jpg 300w, https:\/\/www.greenpeace.org\/static\/planet4-sweden-stateless\/2022\/02\/0b9840ea-korallrev-768x576.jpg 768w, https:\/\/www.greenpeace.org\/static\/planet4-sweden-stateless\/2022\/02\/0b9840ea-korallrev-1536x1152.jpg 1536w, https:\/\/www.greenpeace.org\/static\/planet4-sweden-stateless\/2022\/02\/0b9840ea-korallrev-2048x1536.jpg 2048w, https:\/\/www.greenpeace.org\/static\/planet4-sweden-stateless\/2022\/02\/0b9840ea-korallrev-1821x1366.jpg 1821w, https:\/\/www.greenpeace.org\/static\/planet4-sweden-stateless\/2022\/02\/0b9840ea-korallrev-453x340.jpg 453w\" sizes=\"auto, (max-width: 1024px) 100vw, 1024px\" \/><figcaption class=\"wp-element-caption\">Foto av Francesco Ungaru.<\/figcaption><\/figure>\n\n<p><strong>Visste du att koraller \u00e4r ett viktigt ekosystem som \u00e4r hem till en fj\u00e4rdedel av alla marina arter? Korallreven \u00e4r planetens st\u00f6rsta levande organism som f\u00f6rser m\u00e4nniskor med mat, f\u00f6rs\u00f6rjning och skydd till kustn\u00e4ra st\u00e4der \u00f6ver hela v\u00e4rlden.<\/strong><br><br><strong>Men f\u00f6r hur l\u00e4nge? Idag \u00e4r korallreven ett av v\u00e4rldens mest hotade ekosystem.<\/strong><\/p>\n\t\t\t<section\n\t\t\tclass=\"boxout post-645 \"\n\t\t\t\n\t\t>\n\t\t\t<a\n\t\t\t\tdata-ga-category=\"Take Action Boxout\"\n\t\t\t\tdata-ga-action=\"Image\"\n\t\t\t\tdata-ga-label=\"n\/a\"\n\t\t\t\tclass=\"cover-card-overlay\"\n\t\t\t\thref=\"https:\/\/www.greenpeace.org\/sweden\/agera\/skyddahaven\/\" \n\t\t\t><\/a>\n\t\t\t\t\t\t\t<img\n\t\t\t\t\t\tsrc=\"https:\/\/www.greenpeace.org\/static\/planet4-sweden-stateless\/2025\/02\/38acdb55-900x300_split-ud-trawling.jpg\"\n\t\t\t\t\t\tsrcset=\"https:\/\/www.greenpeace.org\/static\/planet4-sweden-stateless\/2025\/02\/38acdb55-900x300_split-ud-trawling-300x100.jpg 300w, https:\/\/www.greenpeace.org\/static\/planet4-sweden-stateless\/2025\/02\/38acdb55-900x300_split-ud-trawling-768x256.jpg 768w, https:\/\/www.greenpeace.org\/static\/planet4-sweden-stateless\/2025\/02\/38acdb55-900x300_split-ud-trawling-510x170.jpg 510w, https:\/\/www.greenpeace.org\/static\/planet4-sweden-stateless\/2025\/02\/38acdb55-900x300_split-ud-trawling.jpg 900w\"\n\t\t\t\t\t\tsizes=\"(min-width: 1000px) 358px, (min-width: 780px) 313px, 88px\"\n\t\t\t\t\t\talt=\"\" title=\"\"\n\t\t\t\t\/>\n            \t\t\t<div class=\"boxout-content\">\n\t\t\t\t\t\t\t\t\t<a\n\t\t\t\t\t\tclass=\"boxout-heading medium\"\n\t\t\t\t\t\tdata-ga-category=\"Take Action Boxout\"\n\t\t\t\t\t\tdata-ga-action=\"Title\"\n\t\t\t\t\t\tdata-ga-label=\"n\/a\"\n\t\t\t\t\t\thref=\"https:\/\/www.greenpeace.org\/sweden\/agera\/skyddahaven\/\"\n\t\t\t\t\t\t\n\t\t\t\t\t>\n\t\t\t\t\t\tSkydda haven &#8211; ratificera avtalet, Maria!\n\t\t\t\t\t<\/a>\n\t\t\t\t\t\t\t\t\t\t\t\t\t<p class=\"boxout-excerpt\">Skriv under och kr\u00e4v med oss att v\u00e5r utrikesminister Maria Malmer Stenergard ser till att Sverige fullf\u00f6ljer sitt l\u00f6fte och godk\u00e4nner avtalet. Skydda haven, Maria! <\/p>\n\t\t\t\t                                    <a\n                        class=\"btn btn-primary\"\n                        data-ga-category=\"Take Action Boxout\"\n                        data-ga-action=\"Call to Action\"\n                        data-ga-label=\"n\/a\"\n                        href=\"https:\/\/www.greenpeace.org\/sweden\/agera\/skyddahaven\/\"\n                        \n                    >\n                        Engagera dig\n                    <\/a>\n                \t\t\t<\/div>\n\t\t\t\t\t<\/section>\n\t\n<p>Koraller v\u00e4xer omkring 7 till 8 millimeter om \u00e5ret, alla synbara korallrev \u00e4r allts\u00e5 f\u00f6rhistoriska levande organismer som v\u00e4xt i tusentals \u00e5r! Stora Barri\u00e4rrevet utanf\u00f6r Australien \u00e4r jordens st\u00f6rsta korallrev. Det \u00e4r omkring 2 300 km l\u00e5ngt och ber\u00e4knas vara omkring 18 miljoner \u00e5r gammalt!<br><br>Koraller finns \u00e4ven h\u00e4r i Sverige, och \u00e4ven om v\u00e5rt korallrev \u00e4r betydligt yngre, s\u00e5 \u00e4r det mellan 2 700 och 8 000 \u00e5r gammalt.<\/p>\n\n<h2 class=\"wp-block-heading\"><strong>Vad \u00e4r koraller?<\/strong><\/h2>\n\n<p>Det finns omkring 6 500 korallarter som vi k\u00e4nner till i b\u00e5da varmt och kallt vatten. Koraller \u00e4r n\u00e4sseldjur som best\u00e5r av sm\u00e5 koralldjur \u2013 de \u00e4r allts\u00e5 levande varelser!<\/p>\n\n<p>I tropiska vatten lever koraller ofta i perfekt balans med alger som kallas zoocantheller. De \u00e4r fotosyntetiserande och upptar koldioxid, vatten och andra organiska \u00e4mnen, och n\u00e4r de f\u00e5r solljus s\u00e5 kan de producera syre och n\u00e4ring som upptas av korallen \u2013 och n\u00e4r korallen b\u00f6rjar v\u00e4xa s\u00e5 bildas korallrev.<\/p>\n\n<figure class=\"wp-block-image size-full\"><img loading=\"lazy\" decoding=\"async\" width=\"800\" height=\"533\" src=\"https:\/\/www.greenpeace.org\/static\/planet4-sweden-stateless\/2022\/02\/572907a9-sko\u0308ldpadda-korallrev.jpg\" alt=\"En karettsk\u00f6ldpadda simmar intill ett korallrev\" class=\"wp-image-50770\" srcset=\"https:\/\/www.greenpeace.org\/static\/planet4-sweden-stateless\/2022\/02\/572907a9-sko\u0308ldpadda-korallrev.jpg 800w, https:\/\/www.greenpeace.org\/static\/planet4-sweden-stateless\/2022\/02\/572907a9-sko\u0308ldpadda-korallrev-300x200.jpg 300w, https:\/\/www.greenpeace.org\/static\/planet4-sweden-stateless\/2022\/02\/572907a9-sko\u0308ldpadda-korallrev-768x512.jpg 768w, https:\/\/www.greenpeace.org\/static\/planet4-sweden-stateless\/2022\/02\/572907a9-sko\u0308ldpadda-korallrev-510x340.jpg 510w\" sizes=\"auto, (max-width: 800px) 100vw, 800px\" \/><\/figure>\n\n<h2 class=\"wp-block-heading\"><strong>Korallreven \u00e4r ett viktigt ekosystem<\/strong><\/h2>\n\n<p>25 procent av alla marina arter \u00e4r beroende av korallreven, trots att koraller bara upptar en procent av haven. Och det \u00e4r inte f\u00f6r inget som reven kallas f\u00f6r \u201chavets barnkammare\u201d \u2013 f\u00f6r h\u00e4r f\u00e5r sm\u00e5 och unga fiskar sin mat, samtidigt som de ger skydd fr\u00e5n st\u00f6rre fiskar s\u00e5 att de kan v\u00e4xa och bli stora.<br><br>Men korallreven \u00e4r \u00e4ven viktiga f\u00f6r oss m\u00e4nniskor \u2013 omkring 500 miljoner m\u00e4nniskor \u00e4r beroende av korallreven f\u00f6r mat och f\u00f6rs\u00f6rjning. De fungerar \u00e4ven som ett skydd f\u00f6r kustsamh\u00e4llen v\u00e4rlden \u00f6ver \u2013 f\u00f6r gissa vilka som skyddar oss n\u00e4r stora stormar och havsv\u00e5gor kommer? Jo, det \u00e4r reven.<\/p>\n\n<h2 class=\"wp-block-heading\"><strong>Hoten mot korallreven<\/strong><\/h2>\n\n<p>50 procent av alla koraller har f\u00f6rsvunnit p\u00e5 bara 150 \u00e5r. Korallerna, eller \u201chavets regnskogar\u201d som de ocks\u00e5 kallas m\u00f6ter flera allvarliga hot, men klimatf\u00f6r\u00e4ndringarna och stigande havsniv\u00e5er st\u00e5r f\u00f6r det absolut st\u00f6rsta.<br><br>\u00c4ven andra orsaker bidrar till korallrevens f\u00f6rsvinnande som till exempel: Industriellt fiske, bottentr\u00e5lning, f\u00f6roreningar, \u00f6verg\u00f6dning och annan exploatering.<\/p>\n\n<figure class=\"wp-block-image size-full\"><img loading=\"lazy\" decoding=\"async\" width=\"800\" height=\"460\" src=\"https:\/\/www.greenpeace.org\/static\/planet4-sweden-stateless\/2022\/02\/b3563b45-dykare-vid-korallrev.jpg\" alt=\"Korallblekning vid Stora barri\u00e4rrevet\" class=\"wp-image-50771\" srcset=\"https:\/\/www.greenpeace.org\/static\/planet4-sweden-stateless\/2022\/02\/b3563b45-dykare-vid-korallrev.jpg 800w, https:\/\/www.greenpeace.org\/static\/planet4-sweden-stateless\/2022\/02\/b3563b45-dykare-vid-korallrev-300x173.jpg 300w, https:\/\/www.greenpeace.org\/static\/planet4-sweden-stateless\/2022\/02\/b3563b45-dykare-vid-korallrev-768x442.jpg 768w, https:\/\/www.greenpeace.org\/static\/planet4-sweden-stateless\/2022\/02\/b3563b45-dykare-vid-korallrev-510x293.jpg 510w\" sizes=\"auto, (max-width: 800px) 100vw, 800px\" \/><figcaption class=\"wp-element-caption\">Korallblekning i det Stora Barri\u00e4rrevet.<\/figcaption><\/figure>\n\n<h2 class=\"wp-block-heading\"><strong>Korallerna d\u00f6r i alarmerande takt<\/strong><\/h2>\n\n<p>Just nu p\u00e5g\u00e5r en massiv koralld\u00f6d, och den st\u00f6rsta orsaken till det \u00e4r korallblekning. Det beror p\u00e5 en \u00f6kad havstemperatur som \u00e4r en direkt effekt av klimatf\u00f6r\u00e4ndringarna, vilket g\u00f6r att algerna som korallerna levt i perfekt balans med i miljontals \u00e5r l\u00e4mnar dem.<\/p>\n\n<p>Det g\u00f6r att korallerna inte l\u00e4ngre f\u00e5r n\u00e4ring och d\u00e4rmed bleknar eftersom att de helt enkelt sv\u00e4lter ihj\u00e4l. Det Stora Barri\u00e4rrevet har drabbats h\u00e5rdast, studier visar att dessa rev minskat med 50 procent under de senaste 25 \u00e5ren.<br><br>Att korallreven d\u00f6r \u00e4r ett stort hot mot havet, biologisk m\u00e5ngfald och oss m\u00e4nniskor \u2013 och eftersom de v\u00e4xer s\u00e5 l\u00e5ngsamt s\u00e5 m\u00e5ste vi g\u00f6ra allt vi kan f\u00f6r att r\u00e4dda de korallrev som finns kvar.<\/p>\n\n<h2 class=\"wp-block-heading\"><strong>Hj\u00e4lp oss att r\u00e4dda v\u00e4rldens korallrev<\/strong><\/h2>\n\n<p>Den enda chansen vi har f\u00f6r att r\u00e4dda korallreven \u00e4r genom att minska v\u00e5r exploatering och utsl\u00e4ppen av v\u00e4xthusgaser som v\u00e4rmer upp v\u00e5ra hav.<br><br>Om vi misslyckas s\u00e5 ber\u00e4knas v\u00e4rldens koraller vara f\u00f6rsvunna redan till \u00e5r 2050. Vi har allts\u00e5 inget val <strong>\u2013<\/strong> <strong>vi m\u00e5ste skapa f\u00f6r\u00e4ndring \u2013 <\/strong>och Greenpeace arbetar h\u00e5rt f\u00f6r att f\u00e5 till ett n\u00e4tverk av globala havsreservat som skyddar 30 procent av havens viktigaste ekosystem, och f\u00e5 regeringar och f\u00f6retag att genomf\u00f6ra de viktigaste l\u00f6sningarna f\u00f6r att minska v\u00e5ra v\u00e4xthusgasutsl\u00e4pp.<br><br>Vi granskar och avsl\u00f6jar milj\u00f6bovar, bedriver forskning och s\u00e4tter press p\u00e5 f\u00f6retag och regimer att agera p\u00e5 de viktigaste nyckelfr\u00e5gorna f\u00f6r att l\u00f6sa klimatkrisen.<br><br>F\u00f6r att kunna utr\u00e4tta allt detta s\u00e5 m\u00e5ste vi vara 100 procent oberoende. D\u00e4rf\u00f6r tar Greenpeace inte emot offentligt st\u00f6d eller pengar fr\u00e5n f\u00f6retag. Ist\u00e4llet \u00e4r v\u00e5rt arbete och de f\u00f6r\u00e4ndringar de skapar helt beroende av v\u00e5ra engagerade m\u00e5nadsgivare.<br><br>D\u00e4rf\u00f6r vill vi fr\u00e5ga om du skulle vilja bli m\u00e5nadsgivare? St\u00f6det fr\u00e5n privatpersoner som dig f\u00e5r stor betydelse och bidrar till att Greenpeace kan utr\u00e4tta \u00e4nnu mer, och skapa \u00e4nnu st\u00f6rre resultat i kampen f\u00f6r att stoppa klimatf\u00f6r\u00e4ndringarna.<\/p>\n\n<div class=\"wp-block-buttons is-horizontal is-content-justification-center is-layout-flex wp-container-core-buttons-is-layout-499968f5 wp-block-buttons-is-layout-flex\">\n<div class=\"wp-block-button is-style-cta\"><a class=\"wp-block-button__link wp-element-button\" href=\"https:\/\/stod.greenpeace.org\/d\/manadsgivare-havet\" target=\"_blank\" rel=\"noreferrer noopener\">BLI M\u00c5NADSGIVARE<\/a><\/div>\n<\/div>\n","protected":false},"excerpt":{"rendered":"<p>Visste du att koraller \u00e4r ett viktigt ekosystem som \u00e4r hem till en fj\u00e4rdedel av alla marina arter? Korallreven \u00e4r planetens st\u00f6rsta levande organism som f\u00f6rser oss m\u00e4nniskor med mat&hellip;<\/p>\n","protected":false},"author":84,"featured_media":50769,"comment_status":"open","ping_status":"open","sticky":false,"template":"","format":"standard","meta":{"ep_exclude_from_search":false,"p4_og_title":"","p4_og_description":"","p4_og_image":"","p4_og_image_id":"","p4_seo_canonical_url":"","p4_campaign_name":"not set","p4_local_project":"not set","p4_basket_name":"not set","p4_department":"","footnotes":""},"categories":[3],"tags":[40,28,30],"p4-page-type":[16],"class_list":["post-50768","post","type-post","status-publish","format-standard","has-post-thumbnail","hentry","category-hav","tag-biodiversitet","tag-overfiske","tag-marinaskyddadeomraden","p4-page-type-artiklar"],"_links":{"self":[{"href":"https:\/\/www.greenpeace.org\/sweden\/wp-json\/wp\/v2\/posts\/50768","targetHints":{"allow":["GET"]}}],"collection":[{"href":"https:\/\/www.greenpeace.org\/sweden\/wp-json\/wp\/v2\/posts"}],"about":[{"href":"https:\/\/www.greenpeace.org\/sweden\/wp-json\/wp\/v2\/types\/post"}],"author":[{"embeddable":true,"href":"https:\/\/www.greenpeace.org\/sweden\/wp-json\/wp\/v2\/users\/84"}],"replies":[{"embeddable":true,"href":"https:\/\/www.greenpeace.org\/sweden\/wp-json\/wp\/v2\/comments?post=50768"}],"version-history":[{"count":2,"href":"https:\/\/www.greenpeace.org\/sweden\/wp-json\/wp\/v2\/posts\/50768\/revisions"}],"predecessor-version":[{"id":53456,"href":"https:\/\/www.greenpeace.org\/sweden\/wp-json\/wp\/v2\/posts\/50768\/revisions\/53456"}],"wp:featuredmedia":[{"embeddable":true,"href":"https:\/\/www.greenpeace.org\/sweden\/wp-json\/wp\/v2\/media\/50769"}],"wp:attachment":[{"href":"https:\/\/www.greenpeace.org\/sweden\/wp-json\/wp\/v2\/media?parent=50768"}],"wp:term":[{"taxonomy":"category","embeddable":true,"href":"https:\/\/www.greenpeace.org\/sweden\/wp-json\/wp\/v2\/categories?post=50768"},{"taxonomy":"post_tag","embeddable":true,"href":"https:\/\/www.greenpeace.org\/sweden\/wp-json\/wp\/v2\/tags?post=50768"},{"taxonomy":"p4-page-type","embeddable":true,"href":"https:\/\/www.greenpeace.org\/sweden\/wp-json\/wp\/v2\/p4-page-type?post=50768"}],"curies":[{"name":"wp","href":"https:\/\/api.w.org\/{rel}","templated":true}]}}