{"id":50787,"date":"2022-02-23T10:44:14","date_gmt":"2022-02-23T09:44:14","guid":{"rendered":"https:\/\/www.greenpeace.org\/sweden\/?p=50787"},"modified":"2025-07-28T10:06:36","modified_gmt":"2025-07-28T09:06:36","slug":"vill-du-engagera-dig-med-greenpeace-i-umea","status":"publish","type":"post","link":"https:\/\/www.greenpeace.org\/sweden\/artiklar\/greenpeace\/vill-du-engagera-dig-med-greenpeace-i-umea\/","title":{"rendered":"Vill du engagera dig med Greenpeace i Ume\u00e5?"},"content":{"rendered":"\n<p><strong>Greenpeace har ett brett n\u00e4tverk av volont\u00e4rer som tillsammans skapar f\u00f6r\u00e4ndring. Som volont\u00e4r i Greenpeace \u00e4r du med och g\u00f6r en aktiv insats f\u00f6r milj\u00f6n genom att utforma och delta i v\u00e5ra kampanjer och aktiviteter. Just nu s\u00f6ker vi dig som vill vara med och starta upp en ny lokalgrupp i Ume\u00e5!&nbsp;<\/strong><\/p>\n\n<figure class=\"wp-block-image size-full\"><img loading=\"lazy\" decoding=\"async\" width=\"800\" height=\"533\" src=\"https:\/\/www.greenpeace.org\/static\/planet4-sweden-stateless\/2022\/02\/bed1878e-gp1svsgj_web_size.jpg\" alt=\"\" class=\"wp-image-50789\" srcset=\"https:\/\/www.greenpeace.org\/static\/planet4-sweden-stateless\/2022\/02\/bed1878e-gp1svsgj_web_size.jpg 800w, https:\/\/www.greenpeace.org\/static\/planet4-sweden-stateless\/2022\/02\/bed1878e-gp1svsgj_web_size-300x200.jpg 300w, https:\/\/www.greenpeace.org\/static\/planet4-sweden-stateless\/2022\/02\/bed1878e-gp1svsgj_web_size-768x512.jpg 768w, https:\/\/www.greenpeace.org\/static\/planet4-sweden-stateless\/2022\/02\/bed1878e-gp1svsgj_web_size-510x340.jpg 510w\" sizes=\"auto, (max-width: 800px) 100vw, 800px\" \/><\/figure>\n\n<p><strong>Som volont\u00e4r hos oss <\/strong>f\u00e5r du m\u00f6jlighet att agera f\u00f6r klimatet tillsammans med likasinnade. Du f\u00e5r en f\u00f6rdjupad f\u00f6rst\u00e5else f\u00f6r olika klimat- och milj\u00f6problem och l\u00e4r dig om vilka l\u00f6sningar som finns. Genom att engagera dig som volont\u00e4r bidrar du till att skapa f\u00f6r\u00e4ndringar i samh\u00e4llet och visar v\u00e4gen mot en h\u00e5llbar framtid!<\/p>\n\n<h3 class=\"wp-block-heading\"><strong>Nu \u00e4r det dags att starta upp en ny lokalgrupp i Ume\u00e5!<\/strong><\/h3>\n\n<p>Greenpeace har tidigare haft en lokalgrupp i Ume\u00e5 och nu \u00e4r det dags att vi \u00e5terigen blir en del av milj\u00f6r\u00f6relsen h\u00e4r! Under v\u00e5ren kommer vi att starta upp en ny lokalgrupp i Ume\u00e5 f\u00f6r att st\u00e4rka och bredda v\u00e5rt volont\u00e4rn\u00e4tverk. Dessutom inneb\u00e4r det ocks\u00e5 en n\u00e4rmare anknytning till de omr\u00e5den som st\u00e5r i fokus i v\u00e5r skogskampanj, n\u00e5got vi har jobbat intensivt med det senaste \u00e5ret och som kommer forts\u00e4tta st\u00e5 i fokus fram\u00f6ver.&nbsp;<\/p>\n\n<p>Vi s\u00f6ker dig som har ett intresse f\u00f6r klimat- och milj\u00f6fr\u00e5gor, tycker att det skulle vara sp\u00e4nnande att vara med i uppstarten av n\u00e5got nytt och med f\u00f6rdel \u00e4r baserad i Ume\u00e5 med omnejd. Som volont\u00e4r kan du vara med i allt fr\u00e5n aktioner och demonstrationer, till kommunikations- och lobbyarbete. Genom tr\u00e4ningar och workshops som h\u00e5lls b\u00e5de offline och online f\u00e5r du de verktyg du beh\u00f6ver f\u00f6r att engagera dig med oss i v\u00e5ra kampanjer!<\/p>\n\n<h3 class=\"wp-block-heading\"><strong>L\u00e5ter det intressant? <meta charset=\"utf-8\">Anm\u00e4l ditt intresse via <a rel=\"noreferrer noopener\" href=\"https:\/\/docs.google.com\/forms\/d\/1kVGUPRbTsuv_eFcg39_SdDqD6ssBrEKKkjHCleqHCh0\/viewform?edit_requested=true\" target=\"_blank\">detta formul\u00e4r<\/a><\/strong>!<\/h3>\n\n<hr class=\"wp-block-separator has-text-color has-green-500-color has-css-opacity has-green-500-background-color has-background\"\/>\n\n<h4 class=\"wp-block-heading\">H\u00e4r kan du se kolla in n\u00e5gra roliga saker v\u00e5ra volont\u00e4rer f\u00e5tt hitta p\u00e5!<\/h4>\n\t\t\t<section\n\t\t\tclass=\"boxout  \"\n\t\t\t\n\t\t>\n\t\t\t<a\n\t\t\t\tdata-ga-category=\"Take Action Boxout\"\n\t\t\t\tdata-ga-action=\"Image\"\n\t\t\t\tdata-ga-label=\"n\/a\"\n\t\t\t\tclass=\"cover-card-overlay\"\n\t\t\t\thref=\"https:\/\/www.greenpeace.org\/sweden\/har-skovlas-framtiden\/\" \n\t\t\t><\/a>\n\t\t\t\t\t\t\t<img\n\t\t\t\t\t\tsrc=\"https:\/\/www.greenpeace.org\/static\/planet4-sweden-stateless\/2022\/02\/d4e2681a-image-1024x741-1.png\"\n\t\t\t\t\t\tsrcset=\"https:\/\/www.greenpeace.org\/static\/planet4-sweden-stateless\/2022\/02\/d4e2681a-image-1024x741-1-300x217.png 300w, https:\/\/www.greenpeace.org\/static\/planet4-sweden-stateless\/2022\/02\/d4e2681a-image-1024x741-1.png 400w\"\n\t\t\t\t\t\tsizes=\"(min-width: 1000px) 358px, (min-width: 780px) 313px, 88px\"\n\t\t\t\t\t\talt=\"\" title=\"\"\n\t\t\t\t\/>\n            \t\t\t<div class=\"boxout-content\">\n\t\t\t\t\t\t\t\t\t<a\n\t\t\t\t\t\tclass=\"boxout-heading medium\"\n\t\t\t\t\t\tdata-ga-category=\"Take Action Boxout\"\n\t\t\t\t\t\tdata-ga-action=\"Title\"\n\t\t\t\t\t\tdata-ga-label=\"n\/a\"\n\t\t\t\t\t\thref=\"https:\/\/www.greenpeace.org\/sweden\/har-skovlas-framtiden\/\"\n\t\t\t\t\t\t\n\t\t\t\t\t>\n\t\t\t\t\t\t<strong>Aktivist-tr\u00e4d f\u00f6rsvarar sig mot skogslobbyn!<\/strong>\n\t\t\t\t\t<\/a>\n\t\t\t\t\t\t\t\t\t\t\t\t\t<p class=\"boxout-excerpt\">Ett tr\u00e4d fr\u00e5n Greenpeace best\u00e4mmer sig f\u00f6r att skapa en \u00e4rligare version av svenska skogslobbyns senaste reklamkampanj.<\/p>\n\t\t\t\t                                    <a\n                        class=\"btn btn-primary\"\n                        data-ga-category=\"Take Action Boxout\"\n                        data-ga-action=\"Call to Action\"\n                        data-ga-label=\"n\/a\"\n                        href=\"https:\/\/www.greenpeace.org\/sweden\/har-skovlas-framtiden\/\"\n                        \n                    >\n                        L\u00e4s mer\n                    <\/a>\n                \t\t\t<\/div>\n\t\t\t\t\t<\/section>\n\t\n<hr class=\"wp-block-separator has-text-color has-green-500-color has-css-opacity has-green-500-background-color has-background is-style-default\"\/>\n\t\t\t<section\n\t\t\tclass=\"boxout  \"\n\t\t\t\n\t\t>\n\t\t\t<a\n\t\t\t\tdata-ga-category=\"Take Action Boxout\"\n\t\t\t\tdata-ga-action=\"Image\"\n\t\t\t\tdata-ga-label=\"n\/a\"\n\t\t\t\tclass=\"cover-card-overlay\"\n\t\t\t\thref=\"https:\/\/www.greenpeace.org\/sweden\/bakgrund\/49373\/i-ett-hallbart-samhalle-har-fossilreklam-ingen-plats\/\" \n\t\t\t><\/a>\n\t\t\t\t\t\t\t<img\n\t\t\t\t\t\tsrc=\"https:\/\/www.greenpeace.org\/static\/planet4-sweden-stateless\/2022\/02\/24d793b9-adbust2021-6385.jpeg\"\n\t\t\t\t\t\tsrcset=\"https:\/\/www.greenpeace.org\/static\/planet4-sweden-stateless\/2022\/02\/24d793b9-adbust2021-6385-300x200.jpeg 300w, https:\/\/www.greenpeace.org\/static\/planet4-sweden-stateless\/2022\/02\/24d793b9-adbust2021-6385-768x512.jpeg 768w, https:\/\/www.greenpeace.org\/static\/planet4-sweden-stateless\/2022\/02\/24d793b9-adbust2021-6385-510x340.jpeg 510w, https:\/\/www.greenpeace.org\/static\/planet4-sweden-stateless\/2022\/02\/24d793b9-adbust2021-6385.jpeg 1000w\"\n\t\t\t\t\t\tsizes=\"(min-width: 1000px) 358px, (min-width: 780px) 313px, 88px\"\n\t\t\t\t\t\talt=\"\" title=\"\"\n\t\t\t\t\/>\n            \t\t\t<div class=\"boxout-content\">\n\t\t\t\t\t\t\t\t\t<a\n\t\t\t\t\t\tclass=\"boxout-heading medium\"\n\t\t\t\t\t\tdata-ga-category=\"Take Action Boxout\"\n\t\t\t\t\t\tdata-ga-action=\"Title\"\n\t\t\t\t\t\tdata-ga-label=\"n\/a\"\n\t\t\t\t\t\thref=\"https:\/\/www.greenpeace.org\/sweden\/bakgrund\/49373\/i-ett-hallbart-samhalle-har-fossilreklam-ingen-plats\/\"\n\t\t\t\t\t\t\n\t\t\t\t\t>\n\t\t\t\t\t\tF\u00f6rbjud fossilreklam\n\t\t\t\t\t<\/a>\n\t\t\t\t\t\t\t\t\t\t\t\t\t<p class=\"boxout-excerpt\"><strong>Ig\u00e5r ringde mitt alarm klockan 04.00.<\/strong> Inte f\u00f6r att deadlinen p\u00e5 min tenta i statistik n\u00e4rmar sig, utan f\u00f6r att bege mig ut p\u00e5 stan tillsammans med andra Greenpeacevolont\u00e4rer f\u00f6r att ge n\u00e5gra fossilannonser ett mer passande budskap.\u00a0\u00a0<\/p>\n\t\t\t\t                                    <a\n                        class=\"btn btn-primary\"\n                        data-ga-category=\"Take Action Boxout\"\n                        data-ga-action=\"Call to Action\"\n                        data-ga-label=\"n\/a\"\n                        href=\"https:\/\/www.greenpeace.org\/sweden\/bakgrund\/49373\/i-ett-hallbart-samhalle-har-fossilreklam-ingen-plats\/\"\n                        \n                    >\n                        L\u00e4s mer\n                    <\/a>\n                \t\t\t<\/div>\n\t\t\t\t\t<\/section>\n\t","protected":false},"excerpt":{"rendered":"<p>Greenpeace har tidigare haft en lokalgrupp i Ume\u00e5 och nu \u00e4r det dags att vi \u00e5terigen blir en del av milj\u00f6r\u00f6relsen h\u00e4r! <\/p>\n","protected":false},"author":67,"featured_media":50789,"comment_status":"closed","ping_status":"open","sticky":false,"template":"","format":"standard","meta":{"ep_exclude_from_search":false,"p4_og_title":"","p4_og_description":"","p4_og_image":"","p4_og_image_id":"","p4_seo_canonical_url":"","p4_campaign_name":"not set","p4_local_project":"not set","p4_basket_name":"not set","p4_department":"","footnotes":""},"categories":[1],"tags":[13],"p4-page-type":[16],"class_list":["post-50787","post","type-post","status-publish","format-standard","has-post-thumbnail","hentry","category-greenpeace","tag-omgreenpeace","p4-page-type-artiklar"],"_links":{"self":[{"href":"https:\/\/www.greenpeace.org\/sweden\/wp-json\/wp\/v2\/posts\/50787","targetHints":{"allow":["GET"]}}],"collection":[{"href":"https:\/\/www.greenpeace.org\/sweden\/wp-json\/wp\/v2\/posts"}],"about":[{"href":"https:\/\/www.greenpeace.org\/sweden\/wp-json\/wp\/v2\/types\/post"}],"author":[{"embeddable":true,"href":"https:\/\/www.greenpeace.org\/sweden\/wp-json\/wp\/v2\/users\/67"}],"replies":[{"embeddable":true,"href":"https:\/\/www.greenpeace.org\/sweden\/wp-json\/wp\/v2\/comments?post=50787"}],"version-history":[{"count":20,"href":"https:\/\/www.greenpeace.org\/sweden\/wp-json\/wp\/v2\/posts\/50787\/revisions"}],"predecessor-version":[{"id":64058,"href":"https:\/\/www.greenpeace.org\/sweden\/wp-json\/wp\/v2\/posts\/50787\/revisions\/64058"}],"wp:featuredmedia":[{"embeddable":true,"href":"https:\/\/www.greenpeace.org\/sweden\/wp-json\/wp\/v2\/media\/50789"}],"wp:attachment":[{"href":"https:\/\/www.greenpeace.org\/sweden\/wp-json\/wp\/v2\/media?parent=50787"}],"wp:term":[{"taxonomy":"category","embeddable":true,"href":"https:\/\/www.greenpeace.org\/sweden\/wp-json\/wp\/v2\/categories?post=50787"},{"taxonomy":"post_tag","embeddable":true,"href":"https:\/\/www.greenpeace.org\/sweden\/wp-json\/wp\/v2\/tags?post=50787"},{"taxonomy":"p4-page-type","embeddable":true,"href":"https:\/\/www.greenpeace.org\/sweden\/wp-json\/wp\/v2\/p4-page-type?post=50787"}],"curies":[{"name":"wp","href":"https:\/\/api.w.org\/{rel}","templated":true}]}}