{"id":50855,"date":"2022-02-28T12:01:08","date_gmt":"2022-02-28T11:01:08","guid":{"rendered":"https:\/\/www.greenpeace.org\/sweden\/?p=50855"},"modified":"2023-02-17T10:50:27","modified_gmt":"2023-02-17T09:50:27","slug":"ny-klimatrapport-fran-ipcc-klimatkrisen-ar-redan-har-och-vi-ar-inte-forberedda","status":"publish","type":"post","link":"https:\/\/www.greenpeace.org\/sweden\/pressmeddelanden\/klimat\/ny-klimatrapport-fran-ipcc-klimatkrisen-ar-redan-har-och-vi-ar-inte-forberedda\/","title":{"rendered":"Ny klimatrapport fr\u00e5n IPCC:   Klimatkrisen \u00e4r redan h\u00e4r, och vi \u00e4r inte f\u00f6rberedda"},"content":{"rendered":"\n<p><strong>I den mest omfattande bed\u00f6mningen av klimatf\u00f6r\u00e4ndringarnas p\u00e5verkan hittills, levererade FNs klimatpanel IPCC idag sin senaste vetenskapliga bed\u00f6mning till v\u00e4rldens regeringar. Med fokus p\u00e5 effekter, anpassning och s\u00e5rbarhet, beskriver rapporten i detalj, hur allvarliga konsekvenserna av klimatf\u00f6r\u00e4ndringarna \u00e4r, hur de redan orsakar omfattande f\u00f6rluster och skadar m\u00e4nniskor och ekosystem runt om i v\u00e4rlden, och hur de f\u00f6rv\u00e4ntas eskalera med ytterligare uppv\u00e4rmning.&nbsp;<\/strong><\/p>\n\n<figure class=\"wp-block-image size-full\"><img loading=\"lazy\" decoding=\"async\" width=\"800\" height=\"533\" src=\"https:\/\/www.greenpeace.org\/static\/planet4-sweden-stateless\/2021\/07\/f507dff4-greenpeace_skogsbra\u0308nder_klimat_web_size.jpg\" alt=\"\" class=\"wp-image-48143\" srcset=\"https:\/\/www.greenpeace.org\/static\/planet4-sweden-stateless\/2021\/07\/f507dff4-greenpeace_skogsbra\u0308nder_klimat_web_size.jpg 800w, https:\/\/www.greenpeace.org\/static\/planet4-sweden-stateless\/2021\/07\/f507dff4-greenpeace_skogsbra\u0308nder_klimat_web_size-300x200.jpg 300w, https:\/\/www.greenpeace.org\/static\/planet4-sweden-stateless\/2021\/07\/f507dff4-greenpeace_skogsbra\u0308nder_klimat_web_size-768x512.jpg 768w, https:\/\/www.greenpeace.org\/static\/planet4-sweden-stateless\/2021\/07\/f507dff4-greenpeace_skogsbra\u0308nder_klimat_web_size-510x340.jpg 510w\" sizes=\"auto, (max-width: 800px) 100vw, 800px\" \/><figcaption class=\"wp-element-caption\">Fler och mer omfattade skogsbr\u00e4nder \u00e4r bara en av de m\u00e5nga effekter som f\u00f6ljer av den globala uppv\u00e4rmningen. P\u00e5 bilden syns brandm\u00e4n som bek\u00e4mpar en skogsbrand i Kalifornien 2020. Branden som kallades &#8221;the Bobcat Fire&#8221; omfattade mer \u00e4n 100 000 hektar och var den st\u00f6rsta skogsbranden omkring Los  Angeles n\u00e5gonsin.<\/figcaption><\/figure>\n\n<p>\u2013 Rapporten \u00e4r ingen upplyftande l\u00e4sning. Effekterna fr\u00e5n klimatf\u00f6r\u00e4ndringarna \u00e4r allvarligare och kommer snabbare \u00e4n v\u00e4ntat. Vi \u00e4r inte f\u00f6rberedda och det kommer att kosta liv. Bara genom att verkligen ta till oss dessa fakta fr\u00e5n forskningen med brutal \u00e4rlighet, kan vi hitta l\u00f6sningar som matchar omfattningen av de utmaningar som klimatkrisen inneb\u00e4r, s\u00e4ger <strong>Kaisa Kosonen, klimatexpert Greenpeace Norden, <\/strong>som f\u00f6ljt FNs klimatf\u00f6rhandlingar som officiell observat\u00f6r i \u00f6ver 10 \u00e5r.<strong><br><\/strong><strong><br><\/strong>Sedan den tidigare bed\u00f6mningensrapporten fr\u00e5n IPCC (som kom 2014) dyker riskerna f\u00f6r extremv\u00e4der och kollapsade ekosystem nu upp tidigare, och kommer att f\u00f6rv\u00e4rras snabbare \u00e4n tidigare bed\u00f6mningar.<br><br>IPCC konstaterar att d\u00f6dligheten i \u00f6versv\u00e4mningar, torka och stormar varit hela 15 g\u00e5nger h\u00f6gre i mer utsatta l\u00e4nder j\u00e4mf\u00f6rt med rika l\u00e4nder under det senaste decenniet. Rapporten tydligg\u00f6r ocks\u00e5 den avg\u00f6rande betydelsen av att bek\u00e4mpa de sammankopplade kriserna f\u00f6r klimatet och den biologiska m\u00e5ngfalden tillsammans. Endast genom att skydda och restaurera natur kan vi bygga motst\u00e5ndskraft och v\u00e4rna alla de ekosystemtj\u00e4nster som vi alla \u00e4r beroende av.&nbsp;<\/p>\n\n<p>\u2013 Vi befinner oss i ett kritiskt \u00e5rtionde. Sveriges regering m\u00e5ste ta forskarnas varningar p\u00e5 allvar och st\u00e5 upp f\u00f6r starka globala avtal och skydda minst 30 procent av all natur. Sluta kalhugga skogar och st\u00e4lla om till ett naturn\u00e4ra skogsbruk. Nu kr\u00e4vs stora samh\u00e4llsinvesteringar som minskar energi- och resursf\u00f6rbrukning. Alla utsl\u00e4pp m\u00e5ste snabbt g\u00e5 mot noll, s\u00e4ger <strong>Isadora Wronski<\/strong> Sverigechef Greenpeace<\/p>\n\n<p><a href=\"https:\/\/www.ipcc.ch\/report\/sixth-assessment-report-working-group-ii\/\" target=\"_blank\" rel=\"noreferrer noopener\">Rapporten<\/a> v\u00e4ntas definiera klimatpolitiken globalt fram\u00f6ver.<br>Vid FN:s klimattoppm\u00f6te i Glasgow f\u00f6rra \u00e5ret erk\u00e4nde regeringarna att de inte g\u00f6r tillr\u00e4ckligt f\u00f6r att klara 1,5\u00b0C-m\u00e5let, och lovade att revidera sina nationella m\u00e5l till slutet av 2022. Vid n\u00e4sta klimattoppm\u00f6te COP27 i Egypten senare i \u00e5r m\u00e5ste l\u00e4nderna uppdatera sina klimatm\u00e5l i linje med den senaste vetenskapen.<\/p>\n\n<p><strong>Greenpeace briefing<\/strong> med key takeaways fr\u00e5n rapporten finns<a rel=\"noreferrer noopener\" href=\"https:\/\/www.greenpeace.org\/static\/planet4-international-stateless\/2022\/02\/9bdf3885-greenpeace-briefing_ipcc-wg2-key-takeaways_layouted.pdf\" target=\"_blank\"> <\/a><a href=\"https:\/\/www.greenpeace.org\/static\/planet4-international-stateless\/2022\/02\/36383a69-greenpeace-briefing_ipcc-wg2-key-takeaways.pdf\" target=\"_blank\" rel=\"noreferrer noopener\">h\u00e4r:<\/a><\/p>\n\n<p><\/p>\n\n<p><strong>Kontakt<\/strong>:<br>Daniel Bengtsson, kommunikationschef Greenpeace Norden<br>daniel.bengtsson@greenpeace.org<br>070 300 95 10<\/p>\n","protected":false},"excerpt":{"rendered":"<p>I den mest omfattande bed\u00f6mningen av klimatf\u00f6r\u00e4ndringarnas p\u00e5verkan hittills, levererade FNs klimatpanel IPCC idag sin senaste vetenskapliga bed\u00f6mning till v\u00e4rldens regeringar. Riskerna f\u00f6r extremv\u00e4der och kollapsade ekosystem kommer att f\u00f6rv\u00e4rras snabbare \u00e4n tidigare bed\u00f6mningar.<\/p>\n","protected":false},"author":40,"featured_media":48143,"comment_status":"closed","ping_status":"open","sticky":false,"template":"","format":"standard","meta":{"ep_exclude_from_search":false,"p4_og_title":"","p4_og_description":"","p4_og_image":"","p4_og_image_id":"","p4_seo_canonical_url":"","p4_campaign_name":"not set","p4_local_project":"not set","p4_basket_name":"not set","p4_department":"","footnotes":""},"categories":[2],"tags":[23,48,53],"p4-page-type":[14],"class_list":["post-50855","post","type-post","status-publish","format-standard","has-post-thumbnail","hentry","category-klimat","tag-globaluppvarmning","tag-ipcc","tag-svenskpolitik","p4-page-type-pressmeddelanden"],"_links":{"self":[{"href":"https:\/\/www.greenpeace.org\/sweden\/wp-json\/wp\/v2\/posts\/50855","targetHints":{"allow":["GET"]}}],"collection":[{"href":"https:\/\/www.greenpeace.org\/sweden\/wp-json\/wp\/v2\/posts"}],"about":[{"href":"https:\/\/www.greenpeace.org\/sweden\/wp-json\/wp\/v2\/types\/post"}],"author":[{"embeddable":true,"href":"https:\/\/www.greenpeace.org\/sweden\/wp-json\/wp\/v2\/users\/40"}],"replies":[{"embeddable":true,"href":"https:\/\/www.greenpeace.org\/sweden\/wp-json\/wp\/v2\/comments?post=50855"}],"version-history":[{"count":9,"href":"https:\/\/www.greenpeace.org\/sweden\/wp-json\/wp\/v2\/posts\/50855\/revisions"}],"predecessor-version":[{"id":54476,"href":"https:\/\/www.greenpeace.org\/sweden\/wp-json\/wp\/v2\/posts\/50855\/revisions\/54476"}],"wp:featuredmedia":[{"embeddable":true,"href":"https:\/\/www.greenpeace.org\/sweden\/wp-json\/wp\/v2\/media\/48143"}],"wp:attachment":[{"href":"https:\/\/www.greenpeace.org\/sweden\/wp-json\/wp\/v2\/media?parent=50855"}],"wp:term":[{"taxonomy":"category","embeddable":true,"href":"https:\/\/www.greenpeace.org\/sweden\/wp-json\/wp\/v2\/categories?post=50855"},{"taxonomy":"post_tag","embeddable":true,"href":"https:\/\/www.greenpeace.org\/sweden\/wp-json\/wp\/v2\/tags?post=50855"},{"taxonomy":"p4-page-type","embeddable":true,"href":"https:\/\/www.greenpeace.org\/sweden\/wp-json\/wp\/v2\/p4-page-type?post=50855"}],"curies":[{"name":"wp","href":"https:\/\/api.w.org\/{rel}","templated":true}]}}