{"id":51093,"date":"2022-03-11T15:18:33","date_gmt":"2022-03-11T14:18:33","guid":{"rendered":"https:\/\/www.greenpeace.org\/sweden\/?p=51093"},"modified":"2023-02-17T10:03:06","modified_gmt":"2023-02-17T09:03:06","slug":"fukushima-lever-fortfarande-med-karnkraftskatastrofen-lat-oss-lara-av-vara-misstag","status":"publish","type":"post","link":"https:\/\/www.greenpeace.org\/sweden\/artiklar\/energi\/fukushima-lever-fortfarande-med-karnkraftskatastrofen-lat-oss-lara-av-vara-misstag\/","title":{"rendered":"K\u00e4rnkraftskatastrofen i Fukushima p\u00e5g\u00e5r \u00e4n idag"},"content":{"rendered":"\n<p>Det \u00e4r idag elva \u00e5r sedan den stora k\u00e4rnkraftsolyckan i Fukushima Daiichi och katastrofen p\u00e5g\u00e5r \u00e4nnu. M\u00e4nniskor i de drabbade omr\u00e5dena har arbetat f\u00f6r \u00e5terh\u00e4mtning under de senaste elva \u00e5ren. <\/p>\n\n<figure class=\"wp-block-image size-full\"><img loading=\"lazy\" decoding=\"async\" width=\"800\" height=\"534\" src=\"https:\/\/www.greenpeace.org\/static\/planet4-sweden-stateless\/2022\/03\/f3d8eaa6-gp0strlp4_web_size.jpg\" alt=\"\" class=\"wp-image-51094\" srcset=\"https:\/\/www.greenpeace.org\/static\/planet4-sweden-stateless\/2022\/03\/f3d8eaa6-gp0strlp4_web_size.jpg 800w, https:\/\/www.greenpeace.org\/static\/planet4-sweden-stateless\/2022\/03\/f3d8eaa6-gp0strlp4_web_size-300x200.jpg 300w, https:\/\/www.greenpeace.org\/static\/planet4-sweden-stateless\/2022\/03\/f3d8eaa6-gp0strlp4_web_size-768x513.jpg 768w, https:\/\/www.greenpeace.org\/static\/planet4-sweden-stateless\/2022\/03\/f3d8eaa6-gp0strlp4_web_size-510x340.jpg 510w\" sizes=\"auto, (max-width: 800px) 100vw, 800px\" \/><figcaption class=\"wp-element-caption\">Greenpeace str\u00e5lningsspecialister Mai Suzuki och Heinz Smital tar jordprover i Namie, Fukushima, Japan. Mars 2017<\/figcaption><\/figure>\n\n<p>\u00c4ven om k\u00e4rnkraftverk kan generera enorma m\u00e4ngder el, medf\u00f6r de ocks\u00e5 enorma risker. Riskerna r\u00f6r inte bara vad som kan h\u00e4nda vid&nbsp;naturkatastrofer som i Fukushima. Det finns ocks\u00e5 risker att faran under konflikter avsev\u00e4rt eskaleras , som i fallet med k\u00e4rnkraftverket i <a href=\"https:\/\/www.greenpeace.org\/international\/press-release\/52459\/nuclear-hazards-zaporizhzhia-plant-ukraine-military-invasion\/\">Zaporizhzhia<\/a> i Ukraina tidigare denna m\u00e5nad.<\/p>\n\n<p>K\u00e4rnkraftskatastrofen i Fukushima Daiichi p\u00e5g\u00e5r fortfarande. Det finns m\u00e5nga m\u00e4nniskor i Japan som tvingades l\u00e4mna sina hem i k\u00f6lvattnet av katastrofen och som fortfarande lever som evakuerade. Det finns ocks\u00e5 en grupptalan som omfattar fler \u00e4n 12 000 m\u00e5ls\u00e4gande \u00f6ver hela Japan som s\u00f6ker ers\u00e4ttning fr\u00e5n regeringen och TEPCO.<\/p>\n\n<p>Tjernobylolyckan den 26 april 1986 \u00e4r rankad som den v\u00e4rsta k\u00e4rnkraftskatastrofen hittills, till och med v\u00e4rre \u00e4n k\u00e4rnkraftsolyckan i <a href=\"https:\/\/www.greenpeace.org\/international\/story\/46720\/since-fukushima-disaster-decade\/\">Fukushima<\/a>. \u00c4ven idag, n\u00e4stan 36 \u00e5r senare skapar olyckan utmaningar som ansvariga myndigheter inte vet hur de ska hantera. Teknologi f\u00f6r att p\u00e5 ett s\u00e4kert s\u00e4tt hantera det radioaktiva br\u00e4nslet som finns kvar i reaktorn finns \u00e4nnu inte. 2016 sattes en ny sarkofag p\u00e5 plats \u00f6ver den havererade reaktorn i ett f\u00f6rs\u00f6k att k\u00f6pa lite tid f\u00f6r att hitta nya tillv\u00e4gag\u00e5ngss\u00e4tt.<\/p>\n\n<p>Cirka fem miljoner m\u00e4nniskor i Ukraina, Belarus och Ryssland bor fortfarande i omr\u00e5den som officiellt erk\u00e4nns som f\u00f6rorenade av radioaktivitet fr\u00e5n olyckan. De m\u00e4nniskor som bor h\u00e4r uts\u00e4tts st\u00e4ndigt av str\u00e5lningen, <a href=\"https:\/\/wayback.archive-it.org\/9650\/20200409062940\/http:\/\/p3-raw.greenpeace.org\/international\/Global\/international\/publications\/nuclear\/2016\/Nuclear_Scars.pdf\">vilket dokumenteras i forskning<\/a> framtagen av Greenpeace och ukrainska forskare.<\/p>\n\n<p>Trots <a href=\"https:\/\/www.greenpeace.org\/sweden\/bakgrund\/50371\/darfor-ar-gas-och-karnkraft-inte-hallbart\/\">massiv kritik<\/a> har bland annat Sveriges regering gett tummen upp till att klassa k\u00e4rnkraft som h\u00e5llbart i EU:s ramverk kring h\u00e5llbara investeringar, den s\u00e5 kallade taxonomin. Regeringen beslutade ocks\u00e5 i b\u00f6rjan p\u00e5 \u00e5ret att godk\u00e4nna planerna om slutf\u00f6rvar, trots att den f\u00f6reslagna metoden som k\u00e4rnkraftsindustrin f\u00f6reslagit \u00e4r omg\u00e4rdad av <a href=\"https:\/\/www.greenpeace.org\/sweden\/pressmeddelanden\/50394\/ett-beslut-100-000-ar-av-konsekvenser\/\">stora vetenskapliga os\u00e4kerheter<\/a> och kan inte garantera ett s\u00e4kert slutf\u00f6rvar.<\/p>\n\n<p>Det finns idag ingen s\u00e4ker plan f\u00f6r varken slutf\u00f6rvar av br\u00e4nsle eller f\u00f6r att hantera konsekvenserna av olyckor p\u00e5 k\u00e4rnkraftverk. Vad v\u00e4rlden verkligen beh\u00f6ver \u00e4r att regeringar och f\u00f6retag slutar skapa och tillf\u00f6ra nya k\u00e4rnkraftsrisker n\u00e4r vi inte ens klarar att hantera de befintliga.&nbsp;<\/p>\n\n<p>F\u00f6r ett samh\u00e4lle som \u00e4r i linje med klimatvetenskapen och ocks\u00e5 \u00e4r motst\u00e5ndskraftigt mot risker beh\u00f6ver vi <a href=\"https:\/\/www.greenpeace.org\/sweden\/bakgrund\/47432\/statsbudgeten-2022-en-mojlighet-till-visionart-politiskt-ledarskap\/\">st\u00e4lla om till ett h\u00e5llbart f\u00f6rnybart energisystem<\/a>. Vi beh\u00f6ver \u00f6verge energislag d\u00e4r vi gr\u00e4ver upp farligt radioaktivt material som vi inte vet hur vi ska hantera n\u00e4r det \u00e4r uttj\u00e4nt, och energisystem som kr\u00e4ver att vi br\u00e4nner olja och biobr\u00e4nsle fr\u00e5n skogen med stora utsl\u00e4pp som f\u00f6ljd. Vi beh\u00f6ver ocks\u00e5 fundera \u00f6ver hur vi kan minska v\u00e5rt enorma energibehov, b\u00e5de genom effektiviseringar och genom att dra ner p\u00e5 behoven. Den b\u00e4sta kilowattimmen \u00e4r den vi inte anv\u00e4nder.<\/p>\n","protected":false},"excerpt":{"rendered":"<p>Det \u00e4r idag elva \u00e5r sedan den stora k\u00e4rnkraftsolyckan i Fukushima Daiichi:s k\u00e4rnkraftverk och katastrofen p\u00e5g\u00e5r \u00e4nnu. M\u00e4nniskor i de drabbade omr\u00e5dena har fortsatt arbeta f\u00f6r \u00e5terh\u00e4mtning under de senaste&hellip;<\/p>\n","protected":false},"author":34,"featured_media":51094,"comment_status":"open","ping_status":"open","sticky":false,"template":"","format":"standard","meta":{"ep_exclude_from_search":false,"p4_og_title":"","p4_og_description":"","p4_og_image":"","p4_og_image_id":"","p4_seo_canonical_url":"","p4_campaign_name":"not set","p4_local_project":"not set","p4_basket_name":"not set","p4_department":"","footnotes":""},"categories":[45],"tags":[26],"p4-page-type":[16],"class_list":["post-51093","post","type-post","status-publish","format-standard","has-post-thumbnail","hentry","category-energi","tag-atomkraft","p4-page-type-artiklar"],"_links":{"self":[{"href":"https:\/\/www.greenpeace.org\/sweden\/wp-json\/wp\/v2\/posts\/51093","targetHints":{"allow":["GET"]}}],"collection":[{"href":"https:\/\/www.greenpeace.org\/sweden\/wp-json\/wp\/v2\/posts"}],"about":[{"href":"https:\/\/www.greenpeace.org\/sweden\/wp-json\/wp\/v2\/types\/post"}],"author":[{"embeddable":true,"href":"https:\/\/www.greenpeace.org\/sweden\/wp-json\/wp\/v2\/users\/34"}],"replies":[{"embeddable":true,"href":"https:\/\/www.greenpeace.org\/sweden\/wp-json\/wp\/v2\/comments?post=51093"}],"version-history":[{"count":11,"href":"https:\/\/www.greenpeace.org\/sweden\/wp-json\/wp\/v2\/posts\/51093\/revisions"}],"predecessor-version":[{"id":54361,"href":"https:\/\/www.greenpeace.org\/sweden\/wp-json\/wp\/v2\/posts\/51093\/revisions\/54361"}],"wp:featuredmedia":[{"embeddable":true,"href":"https:\/\/www.greenpeace.org\/sweden\/wp-json\/wp\/v2\/media\/51094"}],"wp:attachment":[{"href":"https:\/\/www.greenpeace.org\/sweden\/wp-json\/wp\/v2\/media?parent=51093"}],"wp:term":[{"taxonomy":"category","embeddable":true,"href":"https:\/\/www.greenpeace.org\/sweden\/wp-json\/wp\/v2\/categories?post=51093"},{"taxonomy":"post_tag","embeddable":true,"href":"https:\/\/www.greenpeace.org\/sweden\/wp-json\/wp\/v2\/tags?post=51093"},{"taxonomy":"p4-page-type","embeddable":true,"href":"https:\/\/www.greenpeace.org\/sweden\/wp-json\/wp\/v2\/p4-page-type?post=51093"}],"curies":[{"name":"wp","href":"https:\/\/api.w.org\/{rel}","templated":true}]}}