{"id":51165,"date":"2022-03-17T16:17:32","date_gmt":"2022-03-17T15:17:32","guid":{"rendered":"https:\/\/www.greenpeace.org\/sweden\/?p=51165"},"modified":"2023-02-17T10:18:57","modified_gmt":"2023-02-17T09:18:57","slug":"odesaret-2022-for-amazonas-regnskogen-nara-kollaps","status":"publish","type":"post","link":"https:\/\/www.greenpeace.org\/sweden\/artiklar\/skog\/odesaret-2022-for-amazonas-regnskogen-nara-kollaps\/","title":{"rendered":"\u00d6des\u00e5ret 2022 f\u00f6r Amazonas &#8211; regnskogen n\u00e4ra kollaps"},"content":{"rendered":"\n<figure class=\"wp-block-image size-full\"><img loading=\"lazy\" decoding=\"async\" width=\"800\" height=\"533\" src=\"https:\/\/www.greenpeace.org\/static\/planet4-sweden-stateless\/2022\/03\/059e9ef8-amazonas_greenpeace_avskogning.jpg\" alt=\"\" class=\"wp-image-51166\" srcset=\"https:\/\/www.greenpeace.org\/static\/planet4-sweden-stateless\/2022\/03\/059e9ef8-amazonas_greenpeace_avskogning.jpg 800w, https:\/\/www.greenpeace.org\/static\/planet4-sweden-stateless\/2022\/03\/059e9ef8-amazonas_greenpeace_avskogning-300x200.jpg 300w, https:\/\/www.greenpeace.org\/static\/planet4-sweden-stateless\/2022\/03\/059e9ef8-amazonas_greenpeace_avskogning-768x512.jpg 768w, https:\/\/www.greenpeace.org\/static\/planet4-sweden-stateless\/2022\/03\/059e9ef8-amazonas_greenpeace_avskogning-510x340.jpg 510w\" sizes=\"auto, (max-width: 800px) 100vw, 800px\" \/><figcaption class=\"wp-element-caption\">Illegal gruvdrift i Amazonas, oktober 2021. Foto: Chico Batata \/ Greenpeace<\/figcaption><\/figure>\n\n<h2 class=\"wp-block-heading\"><strong>Samtidigt som forskare varnar f\u00f6r att Amazonas regnskog n\u00e4rmar sig en brytpunkt d\u00e4r den inte kan \u00e5terh\u00e4mta sig visar data fr\u00e5n Brasiliens rymdforskningsinstitut (INPE) <\/strong><strong>att tre g\u00e5nger s\u00e5 mycket regnskog sk\u00f6vlades under \u00e5rets f\u00f6rsta tv\u00e5 m\u00e5nader som samma period 2021.<\/strong><\/h2>\n\n<p>B\u00e5de januari och februari 2022 innebar rekordstor avskogning i Brasiliens Amazonas.<strong> <\/strong>I januari var \u00f6kade avskogningen med n\u00e4stan ofattbara 300 procent. Februari f\u00f6ljde samma dystra utveckling d\u00e5 n\u00e4stan 200 kvadratkilometer regnskog sk\u00f6vlades \u2013 62 procent mer \u00e4n samma m\u00e5nad f\u00f6rra \u00e5ret. <strong>Denna data kom dagar efter en vetenskaplig studie som publicerades i <a href=\"https:\/\/www.nature.com\/articles\/s41558-022-01287-8\" target=\"_blank\" rel=\"noreferrer noopener\"><span class=\"has-inline-color has-green-800-color\">Nature Climate change <\/span><\/a>som visade att Amazonas n\u00e4rmar sig en brytpunkt d\u00e5 regnskogen inte l\u00e4ngre kan \u00e5terh\u00e4mta sig. <\/strong>Den dystra prognosen \u00e4r att stora omr\u00e5den av regnskogen snart kommer att b\u00f6rja f\u00f6rvandlas till ett ekosystem som mer liknar torr savann, vilket har katastrofala konsekvenser f\u00f6r biologisk m\u00e5ngfald, det globala klimatet och skulle f\u00f6rv\u00e4rra och \u00f6ka frekvensen av extremv\u00e4der \u00f6ver hela v\u00e4rlden.<\/p>\n\n<p><strong>\u201cRegnskogen \u00e4r viktig f\u00f6r att stabilisera v\u00e5rt globala klimatsystem, den reglerar vattnet i atmosf\u00e4ren. Om den omvandlas till savann f\u00e5r vi ett helt nytt klimat p\u00e5 jorden\u201d<\/strong>, <a href=\"https:\/\/www.svt.se\/nyheter\/utrikes\/dyster-toppnotering-for-avskogning-i-amazonas\" target=\"_blank\" rel=\"noreferrer noopener\"><span class=\"has-inline-color has-green-800-color\">s\u00e4ger Ingo Fetzer<\/span><\/a>, som bland annat forskar i planet\u00e4ra system och gr\u00e4nser vid Stockholms Universitet.<\/p>\n\n<p>Den 9 mars godk\u00e4nde \u00e4ven Bolsonaro\u2019s allierade i kongressen en lag som \u00f6ppnar upp urfolkens territorium f\u00f6r gruvdrift. Detta skedde under premissen att kriget i Ukraina skulle \u00e4ventyra Brasiliens tillg\u00e5ng till kaliumklorid, ett g\u00f6dselmedel som importeras fr\u00e5n \u00d6steuropa. <strong>Gruvdrift p\u00e5 urfolkens marker var hittills str\u00e4ngt f\u00f6rbjudet enligt den brasilianska konstitutionen.<\/strong><\/p>\n\n<p>\u201cJordbruksindustrin och president Jair Bolsonaros regering f\u00f6rs\u00f6ker att anv\u00e4nda sin makt i den brasilianska kongressen f\u00f6r att skynda p\u00e5 lagar som dramatiskt skulle \u00f6ka avskogningen. <strong>De direkta attackerna p\u00e5 Amazonas utg\u00f6r ett existentiellt hot mot regnskogen och det globala klimatet\u201d<\/strong>, s\u00e4ger Romulu Batista, talesperson f\u00f6r Greenpeace i Brasilien.<\/p>\n\n<p>Sedan Bolsonaro kom till makten 2019 har avskogningen och br\u00e4nderna i Amazonas \u00f6kat dramatiskt. Nu sp\u00e5s sk\u00f6vlingen \u00f6ka \u00e4nnu mer fram till valet i oktober i \u00e5r, <a href=\"https:\/\/www.svt.se\/nyheter\/utrikes\/dyster-toppnotering-for-avskogning-i-amazonas\" target=\"_blank\" rel=\"noreferrer noopener\"><span class=\"has-inline-color has-green-800-color\">s\u00e5 som den brukar g\u00f6ra under val\u00e5r i Brasilien.<\/span><\/a><\/p>\n\n<p><strong>\u201cAtt \u00f6verskrida Amazonas tipping point skulle sl\u00e4ppa l\u00f6s flera \u00e5rs globala v\u00e4xthusgasf\u00f6roreningar i atmosf\u00e4ren.<\/strong> Tidigare studier har visat att vissa omr\u00e5den i Amazonas redan idag producerar mer kol \u00e4n de absorberar och d\u00e4rmed g\u00e5tt fr\u00e5n kols\u00e4nka till kolk\u00e4lla. Konsekvenserna av att pl\u00f6tsligt f\u00f6rlora halva regnskogen skulle m\u00e4rkas tusentals kilometer bort och i \u00e5rhundraden in i framtiden, varnar forskarna. <strong>Det skulle inneb\u00e4ra eskalerande stormar och f\u00f6rv\u00e4rrade skogsbr\u00e4nder, kronisk matbrist och havsniv\u00e5h\u00f6jningar som skulle \u00f6versv\u00e4mma kustsamh\u00e4llen och kan dessutom utl\u00f6sa andra tipping points som avsm\u00e4ltning av de stora isarna.\u201d, <a href=\"https:\/\/supermiljobloggen.se\/nyheter\/amazonas-nara-sin-kritiska-punkt\/\" target=\"_blank\" rel=\"noreferrer noopener\"><span class=\"has-inline-color has-green-800-color\">skriver Supermilj\u00f6bloggen.&nbsp;<\/span><\/a><\/strong><\/p>\n\n<p><strong>Nu \u00e4r v\u00e4rldens blickar, med all r\u00e4tt, riktade mot kriget i Ukraina och den omfattande humanit\u00e4ra katastrofen som utspelar sig d\u00e4r,. Men vi har inte r\u00e5d att tappa fokus p\u00e5 n\u00f6dl\u00e4get i Amazonas, vi har inte r\u00e5d att f\u00f6rlora v\u00e4rldens st\u00f6rsta regnskog.<\/strong> Den kraftigt \u00f6kande skogsavverkningen driver Amazonas n\u00e4rmare en punkt utan \u00e5terv\u00e4ndo, n\u00e4r den artrika, levande regnskogen f\u00f6rvandlas till en torr savann. Detta skulle ha katastrofala konsekvenser \u2013 f\u00f6r m\u00e4nskligheten, f\u00f6r den biologiska m\u00e5ngfalden och inte minst f\u00f6r klimatet d\u00e5 regnskogen binder miljoner ton koldioxid varje \u00e5r. Men den brasilianska regeringen har g\u00e5ng p\u00e5 g\u00e5ng visat att man \u00e4r villig att exploatera Amazonas f\u00f6r kommersiella intressen. <strong>Exploateringen g\u00f6r bara ett f\u00e5tal \u00e4nnu rikare. Det \u00e4r kommande generationer och m\u00e4nniskor som \u00e4r beroende av Amazonas f\u00f6r sin \u00f6verlevnad som f\u00e5r betala det verkliga priset.<\/strong><\/p>\n\n<p><strong>Om du inte redan gjort det &#8211; <a href=\"https:\/\/www.greenpeace.org\/sweden\/agera\/skydda-amazonas-sverige-sag-nej-till-handelsavtalet-med-brasilien\/\" target=\"_blank\" rel=\"noreferrer noopener\"><span class=\"has-inline-color has-green-800-color\">skriv p\u00e5 v\u00e5r namninsamling <\/span><\/a>som kr\u00e4ver att Sverige s\u00e4ger nej till handelsavtalet mellan EU-Mercosur. <\/strong>Handelsavtalet kommer n\u00e4mligen g\u00f6ra det l\u00e4ttare f\u00f6r de sydamerikanska l\u00e4ndernas regeringar, inte minst den brasilianska, att \u00f6ka exporten till Europa av varor som \u00e4r kopplade till destruktiv skogssk\u00f6vling. Vi kr\u00e4ver att regeringen s\u00e4ger nej till handelsavtalet mellan EU och Mercosur-l\u00e4nderna och s\u00e4tter press p\u00e5 Brasilien f\u00f6r att stoppa skogssk\u00f6vlingen, \u00f6del\u00e4ggelsen av natur och garantera urfolkens r\u00e4ttigheter.&nbsp;<\/p>\n","protected":false},"excerpt":{"rendered":"<p>Samtidigt som forskare varnar f\u00f6r att Amazonas regnskog n\u00e4rmar sig en brytpunkt d\u00e4r den inte kan \u00e5terh\u00e4mta sig visar data fr\u00e5n Brasiliens rymdforskningsinstitut (INPE) att tre g\u00e5nger s\u00e5 mycket regnskog sk\u00f6vlades under \u00e5rets f\u00f6rsta tv\u00e5 m\u00e5nader som samma period 2021.<\/p>\n","protected":false},"author":36,"featured_media":51166,"comment_status":"closed","ping_status":"open","sticky":false,"template":"","format":"standard","meta":{"ep_exclude_from_search":false,"p4_og_title":"","p4_og_description":"","p4_og_image":"","p4_og_image_id":"","p4_seo_canonical_url":"","p4_campaign_name":"not set","p4_local_project":"not set","p4_basket_name":"not set","p4_department":"","footnotes":""},"categories":[22],"tags":[47],"p4-page-type":[16],"class_list":["post-51165","post","type-post","status-publish","format-standard","has-post-thumbnail","hentry","category-skog","tag-regnskog","p4-page-type-artiklar"],"_links":{"self":[{"href":"https:\/\/www.greenpeace.org\/sweden\/wp-json\/wp\/v2\/posts\/51165","targetHints":{"allow":["GET"]}}],"collection":[{"href":"https:\/\/www.greenpeace.org\/sweden\/wp-json\/wp\/v2\/posts"}],"about":[{"href":"https:\/\/www.greenpeace.org\/sweden\/wp-json\/wp\/v2\/types\/post"}],"author":[{"embeddable":true,"href":"https:\/\/www.greenpeace.org\/sweden\/wp-json\/wp\/v2\/users\/36"}],"replies":[{"embeddable":true,"href":"https:\/\/www.greenpeace.org\/sweden\/wp-json\/wp\/v2\/comments?post=51165"}],"version-history":[{"count":3,"href":"https:\/\/www.greenpeace.org\/sweden\/wp-json\/wp\/v2\/posts\/51165\/revisions"}],"predecessor-version":[{"id":54395,"href":"https:\/\/www.greenpeace.org\/sweden\/wp-json\/wp\/v2\/posts\/51165\/revisions\/54395"}],"wp:featuredmedia":[{"embeddable":true,"href":"https:\/\/www.greenpeace.org\/sweden\/wp-json\/wp\/v2\/media\/51166"}],"wp:attachment":[{"href":"https:\/\/www.greenpeace.org\/sweden\/wp-json\/wp\/v2\/media?parent=51165"}],"wp:term":[{"taxonomy":"category","embeddable":true,"href":"https:\/\/www.greenpeace.org\/sweden\/wp-json\/wp\/v2\/categories?post=51165"},{"taxonomy":"post_tag","embeddable":true,"href":"https:\/\/www.greenpeace.org\/sweden\/wp-json\/wp\/v2\/tags?post=51165"},{"taxonomy":"p4-page-type","embeddable":true,"href":"https:\/\/www.greenpeace.org\/sweden\/wp-json\/wp\/v2\/p4-page-type?post=51165"}],"curies":[{"name":"wp","href":"https:\/\/api.w.org\/{rel}","templated":true}]}}