{"id":51187,"date":"2022-02-21T11:59:00","date_gmt":"2022-02-21T10:59:00","guid":{"rendered":"https:\/\/www.greenpeace.org\/sweden\/?p=51187"},"modified":"2024-12-03T11:30:08","modified_gmt":"2024-12-03T10:30:08","slug":"hjalp-till-att-sprida-budskapet-om-fred","status":"publish","type":"post","link":"https:\/\/www.greenpeace.org\/sweden\/artiklar\/greenpeace\/hjalp-till-att-sprida-budskapet-om-fred\/","title":{"rendered":"Hj\u00e4lp till att sprida budskapet om fred"},"content":{"rendered":"\n<h3 class=\"wp-block-heading\">H\u00e4r hittar du en verktygsl\u00e5da som hj\u00e4lper dig att sprida budskapet om fred, b\u00e5de p\u00e5 gatan och i sociala medier.<\/h3>\n\n<hr class=\"wp-block-separator has-css-opacity\"\/>\n\n<h3 class=\"wp-block-heading\">1. Ladda ned och dela p\u00e5 sociala medier<\/h3>\n\n<p>Du kan ladda ner material f\u00f6r <a href=\"https:\/\/drive.google.com\/drive\/folders\/1Mcw7hDLWYz_aAZ_3ElFXeEhuu1wjL7xC\" target=\"_blank\" rel=\"noreferrer noopener\">sociala medier i den h\u00e4r mappen<\/a>, som du sen g\u00e4rna f\u00e5r dela i dina kanaler. Vi kommer att fylla p\u00e5 med mer material under kampanjens g\u00e5ng, s\u00e5 h\u00e5ll g\u00e4rna ett \u00f6ga p\u00e5 mappen f\u00f6r att se om det dyker upp fler saker du kanske vill dela med dig av.<\/p>\n\n<figure class=\"wp-block-image size-articles-medium-large caption-alignment-center\"><a href=\"https:\/\/drive.google.com\/drive\/folders\/1Mcw7hDLWYz_aAZ_3ElFXeEhuu1wjL7xC\" target=\"_blank\" rel=\"noopener\"><img loading=\"lazy\" decoding=\"async\" width=\"340\" height=\"340\" src=\"https:\/\/www.greenpeace.org\/static\/planet4-sweden-stateless\/2022\/03\/0188470b-peace-macro-340x340.png\" alt=\"\" class=\"wp-image-51146\" srcset=\"https:\/\/www.greenpeace.org\/static\/planet4-sweden-stateless\/2022\/03\/0188470b-peace-macro-340x340.png 340w, https:\/\/www.greenpeace.org\/static\/planet4-sweden-stateless\/2022\/03\/0188470b-peace-macro-300x300.png 300w, https:\/\/www.greenpeace.org\/static\/planet4-sweden-stateless\/2022\/03\/0188470b-peace-macro-1024x1024.png 1024w, https:\/\/www.greenpeace.org\/static\/planet4-sweden-stateless\/2022\/03\/0188470b-peace-macro-150x150.png 150w, https:\/\/www.greenpeace.org\/static\/planet4-sweden-stateless\/2022\/03\/0188470b-peace-macro-768x768.png 768w, https:\/\/www.greenpeace.org\/static\/planet4-sweden-stateless\/2022\/03\/0188470b-peace-macro-1536x1536.png 1536w, https:\/\/www.greenpeace.org\/static\/planet4-sweden-stateless\/2022\/03\/0188470b-peace-macro-1366x1366.png 1366w, https:\/\/www.greenpeace.org\/static\/planet4-sweden-stateless\/2022\/03\/0188470b-peace-macro.png 1920w\" sizes=\"auto, (max-width: 340px) 100vw, 340px\" \/><\/a><\/figure>\n\n<div style=\"height:26px\" aria-hidden=\"true\" class=\"wp-block-spacer\"><\/div>\n\n<h3 class=\"wp-block-heading\">2. Skriv ut stickers eller affischer<\/h3>\n\n<p>Ladda ner den h\u00e4r affischen, skriv ut och hitta en bra plats att s\u00e4tta upp den p\u00e5. Det kan vara p\u00e5 din skola, arbetsplats eller p\u00e5 gatan. Du hittar <a href=\"https:\/\/drive.google.com\/drive\/folders\/1XeTL8ltkaT-kTwShvZRuyn_rNBlTXU45\" data-type=\"URL\" data-id=\"https:\/\/drive.google.com\/drive\/folders\/1XeTL8ltkaT-kTwShvZRuyn_rNBlTXU45\" target=\"_blank\" rel=\"noreferrer noopener\">affischen i den h\u00e4r mappen<\/a>.<\/p>\n\n<figure class=\"wp-block-image size-full\"><a href=\"https:\/\/drive.google.com\/drive\/folders\/1XeTL8ltkaT-kTwShvZRuyn_rNBlTXU45\" target=\"_blank\" rel=\"noopener\"><img decoding=\"async\" src=\"https:\/\/www.greenpeace.org\/static\/planet4-sweden-stateless\/2022\/03\/11d7c98a-a4-print-poster.pdf\" alt=\"\" class=\"wp-image-51184\"\/><\/a><\/figure>\n\n<div style=\"height:26px\" aria-hidden=\"true\" class=\"wp-block-spacer\"><\/div>\n\n<h3 class=\"wp-block-heading\">3. <strong>F\u00f6lj och dela Russian Tanker Tracker p\u00e5 Twitter<\/strong><\/h3>\n\n<figure class=\"wp-block-image size-full\"><img loading=\"lazy\" decoding=\"async\" width=\"591\" height=\"219\" src=\"https:\/\/www.greenpeace.org\/static\/planet4-sweden-stateless\/2022\/03\/f557f520-screenshot-2022-03-17-at-10.48.08.png\" alt=\"\" class=\"wp-image-51185\" srcset=\"https:\/\/www.greenpeace.org\/static\/planet4-sweden-stateless\/2022\/03\/f557f520-screenshot-2022-03-17-at-10.48.08.png 591w, https:\/\/www.greenpeace.org\/static\/planet4-sweden-stateless\/2022\/03\/f557f520-screenshot-2022-03-17-at-10.48.08-300x111.png 300w, https:\/\/www.greenpeace.org\/static\/planet4-sweden-stateless\/2022\/03\/f557f520-screenshot-2022-03-17-at-10.48.08-510x189.png 510w\" sizes=\"auto, (max-width: 591px) 100vw, 591px\" \/><\/figure>\n\n<p>Kontot Russian Tanker Tracker p\u00e5 Twitter sp\u00e5rar tankers som transporterar olja och gas fr\u00e5n ryska hamnar. Data visar att m\u00e5nga tankers fortsatt \u00e4r p\u00e5 v\u00e4g till Europa \u2013 trots att vissa l\u00e4nder har satt upp ett f\u00f6rbud mot att ryska fartyg ska kunna l\u00e4gga till i deras hamnar.<\/p>\n\n<p>\u200b\u200bDessa transporter av fossila br\u00e4nslen m\u00e5ste upph\u00f6ra omedelbart. <a href=\"https:\/\/www.greenpeace.org\/sweden\/agera\/oil-is-war\/\" target=\"_blank\" rel=\"noreferrer noopener\">Skriv under v\u00e5rt krav om ett omedelbart stopp av beroendet av olja, gas och kol, som driver p\u00e5 krig och \u00f6del\u00e4gger v\u00e5r planet<\/a>. Tillsammans kan vi se till att v\u00e5ra r\u00f6ster h\u00f6rs och g\u00f6r skillnad. <\/p>\n\n<p>H\u00e5ll koll p\u00e5 Russian Tanker Tracker p\u00e5 Twitter och hj\u00e4lp oss att uppm\u00e4rksamma vad som faktiskt sker.<\/p>\n\n<h3 class=\"wp-block-heading\">4. Har du egna id\u00e9er f\u00f6r att engagera fler? <\/h3>\n\n<p>Har du n\u00e5gra id\u00e9er f\u00f6r hur budskapet om fred kan spridas? Dela g\u00e4rna dina id\u00e9er, goda nyheter, foton eller n\u00e5got kreativt. Kom ih\u00e5g att anv\u00e4nda <a rel=\"noreferrer noopener\" href=\"https:\/\/www.instagram.com\/explore\/tags\/stopfuelingwar\/\" data-type=\"URL\" data-id=\"https:\/\/www.instagram.com\/explore\/tags\/stopfuelingwar\/\" target=\"_blank\">#Stopfuellingwar<\/a> och tagga <a rel=\"noreferrer noopener\" href=\"https:\/\/www.instagram.com\/greenpeacesverige\/\" target=\"_blank\">@GreenpeaceSE<\/a> s\u00e5 att vi kan hj\u00e4lpa till att uppm\u00e4rksamma det!<\/p>\n","protected":false},"excerpt":{"rendered":"<p>H\u00e4r hittar du en verktygsl\u00e5da f\u00f6r att sprida budskap om fred \u2013 b\u00e5de online och p\u00e5 gatan. V\u00e4rlden \u00f6ver protesterar m\u00e4nniskor mot det p\u00e5g\u00e5ende kriget i Ukraina, och \u00e4ven mot fossilindustrin, som \u00e4r med och finansierar det. L\u00e5t oss tillsammans sprida budskapet: Stoppa beroendet av fossila br\u00e4nslen \u2013 vi vill ha fred!<\/p>\n","protected":false},"author":34,"featured_media":51146,"comment_status":"open","ping_status":"open","sticky":false,"template":"","format":"standard","meta":{"ep_exclude_from_search":false,"p4_og_title":"","p4_og_description":"","p4_og_image":"","p4_og_image_id":"","p4_seo_canonical_url":"","p4_campaign_name":"not set","p4_local_project":"not set","p4_basket_name":"not set","p4_department":"","footnotes":""},"categories":[1],"tags":[13,59],"p4-page-type":[16],"class_list":["post-51187","post","type-post","status-publish","format-standard","has-post-thumbnail","hentry","category-greenpeace","tag-omgreenpeace","tag-tips","p4-page-type-artiklar"],"_links":{"self":[{"href":"https:\/\/www.greenpeace.org\/sweden\/wp-json\/wp\/v2\/posts\/51187","targetHints":{"allow":["GET"]}}],"collection":[{"href":"https:\/\/www.greenpeace.org\/sweden\/wp-json\/wp\/v2\/posts"}],"about":[{"href":"https:\/\/www.greenpeace.org\/sweden\/wp-json\/wp\/v2\/types\/post"}],"author":[{"embeddable":true,"href":"https:\/\/www.greenpeace.org\/sweden\/wp-json\/wp\/v2\/users\/34"}],"replies":[{"embeddable":true,"href":"https:\/\/www.greenpeace.org\/sweden\/wp-json\/wp\/v2\/comments?post=51187"}],"version-history":[{"count":8,"href":"https:\/\/www.greenpeace.org\/sweden\/wp-json\/wp\/v2\/posts\/51187\/revisions"}],"predecessor-version":[{"id":55111,"href":"https:\/\/www.greenpeace.org\/sweden\/wp-json\/wp\/v2\/posts\/51187\/revisions\/55111"}],"wp:featuredmedia":[{"embeddable":true,"href":"https:\/\/www.greenpeace.org\/sweden\/wp-json\/wp\/v2\/media\/51146"}],"wp:attachment":[{"href":"https:\/\/www.greenpeace.org\/sweden\/wp-json\/wp\/v2\/media?parent=51187"}],"wp:term":[{"taxonomy":"category","embeddable":true,"href":"https:\/\/www.greenpeace.org\/sweden\/wp-json\/wp\/v2\/categories?post=51187"},{"taxonomy":"post_tag","embeddable":true,"href":"https:\/\/www.greenpeace.org\/sweden\/wp-json\/wp\/v2\/tags?post=51187"},{"taxonomy":"p4-page-type","embeddable":true,"href":"https:\/\/www.greenpeace.org\/sweden\/wp-json\/wp\/v2\/p4-page-type?post=51187"}],"curies":[{"name":"wp","href":"https:\/\/api.w.org\/{rel}","templated":true}]}}