{"id":51297,"date":"2022-03-22T12:59:50","date_gmt":"2022-03-22T11:59:50","guid":{"rendered":"https:\/\/www.greenpeace.org\/sweden\/?p=51297"},"modified":"2023-04-05T18:30:13","modified_gmt":"2023-04-05T17:30:13","slug":"odesdigert-misslyckande-att-besluta-om-globalt-havsavtal","status":"publish","type":"post","link":"https:\/\/www.greenpeace.org\/sweden\/artiklar\/hav\/odesdigert-misslyckande-att-besluta-om-globalt-havsavtal\/","title":{"rendered":"\u00d6desdigert misslyckande att besluta om globalt havsavtal"},"content":{"rendered":"\n<figure class=\"wp-block-image size-full\"><img loading=\"lazy\" decoding=\"async\" width=\"600\" height=\"400\" src=\"https:\/\/www.greenpeace.org\/static\/planet4-sweden-stateless\/2022\/03\/839cb204-gp0stu6aa_low_res_with_credit_line.jpg\" alt=\"\" class=\"wp-image-51305\" srcset=\"https:\/\/www.greenpeace.org\/static\/planet4-sweden-stateless\/2022\/03\/839cb204-gp0stu6aa_low_res_with_credit_line.jpg 600w, https:\/\/www.greenpeace.org\/static\/planet4-sweden-stateless\/2022\/03\/839cb204-gp0stu6aa_low_res_with_credit_line-300x200.jpg 300w, https:\/\/www.greenpeace.org\/static\/planet4-sweden-stateless\/2022\/03\/839cb204-gp0stu6aa_low_res_with_credit_line-510x340.jpg 510w\" sizes=\"auto, (max-width: 600px) 100vw, 600px\" \/><\/figure>\n\n<p><strong>I fredags avslutades de FN-f\u00f6rhandlingarna i New York d\u00e4r v\u00e4rldens regeringar skulle komma fram till och besluta om ett globalt havsavtal.&nbsp;M\u00f6tet avslutades emellertid utan att ett beslut om ett nytt havsavtal hade kunnat n\u00e5s, p\u00e5grund av m\u00f6tesdeltagarnas brist p\u00e5 konsensus kring ett par nyckelfr\u00e5gor<\/strong>.<\/p>\n\n<p>Milj\u00f6aktivister och forskare v\u00e4rlden \u00f6ver har l\u00e4nge talat klarspr\u00e5k: vi beh\u00f6ver ett starkt globalt havsavtal som m\u00f6jligg\u00f6r f\u00f6r ett skydd av minst 30% av det \u00f6ppna havet till 2030. Detta f\u00f6r att havens ekosystem ska ha en chans att \u00e5terh\u00e4mta sig fr\u00e5n de p\u00e5frestningar som destruktiv m\u00e4nsklig aktivitet orsakar och har orsakat under decennier. 30&#215;30 \u00e4r inte kompromissbart, vi kan inte f\u00f6rhandla ner den siffran om vi samtidigt vill undvika kollaps av v\u00e4rldshaven och i f\u00f6rl\u00e4ngningen de planet\u00e4ra ekosystemen. V\u00e4rlden \u00f6ver har mer \u00e4n 100 regeringar och 5 miljoner m\u00e4nniskor st\u00e4llt sig bakom 30&#215;30-visionen.&nbsp;<\/p>\n\n<p>Trots detta misslyckades m\u00f6tesdeltagarna att n\u00e5 konsensus kring n\u00e5gra av de mest kritiska fr\u00e5gorna, d\u00e4rf\u00f6r avslutades f\u00f6rhandlingarna p\u00e5 fredagen utan att man tagit beslut kring ett nytt havsavtal. Det \u00e4r ett misslyckande som kan komma att bli fatalt f\u00f6r havet och i f\u00f6rl\u00e4ngningen f\u00f6r v\u00e5r planet. Vi har helt enkelt inte tid att forts\u00e4tta l\u00e4gga beslutet om ett globalt havsavtal p\u00e5 framtiden. <strong>V\u00e5ra hav ger oss h\u00e4lften av syret vi andas, \u00e4r en enorm koldioxids\u00e4nka och livn\u00e4r miljarder m\u00e4nniskor p\u00e5 v\u00e5r planet. Dessutom \u00e4r det hem f\u00f6r en stor del av jordens arter.<\/strong> Resultatet fr\u00e5n f\u00f6rhandlingarna \u00e4r ett svek mot hela v\u00e5r planet och mot framtida generationer och visar tydligt p\u00e5 en sm\u00e4rtsam of\u00f6rst\u00e5else fr\u00e5n v\u00e4rldens ledare om hur akut situationen \u00e4r.&nbsp;&nbsp;<\/p>\n\n<p><strong>Vi inv\u00e4ntar fortfarande besked om n\u00e4r n\u00e4sta f\u00f6rhandlingsrunda -IGC5- kommer ske. F\u00f6rhoppningsvis sker det inom det kommande halv\u00e5ret, d\u00e5 haven helt enkelt inte kan v\u00e4nta l\u00e4ngre.<\/strong>&nbsp;F\u00f6r att \u00f6vervinna bristen p\u00e5 konsensus kring nyckelfr\u00e5gor i avtalet m\u00e5ste ministrar och statschefer m\u00f6tas proaktivt och konsekvent inf\u00f6r n\u00e4sta f\u00f6rhandlingsrunda, f\u00f6r att s\u00e4kerst\u00e4lla att beslut om ett avtal kan fattas under detta \u00e5r. Allt mindre \u00e4r ett gravt misslyckande.<\/p>\n\n<p>Samtidigt som v\u00e4rldens ledare avslutade det fruktl\u00f6sa m\u00f6tet st\u00f6tte Greenpeaces fartyg Artic Sunrise p\u00e5 en enorm flotta p\u00e5 \u00f6ver 400 industrib\u00e5tar som suger upp liv ur havet med stora fartyg som plundradrar vid omr\u00e5det Blue Hole utanf\u00f6r Argentina. Blue Hole har av forskare l\u00e4nge utpekats som s\u00e4rskilt viktigt att skydda d\u00e5 det fungerar som en korridor f\u00f6r havslevande djur samt \u00e4r plats f\u00f6r ett stort antal k\u00e4nsliga marina ekosystem. Utan skydd \u00e4r det marina livet i Blue Hole, och resten av v\u00e4rldshaven, helt skyddsl\u00f6sa mot stora fartygsflottor som dammsuger haven p\u00e5 liv.&nbsp;&nbsp;<\/p>\n\n<p>Dessutom inledde International Seabed Authority (ISA- vilket \u00e4r det FN- organ som \u00e4r ansvarig f\u00f6r havsbotten i m\u00e5ndags ett tv\u00e5 veckor l\u00e5ngt m\u00f6te, under vilket regler kring djuphavsgruvdrift f\u00f6rv\u00e4ntas l\u00e4ttas upp efter krav fr\u00e5n tech- och gruvindustrin. Djuphavsgruvdrift \u00e4r ett enormt hot mot v\u00e5ra k\u00e4nsliga havsbottnar, vilkas ekosystem vi k\u00e4nner till mindre om \u00e4n vi g\u00f6r om m\u00e5nens yta. Vad vi vet \u00e4r att ekosystemen h\u00e4r \u00e4r k\u00e4nsliga d\u00e5 de v\u00e4xer sakta och inte \u00e4r vana vid yttre st\u00f6rningar.&nbsp;<\/p>\n\t\t\t<section\n\t\t\tclass=\"boxout post-645 \"\n\t\t\t\n\t\t>\n\t\t\t<a\n\t\t\t\tdata-ga-category=\"Take Action Boxout\"\n\t\t\t\tdata-ga-action=\"Image\"\n\t\t\t\tdata-ga-label=\"n\/a\"\n\t\t\t\tclass=\"cover-card-overlay\"\n\t\t\t\thref=\"https:\/\/www.greenpeace.org\/sweden\/agera\/skyddahaven\/\" \n\t\t\t><\/a>\n\t\t\t\t\t\t\t<img\n\t\t\t\t\t\tsrc=\"https:\/\/www.greenpeace.org\/static\/planet4-sweden-stateless\/2025\/02\/38acdb55-900x300_split-ud-trawling.jpg\"\n\t\t\t\t\t\tsrcset=\"https:\/\/www.greenpeace.org\/static\/planet4-sweden-stateless\/2025\/02\/38acdb55-900x300_split-ud-trawling-300x100.jpg 300w, https:\/\/www.greenpeace.org\/static\/planet4-sweden-stateless\/2025\/02\/38acdb55-900x300_split-ud-trawling-768x256.jpg 768w, https:\/\/www.greenpeace.org\/static\/planet4-sweden-stateless\/2025\/02\/38acdb55-900x300_split-ud-trawling-510x170.jpg 510w, https:\/\/www.greenpeace.org\/static\/planet4-sweden-stateless\/2025\/02\/38acdb55-900x300_split-ud-trawling.jpg 900w\"\n\t\t\t\t\t\tsizes=\"(min-width: 1000px) 358px, (min-width: 780px) 313px, 88px\"\n\t\t\t\t\t\talt=\"\" title=\"\"\n\t\t\t\t\/>\n            \t\t\t<div class=\"boxout-content\">\n\t\t\t\t\t\t\t\t\t<a\n\t\t\t\t\t\tclass=\"boxout-heading medium\"\n\t\t\t\t\t\tdata-ga-category=\"Take Action Boxout\"\n\t\t\t\t\t\tdata-ga-action=\"Title\"\n\t\t\t\t\t\tdata-ga-label=\"n\/a\"\n\t\t\t\t\t\thref=\"https:\/\/www.greenpeace.org\/sweden\/agera\/skyddahaven\/\"\n\t\t\t\t\t\t\n\t\t\t\t\t>\n\t\t\t\t\t\tSkydda haven &#8211; ratificera avtalet, Maria!\n\t\t\t\t\t<\/a>\n\t\t\t\t\t\t\t\t\t\t\t\t\t<p class=\"boxout-excerpt\">Skriv under och kr\u00e4v med oss att v\u00e5r utrikesminister Maria Malmer Stenergard ser till att Sverige fullf\u00f6ljer sitt l\u00f6fte och godk\u00e4nner avtalet. Skydda haven, Maria! <\/p>\n\t\t\t\t                                    <a\n                        class=\"btn btn-primary\"\n                        data-ga-category=\"Take Action Boxout\"\n                        data-ga-action=\"Call to Action\"\n                        data-ga-label=\"n\/a\"\n                        href=\"https:\/\/www.greenpeace.org\/sweden\/agera\/skyddahaven\/\"\n                        \n                    >\n                        Engagera dig\n                    <\/a>\n                \t\t\t<\/div>\n\t\t\t\t\t<\/section>\n\t","protected":false},"excerpt":{"rendered":"<p>I fredags avslutades FNs tv\u00e5 veckor l\u00e5nga BBNJ-f\u00f6rhandlingar, d\u00e4r v\u00e4rldens regeringar skulle enas om ett globalt havsavtal, men misslyckades.<\/p>\n","protected":false},"author":48,"featured_media":6850,"comment_status":"closed","ping_status":"open","sticky":false,"template":"","format":"standard","meta":{"ep_exclude_from_search":false,"p4_og_title":"","p4_og_description":"","p4_og_image":"","p4_og_image_id":"","p4_seo_canonical_url":"","p4_campaign_name":"not set","p4_local_project":"not set","p4_basket_name":"not set","p4_department":"","footnotes":""},"categories":[3],"tags":[28,30],"p4-page-type":[16],"class_list":["post-51297","post","type-post","status-publish","format-standard","has-post-thumbnail","hentry","category-hav","tag-overfiske","tag-marinaskyddadeomraden","p4-page-type-artiklar"],"_links":{"self":[{"href":"https:\/\/www.greenpeace.org\/sweden\/wp-json\/wp\/v2\/posts\/51297","targetHints":{"allow":["GET"]}}],"collection":[{"href":"https:\/\/www.greenpeace.org\/sweden\/wp-json\/wp\/v2\/posts"}],"about":[{"href":"https:\/\/www.greenpeace.org\/sweden\/wp-json\/wp\/v2\/types\/post"}],"author":[{"embeddable":true,"href":"https:\/\/www.greenpeace.org\/sweden\/wp-json\/wp\/v2\/users\/48"}],"replies":[{"embeddable":true,"href":"https:\/\/www.greenpeace.org\/sweden\/wp-json\/wp\/v2\/comments?post=51297"}],"version-history":[{"count":10,"href":"https:\/\/www.greenpeace.org\/sweden\/wp-json\/wp\/v2\/posts\/51297\/revisions"}],"predecessor-version":[{"id":55248,"href":"https:\/\/www.greenpeace.org\/sweden\/wp-json\/wp\/v2\/posts\/51297\/revisions\/55248"}],"wp:featuredmedia":[{"embeddable":true,"href":"https:\/\/www.greenpeace.org\/sweden\/wp-json\/wp\/v2\/media\/6850"}],"wp:attachment":[{"href":"https:\/\/www.greenpeace.org\/sweden\/wp-json\/wp\/v2\/media?parent=51297"}],"wp:term":[{"taxonomy":"category","embeddable":true,"href":"https:\/\/www.greenpeace.org\/sweden\/wp-json\/wp\/v2\/categories?post=51297"},{"taxonomy":"post_tag","embeddable":true,"href":"https:\/\/www.greenpeace.org\/sweden\/wp-json\/wp\/v2\/tags?post=51297"},{"taxonomy":"p4-page-type","embeddable":true,"href":"https:\/\/www.greenpeace.org\/sweden\/wp-json\/wp\/v2\/p4-page-type?post=51297"}],"curies":[{"name":"wp","href":"https:\/\/api.w.org\/{rel}","templated":true}]}}