{"id":51460,"date":"2022-04-11T16:09:56","date_gmt":"2022-04-11T15:09:56","guid":{"rendered":"https:\/\/www.greenpeace.org\/sweden\/?p=51460"},"modified":"2023-02-22T14:22:28","modified_gmt":"2023-02-22T13:22:28","slug":"kriget-i-ukraina-kan-stoppa-kritiserat-eu-forslag","status":"publish","type":"post","link":"https:\/\/www.greenpeace.org\/sweden\/artiklar\/energi\/kriget-i-ukraina-kan-stoppa-kritiserat-eu-forslag\/","title":{"rendered":"Kritiserat EU-f\u00f6rslag som \u00f6ppnar f\u00f6r mer rysk gas kan stoppas"},"content":{"rendered":"\n<figure class=\"wp-block-image size-full\"><img loading=\"lazy\" decoding=\"async\" width=\"600\" height=\"400\" src=\"https:\/\/www.greenpeace.org\/static\/planet4-sweden-stateless\/2021\/12\/9aa0aeb0-gp1swnvw_low_res_with_credit_line.jpg\" alt=\"\" class=\"wp-image-50111\" srcset=\"https:\/\/www.greenpeace.org\/static\/planet4-sweden-stateless\/2021\/12\/9aa0aeb0-gp1swnvw_low_res_with_credit_line.jpg 600w, https:\/\/www.greenpeace.org\/static\/planet4-sweden-stateless\/2021\/12\/9aa0aeb0-gp1swnvw_low_res_with_credit_line-300x200.jpg 300w, https:\/\/www.greenpeace.org\/static\/planet4-sweden-stateless\/2021\/12\/9aa0aeb0-gp1swnvw_low_res_with_credit_line-510x340.jpg 510w\" sizes=\"auto, (max-width: 600px) 100vw, 600px\" \/><figcaption class=\"wp-element-caption\">Aktivister fr\u00e5n Greenpeace Belgien placerar en gigantisk &#8221;taxonosaurus&#8221; utanf\u00f6r EU-kommissionens huvudkontor i protest mot f\u00f6rslaget om att inkludera fossilgas och k\u00e4rnkraft i den s\u00e5 kallade taxonomin.<\/figcaption><\/figure>\n\n<p><strong>Den 2 februari i \u00e5r <a href=\"https:\/\/www.aktuellhallbarhet.se\/strategi\/taxonomi\/har-ar-eu-kommissionens-taxonomiforslag\/\" data-type=\"URL\" data-id=\"https:\/\/www.aktuellhallbarhet.se\/strategi\/taxonomi\/har-ar-eu-kommissionens-taxonomiforslag\/\">presenterade EU-kommissionen ett f\u00f6rslag<\/a> om att klassa fossilgas och k\u00e4rnkraft som h\u00e5llbara investeringar inom EU:s s\u00e5 kallade taxonomi. S\u00e4llan har ett f\u00f6rslag visat sig vara mer otajmat \u00e4n detta. Tre veckor senare inledde Ryssland en milit\u00e4r invasion av Ukraina med fruktansv\u00e4rt m\u00e4nskligt lidande som f\u00f6ljd. Och nu v\u00e4xer kritiken mot f\u00f6rslaget.<\/strong><\/p>\n\n<h4 class=\"wp-block-heading\"><strong>Ologiskt att investera i fossilgas<\/strong><\/h4>\n\n<p>EU \u00e4r alltj\u00e4mt of\u00f6rm\u00f6get att stoppa pengafl\u00f6det till den ryska krigsmaskinen och underst\u00f6djer kriget genom fortsatt import av olja och gas f\u00f6r <a href=\"https:\/\/www.greenpeace.org\/sweden\/agera\/oil-is-war\/\">tv\u00e5 miljarder kronor varje dag<\/a>. Att EU kritiserar kriget, men samtidigt forts\u00e4tter att finansiera det \u00e4r ett hyckleri utan dess like. Att omedelbart stoppa pengarullningen till Putins krigskassa borde vara en sj\u00e4lvklarhet. Det pris vi f\u00e5r betala f\u00f6r utebliven rysk olja och gas \u00e4r litet i j\u00e4mf\u00f6relse med den fasa som civila i Ukraina uts\u00e4tts f\u00f6r.<\/p>\n\n<p>Men n\u00e4r det g\u00e4ller de mer l\u00e5ngsiktiga konsekvenserna \u00e4r riktningen tydligare. EU vill g\u00f6ra sig <a href=\"https:\/\/ec.europa.eu\/commission\/presscorner\/detail\/en\/ip_22_1511\">mindre beroende av rysk olja och gas<\/a>. Att d\u00e5 lansera ett f\u00f6rslag som stimulerar investeringar i fossilgas och k\u00e4rnkraft, tv\u00e5 energislag d\u00e4r Ryssland har en dominerade st\u00e4llning vid sidan av oljan, \u00e4r givetvis helt ologiskt.&nbsp;<\/p>\n\n<p>Kritiken mot EU-kommissionens f\u00f6rslag om taxonomin har bland annat av klimatsk\u00e4l sedan tidigare <a href=\"https:\/\/www.greenpeace.org\/sweden\/bakgrund\/50371\/darfor-ar-gas-och-karnkraft-inte-hallbart\/\">varit massivt<\/a> och efter invasionen av Ukraina har s\u00e5v\u00e4l Greenpeace som andra akt\u00f6rer \u00e5terigen <a href=\"https:\/\/www.greenpeace.org\/sweden\/nyheter\/51119\/kriget-i-ukraina-eu-forslag-om-fossilgas-maste-skrotas\/\">uppmanat att f\u00f6rslaget ska skrotas<\/a>.<\/p>\n\n<p>Gl\u00e4djande nog \u00e4r detta nu en \u00e5sikt som delas <a href=\"https:\/\/tt.omni.se\/regeringen-vill-stoppa-eu-forslag-om-naturgas\/a\/mrjpr0\">av s\u00e5v\u00e4l riksdagen som regeringen<\/a> och regeringen har nu allts\u00e5 st\u00f6d fr\u00e5n riksdagen f\u00f6r sin linje att inv\u00e4nda mot f\u00f6rslaget. <a rel=\"noreferrer noopener\" href=\"https:\/\/www.greenpeace.org\/static\/planet4-sweden-stateless\/2022\/04\/e525b626-overlaggnings-pm-fiu-220405.pdf\" data-type=\"URL\" data-id=\"https:\/\/www.greenpeace.org\/static\/planet4-sweden-stateless\/2022\/04\/e525b626-overlaggnings-pm-fiu-220405.pdf\" target=\"_blank\">I ett dokument till finansutskottet<\/a> inf\u00f6r dess m\u00f6te den 5 april i \u00e5r uttrycker regeringen kraftig kritik mot taxonomif\u00f6rslaget.<\/p>\n\n<h4 class=\"wp-block-heading\"><strong>Regeringen: kan leda till greenwashing<\/strong><\/h4>\n\n<p>Regeringen skriver att f\u00f6rslaget undergr\u00e4ver trov\u00e4rdigheten som verktyg f\u00f6r h\u00e5llbara investeringar och riskerar att leda till \u201c<strong>gr\u00f6nm\u00e5lning av finansiella produkter<\/strong>\u201d. Det finns \u00e4ven en risk att taxonomin \u201c<strong>f\u00f6rsenar utbyggnaden av f\u00f6rnybar energi<\/strong> och d\u00e4rmed f\u00f6rs\u00e4mrar m\u00f6jligheterna att uppn\u00e5 EU:s klimatm\u00e5l och Parisavtalets m\u00e5l.\u201d Vidare skriver regeringen att EU:s internationella ledarskap med en h\u00e5llbar finansmarknad kan komma att p\u00e5verkas av att taxonomin \u201c<strong>blir mindre trov\u00e4rdig<\/strong>.\u201d Avslutningsvis konstaterar regeringen att Rysslands invasion av Ukraina f\u00f6rst\u00e4rkt den svenska positionen och att det vore \u201c<strong>inkonsekvent<\/strong>\u201d att acceptera ett f\u00f6rslag som inneb\u00e4r att fossilgas klassas som milj\u00f6m\u00e4ssigt h\u00e5llbart och att detta skulle \u201c<strong>underminera trov\u00e4rdigheten<\/strong>\u201d i svenskt p\u00e5verkansarbete.<\/p>\n\n<p>Det \u00e4r med gl\u00e4dje vi kan konstatera att s\u00e5v\u00e4l regeringen som riksdagens partier delar Greenpeace uppfattning: taxonomif\u00f6rslaget om fossilgas och k\u00e4rnkraft m\u00e5ste skrotas.<\/p>\n\n<p>Om inte f\u00f6rr, s\u00e5 kommer fr\u00e5gan slutligen att avg\u00f6ras av Europaparlamentet. Mot bakgrund av s\u00e5v\u00e4l utvecklingen i Ukraina som den stora enighet som uppvisats av v\u00e5ra politiker i Sverige, vore det h\u00e4pnadsv\u00e4ckande om de svenska Europaparlamentarikerna skulle st\u00f6dja att klassa investeringar i fossilgas som h\u00e5llbara.<\/p>\n\n<p><strong>Du kan hj\u00e4lpa till, <\/strong><a href=\"https:\/\/www.europarl.europa.eu\/sweden\/sv\/svenska-europaparlamentariker-2019-2024.html\"><strong>fr\u00e5ga dem hur de st\u00e4ller sig<\/strong><\/a><strong>!<\/strong><\/p>\n","protected":false},"excerpt":{"rendered":"<p>EU vill g\u00f6ra sig mindre beroende av rysk olja och gas. Att d\u00e5 lansera ett f\u00f6rslag som stimulerar investeringar i fossilgas och k\u00e4rnkraft, tv\u00e5 energislag d\u00e4r Ryssland har en dominerade st\u00e4llning vid sidan av oljan, \u00e4r givetvis helt ologiskt.<\/p>\n","protected":false},"author":28,"featured_media":50114,"comment_status":"closed","ping_status":"closed","sticky":false,"template":"","format":"standard","meta":{"ep_exclude_from_search":false,"p4_og_title":"","p4_og_description":"","p4_og_image":"","p4_og_image_id":"","p4_seo_canonical_url":"","p4_campaign_name":"not set","p4_local_project":"not set","p4_basket_name":"not set","p4_department":"","footnotes":""},"categories":[45],"tags":[24,26,58],"p4-page-type":[16],"class_list":["post-51460","post","type-post","status-publish","format-standard","has-post-thumbnail","hentry","category-energi","tag-fossilenergi","tag-atomkraft","tag-falskmarknadsforing","p4-page-type-artiklar"],"_links":{"self":[{"href":"https:\/\/www.greenpeace.org\/sweden\/wp-json\/wp\/v2\/posts\/51460","targetHints":{"allow":["GET"]}}],"collection":[{"href":"https:\/\/www.greenpeace.org\/sweden\/wp-json\/wp\/v2\/posts"}],"about":[{"href":"https:\/\/www.greenpeace.org\/sweden\/wp-json\/wp\/v2\/types\/post"}],"author":[{"embeddable":true,"href":"https:\/\/www.greenpeace.org\/sweden\/wp-json\/wp\/v2\/users\/28"}],"replies":[{"embeddable":true,"href":"https:\/\/www.greenpeace.org\/sweden\/wp-json\/wp\/v2\/comments?post=51460"}],"version-history":[{"count":13,"href":"https:\/\/www.greenpeace.org\/sweden\/wp-json\/wp\/v2\/posts\/51460\/revisions"}],"predecessor-version":[{"id":55132,"href":"https:\/\/www.greenpeace.org\/sweden\/wp-json\/wp\/v2\/posts\/51460\/revisions\/55132"}],"wp:featuredmedia":[{"embeddable":true,"href":"https:\/\/www.greenpeace.org\/sweden\/wp-json\/wp\/v2\/media\/50114"}],"wp:attachment":[{"href":"https:\/\/www.greenpeace.org\/sweden\/wp-json\/wp\/v2\/media?parent=51460"}],"wp:term":[{"taxonomy":"category","embeddable":true,"href":"https:\/\/www.greenpeace.org\/sweden\/wp-json\/wp\/v2\/categories?post=51460"},{"taxonomy":"post_tag","embeddable":true,"href":"https:\/\/www.greenpeace.org\/sweden\/wp-json\/wp\/v2\/tags?post=51460"},{"taxonomy":"p4-page-type","embeddable":true,"href":"https:\/\/www.greenpeace.org\/sweden\/wp-json\/wp\/v2\/p4-page-type?post=51460"}],"curies":[{"name":"wp","href":"https:\/\/api.w.org\/{rel}","templated":true}]}}