{"id":51546,"date":"2022-04-25T15:41:52","date_gmt":"2022-04-25T14:41:52","guid":{"rendered":"https:\/\/www.greenpeace.org\/sweden\/?p=51546"},"modified":"2023-02-17T14:23:13","modified_gmt":"2023-02-17T13:23:13","slug":"greenpeace-kampanj-mot-fossilreklam-det-har-har-hant","status":"publish","type":"post","link":"https:\/\/www.greenpeace.org\/sweden\/artiklar\/klimat\/greenpeace-kampanj-mot-fossilreklam-det-har-har-hant\/","title":{"rendered":"Greenpeace kampanj mot fossilreklam &#8211; det h\u00e4r har h\u00e4nt"},"content":{"rendered":"\n<p><strong>F\u00f6r sex m\u00e5nader sen lanserade Greenpeace tillsammans med <\/strong><a href=\"https:\/\/banfossilfuelads.org\/\"><strong>\u00f6ver 20 andra organisationer<\/strong><\/a><strong> ett&nbsp; gemensamt europeiskt upprop f\u00f6r ett fossilreklamf\u00f6rbud. D\u00e5 var problemet med fossilreklam en ickefr\u00e5ga som varken politiker, annons\u00f6rer eller reklambyr\u00e5er pratade om. Sedan dess har v\u00e4ldigt mycket h\u00e4nt och fossilreklamf\u00f6rbud st\u00e5r nu p\u00e5 agendan!<\/strong><\/p>\n\n<p>I slutet av mars n\u00e5dde Sverige sin kvot f\u00f6r det <a href=\"https:\/\/www.greenpeace.org\/sweden\/agera\/fossilreklam\/\">Europeiska medborgarinitiativet<\/a>. Det vill s\u00e4ga, vi har samlat in s\u00e5 m\u00e5nga namn att Sverige nu officiellt st\u00e5r bakom att inf\u00f6ra ett f\u00f6rbud mot fossilreklam och sponsring i hela EU! Men eftersom vissa andra l\u00e4nder ligger efter med sin kvot s\u00e5 \u00e4r det fortfarande viktigt att svenskar forts\u00e4tter <a href=\"https:\/\/www.greenpeace.org\/sweden\/agera\/fossilreklam\/\">skriva under!<\/a><\/p>\n\n<p><strong>Det stora svenska st\u00f6det \u00e4r en av flera delsegrar vi haft under det halv\u00e5r vi drivit kampanjen tillsammans med v\u00e5ra volont\u00e4rer och er supportrar.<\/strong> H\u00e4r \u00e4r n\u00e5gra fler h\u00f6jdpunkter under kampanjens g\u00e5ng:&nbsp;<\/p>\n\n<p><strong>4 oktober 2021 <\/strong><a href=\"https:\/\/www.greenpeace.org\/sweden\/pressmeddelanden\/49203\/aktivister-stanger-ner-shells-oljehamn-i-rotterdam-med-fossilbolagens-egen-reklam\/\"><strong>st\u00e4ngde aktivister ner Shells oljehamn i Rotterdam<\/strong><\/a><strong> <\/strong>&#8211; med fossilbolagens egen reklam. Bland annat anv\u00e4ndes reklamtavlor fr\u00e5n de svenska flygbolagen BRA och SAS i blockaden. Detta var starten p\u00e5 kampanjen f\u00f6r ett fossilreklamf\u00f6rbud.<\/p>\n\n<figure class=\"wp-block-image size-full\"><img loading=\"lazy\" decoding=\"async\" width=\"800\" height=\"533\" src=\"https:\/\/www.greenpeace.org\/static\/planet4-sweden-stateless\/2022\/04\/0bc340ad-gp1sw2j1_web_size_with_credit_line.jpg\" alt=\"\" class=\"wp-image-51547\" srcset=\"https:\/\/www.greenpeace.org\/static\/planet4-sweden-stateless\/2022\/04\/0bc340ad-gp1sw2j1_web_size_with_credit_line.jpg 800w, https:\/\/www.greenpeace.org\/static\/planet4-sweden-stateless\/2022\/04\/0bc340ad-gp1sw2j1_web_size_with_credit_line-300x200.jpg 300w, https:\/\/www.greenpeace.org\/static\/planet4-sweden-stateless\/2022\/04\/0bc340ad-gp1sw2j1_web_size_with_credit_line-768x512.jpg 768w, https:\/\/www.greenpeace.org\/static\/planet4-sweden-stateless\/2022\/04\/0bc340ad-gp1sw2j1_web_size_with_credit_line-510x340.jpg 510w\" sizes=\"auto, (max-width: 800px) 100vw, 800px\" \/><\/figure>\n\n<p><strong>Kort efter aktionen i Rotterdam sl\u00e4pptes <\/strong><a href=\"https:\/\/www.greenpeace.org\/sweden\/pressmeddelanden\/49345\/kapten-rod-ansluter-sig-till-kampen-mot-fossilreklam\/\"><strong>Sagan om Bj\u00f6rnen Boel och fossilreklamen<\/strong><\/a><strong>,<\/strong> ett samarbete mellan Bj\u00f6rn \u201cKapten R\u00f6d\u201d Nilsson, Simon \u201cHofm\u00e4staren\u201d Hansson och Greenpeace Sverige. Sagan handlar om isbj\u00f6rnen Boel som vill r\u00e4dda Arktis fr\u00e5n att sm\u00e4lta bort, men det hela f\u00e5r en ov\u00e4ntad v\u00e4ndning. Se sagan om Bj\u00f6rnen Boel h\u00e4r:&nbsp;&nbsp;<\/p>\n\n<figure class=\"wp-block-embed is-type-video is-provider-youtube wp-block-embed-youtube wp-embed-aspect-16-9 wp-has-aspect-ratio\"><div class=\"wp-block-embed__wrapper\">\n<lite-youtube style=\"background-image: url('https:\/\/i.ytimg.com\/vi\/-Iyea3xCBF8\/hqdefault.jpg');\" videoid=\"-Iyea3xCBF8\" params=\"rel=0\"><\/lite-youtube>\n<\/div><\/figure>\n\n<p>I filmen syns \u00e4ven aktivister fr\u00e5n Greenpeace som gjorde ett wallraff-event f\u00f6r flygbolaget SAS, med bolagets egna reklamtavlor. Som en del av aktionen sl\u00e4pptes <a href=\"https:\/\/www.shareyourdreams.se\/\">en sajt d\u00e4r man kan t\u00e4vla om gratis flygresor.<\/a>&nbsp;&nbsp;<\/p>\n\n<p>Efter aktionen i Rotterdam och sagan om Boel var det dags att dyka ner i fakta och detaljer. Vi sl\u00e4ppte en rapport som<strong> <\/strong><a href=\"https:\/\/www.greenpeace.org\/sweden\/bakgrund\/49616\/greenpeace-rapport-forbjud-fossilreklamen\/\"><strong>listar tre huvudargument till varf\u00f6r ett f\u00f6rbud beh\u00f6vs<\/strong><\/a>.&nbsp;<\/p>\n\n<p>Bild till att ladda ner rapporten<\/p>\n\n<figure class=\"wp-block-image size-large\"><a href=\"https:\/\/drive.google.com\/file\/d\/1yZllhpRrNA176SGDfXYUS5cm6j6pAGcL\/view\"><img loading=\"lazy\" decoding=\"async\" width=\"1024\" height=\"576\" src=\"https:\/\/www.greenpeace.org\/static\/planet4-sweden-stateless\/2021\/10\/fa84cc8a-fossilreklam-nej-tack-2-1024x576.png\" title=\"rapport fossilreklam nej tack\" alt=\"rapport fossilreklam nej tack\" class=\"wp-image-49364\" srcset=\"https:\/\/www.greenpeace.org\/static\/planet4-sweden-stateless\/2021\/10\/fa84cc8a-fossilreklam-nej-tack-2-1024x576.png 1024w, https:\/\/www.greenpeace.org\/static\/planet4-sweden-stateless\/2021\/10\/fa84cc8a-fossilreklam-nej-tack-2-300x169.png 300w, https:\/\/www.greenpeace.org\/static\/planet4-sweden-stateless\/2021\/10\/fa84cc8a-fossilreklam-nej-tack-2-768x432.png 768w, https:\/\/www.greenpeace.org\/static\/planet4-sweden-stateless\/2021\/10\/fa84cc8a-fossilreklam-nej-tack-2-1536x864.png 1536w, https:\/\/www.greenpeace.org\/static\/planet4-sweden-stateless\/2021\/10\/fa84cc8a-fossilreklam-nej-tack-2-510x287.png 510w, https:\/\/www.greenpeace.org\/static\/planet4-sweden-stateless\/2021\/10\/fa84cc8a-fossilreklam-nej-tack-2.png 1920w\" sizes=\"auto, (max-width: 1024px) 100vw, 1024px\" \/><\/a><\/figure>\n\n<p><strong>I november 2021 blev Gustav Martner, talesperson i reklam- och marknadsr\u00e4ttsfr\u00e5gor p\u00e5 Greenpeace, inbjuden till en paneldebatt p\u00e5 Stockholm Media Week.<\/strong> Evenemanget arrangeras av Sveriges Mediebyr\u00e5er och att vi blev inbjudna dit var en viktig milstolpe i kampanjen. Att makthavarna inom medier och reklam \u00e4r intresserade av att diskutera fr\u00e5gan om fossilreklam visar att fr\u00e5gan \u00e4r p\u00e5 agendan!&nbsp;<\/p>\n\n<figure class=\"wp-block-image size-full\"><img loading=\"lazy\" decoding=\"async\" width=\"800\" height=\"533\" src=\"https:\/\/www.greenpeace.org\/static\/planet4-sweden-stateless\/2022\/04\/cd6d1c00-gp1swkk2_web_size_with_credit_line.jpg\" alt=\"\" class=\"wp-image-51548\" srcset=\"https:\/\/www.greenpeace.org\/static\/planet4-sweden-stateless\/2022\/04\/cd6d1c00-gp1swkk2_web_size_with_credit_line.jpg 800w, https:\/\/www.greenpeace.org\/static\/planet4-sweden-stateless\/2022\/04\/cd6d1c00-gp1swkk2_web_size_with_credit_line-300x200.jpg 300w, https:\/\/www.greenpeace.org\/static\/planet4-sweden-stateless\/2022\/04\/cd6d1c00-gp1swkk2_web_size_with_credit_line-768x512.jpg 768w, https:\/\/www.greenpeace.org\/static\/planet4-sweden-stateless\/2022\/04\/cd6d1c00-gp1swkk2_web_size_with_credit_line-510x340.jpg 510w\" sizes=\"auto, (max-width: 800px) 100vw, 800px\" \/><\/figure>\n\n<p>Utanf\u00f6r stod v\u00e5ra volont\u00e4rer f\u00f6r att v\u00e4lkomna bes\u00f6karna och dela ut enorma cigaretter med v\u00e5r fossilreklamrapport. Budskapet \u00e4r tydligt &#8211; det \u00e4r dags att fimpa fossilreklamen!&nbsp;<\/p>\n\n<p><a href=\"https:\/\/www.greenpeace.org\/sweden\/pressmeddelanden\/50205\/sifo-undersokning-visar-en-majoritet-av-svenskarna-vill-ha-ett-fossilreklamforbud\/\">I januari publicerades&nbsp;en Sifo-unders\u00f6kning<\/a> som gjorts p\u00e5 uppdrag av Greenpeace. <strong>Unders\u00f6kningen visar att drygt h\u00e4lften av svenskarna vill inf\u00f6ra begr\u00e4nsningar av fossilreklam. <\/strong>Gustav Martner sa s\u00e5 h\u00e4r om unders\u00f6kningen: \u201cAtt inf\u00f6ra ett fossilreklamf\u00f6rbud \u00e4r ett relativt nytt grepp f\u00f6r att minska utsl\u00e4ppen, s\u00e5 det \u00e4r verkligen gl\u00e4djande att en majoritet av svenskarna redan insett att detta \u00e4r n\u00e5got som borde inf\u00f6ras.\u201d<\/p>\n\n<figure class=\"wp-block-image size-large\"><img loading=\"lazy\" decoding=\"async\" width=\"819\" height=\"1024\" src=\"https:\/\/www.greenpeace.org\/static\/planet4-sweden-stateless\/2022\/01\/3a2d1f76-cjdg_fob_insta_med-text_web-819x1024.png\" alt=\"\" class=\"wp-image-50211\" srcset=\"https:\/\/www.greenpeace.org\/static\/planet4-sweden-stateless\/2022\/01\/3a2d1f76-cjdg_fob_insta_med-text_web-819x1024.png 819w, https:\/\/www.greenpeace.org\/static\/planet4-sweden-stateless\/2022\/01\/3a2d1f76-cjdg_fob_insta_med-text_web-240x300.png 240w, https:\/\/www.greenpeace.org\/static\/planet4-sweden-stateless\/2022\/01\/3a2d1f76-cjdg_fob_insta_med-text_web-768x960.png 768w, https:\/\/www.greenpeace.org\/static\/planet4-sweden-stateless\/2022\/01\/3a2d1f76-cjdg_fob_insta_med-text_web-1229x1536.png 1229w, https:\/\/www.greenpeace.org\/static\/planet4-sweden-stateless\/2022\/01\/3a2d1f76-cjdg_fob_insta_med-text_web-1638x2048.png 1638w, https:\/\/www.greenpeace.org\/static\/planet4-sweden-stateless\/2022\/01\/3a2d1f76-cjdg_fob_insta_med-text_web-1093x1366.png 1093w, https:\/\/www.greenpeace.org\/static\/planet4-sweden-stateless\/2022\/01\/3a2d1f76-cjdg_fob_insta_med-text_web-272x340.png 272w\" sizes=\"auto, (max-width: 819px) 100vw, 819px\" \/><figcaption class=\"wp-element-caption\">Greenpeace har gjort en variant av konstverket \u201dSk\u00e4nda flaggan\u201d f\u00f6r att lyfta en Sifo-unders\u00f6kning. Konstverkets ursprungliga upphovsman Carl-Johan de Geer har gett tummen upp till Greenpeace hommage med orden \u201dbilden \u00e4r sl\u00e5ende\u201d.<\/figcaption><\/figure>\n\n<p><strong>I februari var det dags f\u00f6r ett nytt rapportsl\u00e4pp, denna g\u00e5ng med fokus p\u00e5 de utsl\u00e4pp som reklamen ger upphov till.<\/strong> <a href=\"https:\/\/www.greenpeace.org\/sweden\/pressmeddelanden\/50800\/reklamen-for-bilar-och-flyg-orsakar-upp-till-tolv-ganger-mer-koldioxidutslapp-an-hela-sverige\/\">Rapporten som gjordes i samarbete med New Weather Institute<\/a> visar att den globala reklamen f\u00f6r bil och flyg orsakar upp till tolv g\u00e5nger mer koldioxidutsl\u00e4pp \u00e4n hela Sverige. \u201cRapporten utg\u00e5r fr\u00e5n de modeller som vanligtvis anv\u00e4nds f\u00f6r att visa hur v\u00e4l reklam fungerar. Men h\u00e4r pekar modellerna ist\u00e4llet p\u00e5 baksidan av det myntet och hur marknadsf\u00f6ringen av koldioxidintensiva varor och tj\u00e4nster \u00f6kar f\u00f6rs\u00e4ljningen och leder till stora m\u00e4ngder extra koldioxidutsl\u00e4pp som annars antagligen inte skulle skett\u201d, sa Gustav Martner om rapporten.&nbsp;<\/p>\n\n<p><strong>En l\u00f6rdag i mars gav sig volont\u00e4rerna i G\u00f6teborgs lokalgrupp ut f\u00f6r att samla in namn till medborgarinitiativet.<\/strong> Dagen bj\u00f6d p\u00e5 sol fr\u00e5n en klarbl\u00e5 himmel, intressanta m\u00f6ten och m\u00e5nga underskrifter &#8211; inte minst eftersom vi kopplade samman fossilreklamen med kriget i Ukraina. <strong>Visste du att man bed\u00f6mer att 50% av det flygbr\u00e4nsle som anv\u00e4nds i Sverige kommer fr\u00e5n Ryssland?<\/strong><\/p>\n\n<p>Detta \u00e4r n\u00e5gra h\u00f6jdpunkter som lett fram till att Sverige har n\u00e5tt sin kvot f\u00f6r det Europeiska medborgarinitiativet. Tack till alla er som skrivit under!&nbsp;<\/p>\n\n<p><strong>F\u00f6rbud g\u00f6r skillnad.<\/strong> Det visar inte minst statistiken \u00f6ver cigarettf\u00f6rs\u00e4ljning i relation till regleringar av tobaksreklam.&nbsp;<\/p>\n\n<figure class=\"wp-block-image size-large\"><img loading=\"lazy\" decoding=\"async\" width=\"1024\" height=\"1024\" src=\"https:\/\/www.greenpeace.org\/static\/planet4-sweden-stateless\/2022\/04\/96d384b1-image-1024x1024.png\" alt=\"\" class=\"wp-image-51549\" srcset=\"https:\/\/www.greenpeace.org\/static\/planet4-sweden-stateless\/2022\/04\/96d384b1-image-1024x1024.png 1024w, https:\/\/www.greenpeace.org\/static\/planet4-sweden-stateless\/2022\/04\/96d384b1-image-300x300.png 300w, https:\/\/www.greenpeace.org\/static\/planet4-sweden-stateless\/2022\/04\/96d384b1-image-150x150.png 150w, https:\/\/www.greenpeace.org\/static\/planet4-sweden-stateless\/2022\/04\/96d384b1-image-768x768.png 768w, https:\/\/www.greenpeace.org\/static\/planet4-sweden-stateless\/2022\/04\/96d384b1-image-1536x1536.png 1536w, https:\/\/www.greenpeace.org\/static\/planet4-sweden-stateless\/2022\/04\/96d384b1-image-1366x1366.png 1366w, https:\/\/www.greenpeace.org\/static\/planet4-sweden-stateless\/2022\/04\/96d384b1-image-340x340.png 340w, https:\/\/www.greenpeace.org\/static\/planet4-sweden-stateless\/2022\/04\/96d384b1-image.png 2000w\" sizes=\"auto, (max-width: 1024px) 100vw, 1024px\" \/><\/figure>\n\n<p>Det \u00e4r dags att vi inf\u00f6r samma f\u00f6rbud g\u00e4llande fossilreklam och sponsring. Reklambranschen har b\u00f6rjat diskutera det, politikerna har f\u00e5tt f\u00f6rslaget p\u00e5 sitt bord och en majoritet av svenskarna st\u00e5r bakom ett f\u00f6rbud. <strong>\u00c4ven IPCC lyfter problemet med klimatskadlig reklam i sin senaste rapport och f\u00f6resl\u00e5r att reklam b\u00f6r regleras, f\u00f6r att gynna de beteendef\u00f6r\u00e4ndringar som kr\u00e4vs f\u00f6r att lyckas med klimatomst\u00e4llningen.&nbsp;<\/strong><\/p>\n\n<p>Det \u00e4r h\u00f6g tid att ta bort fossilindustrins viktigaste verktyg f\u00f6r att greenwasha och legitimera sig sj\u00e4lv mitt i en klimatkris &#8211; f\u00f6r i ett h\u00e5llbart samh\u00e4lle har fossilreklam ingen plats.&nbsp;<\/p>\n\n<p>Forts\u00e4ttning f\u00f6ljer.&nbsp;<\/p>\n\t\t\t<section\n\t\t\tclass=\"boxout post-49012 \"\n\t\t\t\n\t\t>\n\t\t\t<a\n\t\t\t\tdata-ga-category=\"Take Action Boxout\"\n\t\t\t\tdata-ga-action=\"Image\"\n\t\t\t\tdata-ga-label=\"n\/a\"\n\t\t\t\tclass=\"cover-card-overlay\"\n\t\t\t\thref=\"https:\/\/www.greenpeace.org\/sweden\/agera\/fossilreklam\/\" \n\t\t\t><\/a>\n\t\t\t\t\t\t\t<img\n\t\t\t\t\t\tsrc=\"https:\/\/www.greenpeace.org\/static\/planet4-sweden-stateless\/2021\/10\/cea45a70-nej_tack_top.png\"\n\t\t\t\t\t\tsrcset=\"https:\/\/www.greenpeace.org\/static\/planet4-sweden-stateless\/2021\/10\/cea45a70-nej_tack_top-300x193.png 300w, https:\/\/www.greenpeace.org\/static\/planet4-sweden-stateless\/2021\/10\/cea45a70-nej_tack_top-768x494.png 768w, https:\/\/www.greenpeace.org\/static\/planet4-sweden-stateless\/2021\/10\/cea45a70-nej_tack_top-510x328.png 510w, https:\/\/www.greenpeace.org\/static\/planet4-sweden-stateless\/2021\/10\/cea45a70-nej_tack_top.png 1000w\"\n\t\t\t\t\t\tsizes=\"(min-width: 1000px) 358px, (min-width: 780px) 313px, 88px\"\n\t\t\t\t\t\talt=\"Greenpeace g\u00e5r samman med \u00f6ver 20 andra europeiska organisationer f\u00f6r att f\u00e5 till ett fossilreklamf\u00f6rbud\" title=\"Greenpeace g\u00e5r samman med \u00f6ver 20 andra europeiska organisationer f\u00f6r att f\u00e5 till ett fossilreklamf\u00f6rbud\"\n\t\t\t\t\/>\n            \t\t\t<div class=\"boxout-content\">\n\t\t\t\t\t\t\t\t\t<a\n\t\t\t\t\t\tclass=\"boxout-heading medium\"\n\t\t\t\t\t\tdata-ga-category=\"Take Action Boxout\"\n\t\t\t\t\t\tdata-ga-action=\"Title\"\n\t\t\t\t\t\tdata-ga-label=\"n\/a\"\n\t\t\t\t\t\thref=\"https:\/\/www.greenpeace.org\/sweden\/agera\/fossilreklam\/\"\n\t\t\t\t\t\t\n\t\t\t\t\t>\n\t\t\t\t\t\tFossilreklam, nej tack!\n\t\t\t\t\t<\/a>\n\t\t\t\t\t\t\t\t\t\t\t\t\t<p class=\"boxout-excerpt\">Anv\u00e4nd din r\u00e4tt att tillsammans med 1 miljon andra EU-medborgare skriva p\u00e5 detta European Citizen Initiative f\u00f6r att stoppa reklam f\u00f6r on\u00f6diga flygresor, t\u00f6rstiga bensinbilar och greenwashande oljebolag. Agera nu! Stoppa fossilreklamen!<\/p>\n\t\t\t\t                                    <a\n                        class=\"btn btn-primary\"\n                        data-ga-category=\"Take Action Boxout\"\n                        data-ga-action=\"Call to Action\"\n                        data-ga-label=\"n\/a\"\n                        href=\"https:\/\/www.greenpeace.org\/sweden\/agera\/fossilreklam\/\"\n                        \n                    >\n                        Engagera dig\n                    <\/a>\n                \t\t\t<\/div>\n\t\t\t\t\t<\/section>\n\t","protected":false},"excerpt":{"rendered":"<p>F\u00f6r sex m\u00e5nader sen lanserade Greenpeace tillsammans med \u00f6ver 20 andra organisationer ett europeiskt upprop f\u00f6r ett fossilreklamf\u00f6rbud. Det h\u00e4r har h\u00e4nt sedan dess.<\/p>\n","protected":false},"author":69,"featured_media":51548,"comment_status":"closed","ping_status":"closed","sticky":false,"template":"","format":"standard","meta":{"ep_exclude_from_search":false,"p4_og_title":"","p4_og_description":"","p4_og_image":"","p4_og_image_id":"","p4_seo_canonical_url":"","p4_campaign_name":"not set","p4_local_project":"not set","p4_basket_name":"not set","p4_department":"","footnotes":""},"categories":[2],"tags":[24,58],"p4-page-type":[16],"class_list":["post-51546","post","type-post","status-publish","format-standard","has-post-thumbnail","hentry","category-klimat","tag-fossilenergi","tag-falskmarknadsforing","p4-page-type-artiklar"],"_links":{"self":[{"href":"https:\/\/www.greenpeace.org\/sweden\/wp-json\/wp\/v2\/posts\/51546","targetHints":{"allow":["GET"]}}],"collection":[{"href":"https:\/\/www.greenpeace.org\/sweden\/wp-json\/wp\/v2\/posts"}],"about":[{"href":"https:\/\/www.greenpeace.org\/sweden\/wp-json\/wp\/v2\/types\/post"}],"author":[{"embeddable":true,"href":"https:\/\/www.greenpeace.org\/sweden\/wp-json\/wp\/v2\/users\/69"}],"replies":[{"embeddable":true,"href":"https:\/\/www.greenpeace.org\/sweden\/wp-json\/wp\/v2\/comments?post=51546"}],"version-history":[{"count":2,"href":"https:\/\/www.greenpeace.org\/sweden\/wp-json\/wp\/v2\/posts\/51546\/revisions"}],"predecessor-version":[{"id":54598,"href":"https:\/\/www.greenpeace.org\/sweden\/wp-json\/wp\/v2\/posts\/51546\/revisions\/54598"}],"wp:featuredmedia":[{"embeddable":true,"href":"https:\/\/www.greenpeace.org\/sweden\/wp-json\/wp\/v2\/media\/51548"}],"wp:attachment":[{"href":"https:\/\/www.greenpeace.org\/sweden\/wp-json\/wp\/v2\/media?parent=51546"}],"wp:term":[{"taxonomy":"category","embeddable":true,"href":"https:\/\/www.greenpeace.org\/sweden\/wp-json\/wp\/v2\/categories?post=51546"},{"taxonomy":"post_tag","embeddable":true,"href":"https:\/\/www.greenpeace.org\/sweden\/wp-json\/wp\/v2\/tags?post=51546"},{"taxonomy":"p4-page-type","embeddable":true,"href":"https:\/\/www.greenpeace.org\/sweden\/wp-json\/wp\/v2\/p4-page-type?post=51546"}],"curies":[{"name":"wp","href":"https:\/\/api.w.org\/{rel}","templated":true}]}}