{"id":51551,"date":"2022-04-26T07:00:24","date_gmt":"2022-04-26T06:00:24","guid":{"rendered":"https:\/\/www.greenpeace.org\/sweden\/?p=51551"},"modified":"2023-02-17T10:47:43","modified_gmt":"2023-02-17T09:47:43","slug":"erika-bjureby-ny-tillforordnad-sverigechef-pa-greenpeace-isadora-wronski-axlar-roll-som-strateg-pa-nordisk-niva","status":"publish","type":"post","link":"https:\/\/www.greenpeace.org\/sweden\/pressmeddelanden\/greenpeace\/erika-bjureby-ny-tillforordnad-sverigechef-pa-greenpeace-isadora-wronski-axlar-roll-som-strateg-pa-nordisk-niva\/","title":{"rendered":"Erika Bjureby ny tillf\u00f6rordnad sverigechef p\u00e5 Greenpeace &#8211; Isadora Wronski axlar roll som strateg p\u00e5 nordisk niv\u00e5"},"content":{"rendered":"\n<figure class=\"wp-block-image size-large\"><img loading=\"lazy\" decoding=\"async\" width=\"887\" height=\"1024\" src=\"https:\/\/www.greenpeace.org\/static\/planet4-sweden-stateless\/2022\/04\/80aee492-erika-bjureby-greenpeace-1-887x1024.jpg\" alt=\"\" class=\"wp-image-51552\" srcset=\"https:\/\/www.greenpeace.org\/static\/planet4-sweden-stateless\/2022\/04\/80aee492-erika-bjureby-greenpeace-1-887x1024.jpg 887w, https:\/\/www.greenpeace.org\/static\/planet4-sweden-stateless\/2022\/04\/80aee492-erika-bjureby-greenpeace-1-260x300.jpg 260w, https:\/\/www.greenpeace.org\/static\/planet4-sweden-stateless\/2022\/04\/80aee492-erika-bjureby-greenpeace-1-768x887.jpg 768w, https:\/\/www.greenpeace.org\/static\/planet4-sweden-stateless\/2022\/04\/80aee492-erika-bjureby-greenpeace-1-1331x1536.jpg 1331w, https:\/\/www.greenpeace.org\/static\/planet4-sweden-stateless\/2022\/04\/80aee492-erika-bjureby-greenpeace-1-1774x2048.jpg 1774w, https:\/\/www.greenpeace.org\/static\/planet4-sweden-stateless\/2022\/04\/80aee492-erika-bjureby-greenpeace-1-1183x1366.jpg 1183w, https:\/\/www.greenpeace.org\/static\/planet4-sweden-stateless\/2022\/04\/80aee492-erika-bjureby-greenpeace-1-295x340.jpg 295w, https:\/\/www.greenpeace.org\/static\/planet4-sweden-stateless\/2022\/04\/80aee492-erika-bjureby-greenpeace-1.jpg 1872w\" sizes=\"auto, (max-width: 887px) 100vw, 887px\" \/><figcaption class=\"wp-element-caption\">Erika Bjureby, ny tillf\u00f6rordnad sverigechef p\u00e5 Greenpeace<\/figcaption><\/figure>\n\n<p>Isadora Wronski, som varit Sverigechef f\u00f6r Greenpeace sedan 2019 har rekryterats till en ny roll som senior strateg p\u00e5 nordisk niv\u00e5 inom Greenpeace. Hon ers\u00e4tts som sverigechef av Erika Bjureby.<br><br>Erika Bjureby, doktor i politisk ekologi, har en l\u00e5ng erfarenhet inom Greenpeace och har tidigare bland annat arbetat med urfolks r\u00e4ttigheter i Amazonas och som internationell projektledare f\u00f6r globala skogsfr\u00e5gor i b\u00e5de Norden och Sydostasien. Hon kommer n\u00e4rmast fr\u00e5n organisationen Transport and Environment som arbetar med milj\u00f6- och transportfr\u00e5gor inom EU.<\/p>\n\n<p>\u2013 Jag ser verkligen fram emot det nya uppdraget. Greenpeace \u00e4r en stark akt\u00f6r i milj\u00f6sverige och under det senaste \u00e5ren har organisationen spelat en central roll f\u00f6r att lyfta bland annat skogsfr\u00e5gan. Det \u00e4r en av de absolut viktigaste fr\u00e5gorna f\u00f6r Sveriges milj\u00f6- och klimatarbete och jag hoppas att min expertis och erfarenhet p\u00e5 omr\u00e5det ska komma v\u00e4l till pass i omst\u00e4llningen till ett naturn\u00e4ra skogsbruk, s\u00e4ger <strong>Erika Bjureby<\/strong><\/p>\n\n<p>Isadora Wronski kommer \u00e4ven forts\u00e4ttningsvis att synas i Greenpeace svenska kampanjarbete.<\/p>\n\n<p>\u2013 Varje ny kris \u00e4r en m\u00f6jlighet att katalysera mer djupg\u00e5ende systemf\u00f6r\u00e4ndringar, introducera l\u00e5ngsiktigt h\u00e5llbara l\u00f6sningar f\u00f6r de utmaningar m\u00e4nskligheten st\u00e5r inf\u00f6r. I min nya roll f\u00e5r jag m\u00f6jlighet att arbeta b\u00e5de med den akuta krisen i Europa men ocks\u00e5 systemf\u00f6r\u00e4ndring i det st\u00f6rre perspektivet, s\u00e4ger <strong>Isadora Wronski<\/strong><\/p>\n\n<p><strong>Kontaktperson<\/strong><\/p>\n\n<p>Ludvig Tillman<\/p>\n\n<p><a href=\"mailto:ludvig.tillman@greenpeace.org\">ludvig.tillman@greenpeace.org<\/a><\/p>\n\n<p>070 271 64 37<\/p>\n","protected":false},"excerpt":{"rendered":"<p>Isadora Wronski, som varit Sverigechef f\u00f6r Greenpeace sedan 2019 har rekryterats till en ny roll som senior strateg p\u00e5 nordisk niv\u00e5 inom Greenpeace. Hon ers\u00e4tts som sverigechef av Erika Bjureby.&hellip;<\/p>\n","protected":false},"author":34,"featured_media":51552,"comment_status":"closed","ping_status":"closed","sticky":false,"template":"","format":"standard","meta":{"ep_exclude_from_search":false,"p4_og_title":"","p4_og_description":"","p4_og_image":"","p4_og_image_id":"","p4_seo_canonical_url":"","p4_campaign_name":"not set","p4_local_project":"not set","p4_basket_name":"not set","p4_department":"","footnotes":""},"categories":[1],"tags":[13],"p4-page-type":[14],"class_list":["post-51551","post","type-post","status-publish","format-standard","has-post-thumbnail","hentry","category-greenpeace","tag-omgreenpeace","p4-page-type-pressmeddelanden"],"_links":{"self":[{"href":"https:\/\/www.greenpeace.org\/sweden\/wp-json\/wp\/v2\/posts\/51551","targetHints":{"allow":["GET"]}}],"collection":[{"href":"https:\/\/www.greenpeace.org\/sweden\/wp-json\/wp\/v2\/posts"}],"about":[{"href":"https:\/\/www.greenpeace.org\/sweden\/wp-json\/wp\/v2\/types\/post"}],"author":[{"embeddable":true,"href":"https:\/\/www.greenpeace.org\/sweden\/wp-json\/wp\/v2\/users\/34"}],"replies":[{"embeddable":true,"href":"https:\/\/www.greenpeace.org\/sweden\/wp-json\/wp\/v2\/comments?post=51551"}],"version-history":[{"count":2,"href":"https:\/\/www.greenpeace.org\/sweden\/wp-json\/wp\/v2\/posts\/51551\/revisions"}],"predecessor-version":[{"id":54464,"href":"https:\/\/www.greenpeace.org\/sweden\/wp-json\/wp\/v2\/posts\/51551\/revisions\/54464"}],"wp:featuredmedia":[{"embeddable":true,"href":"https:\/\/www.greenpeace.org\/sweden\/wp-json\/wp\/v2\/media\/51552"}],"wp:attachment":[{"href":"https:\/\/www.greenpeace.org\/sweden\/wp-json\/wp\/v2\/media?parent=51551"}],"wp:term":[{"taxonomy":"category","embeddable":true,"href":"https:\/\/www.greenpeace.org\/sweden\/wp-json\/wp\/v2\/categories?post=51551"},{"taxonomy":"post_tag","embeddable":true,"href":"https:\/\/www.greenpeace.org\/sweden\/wp-json\/wp\/v2\/tags?post=51551"},{"taxonomy":"p4-page-type","embeddable":true,"href":"https:\/\/www.greenpeace.org\/sweden\/wp-json\/wp\/v2\/p4-page-type?post=51551"}],"curies":[{"name":"wp","href":"https:\/\/api.w.org\/{rel}","templated":true}]}}