{"id":51563,"date":"2022-04-27T12:59:15","date_gmt":"2022-04-27T11:59:15","guid":{"rendered":"https:\/\/www.greenpeace.org\/sweden\/?p=51563"},"modified":"2023-02-17T10:21:51","modified_gmt":"2023-02-17T09:21:51","slug":"cop15-i-kunming-darfor-ar-fn-motet-om-biologisk-mangfald-sa-viktigt","status":"publish","type":"post","link":"https:\/\/www.greenpeace.org\/sweden\/artiklar\/klimat\/cop15-i-kunming-darfor-ar-fn-motet-om-biologisk-mangfald-sa-viktigt\/","title":{"rendered":"COP15 i Kunming: D\u00e4rf\u00f6r \u00e4r FN-m\u00f6tet om biologisk m\u00e5ngfald s\u00e5 viktigt"},"content":{"rendered":"\n<p>I mars 2022 inleds FN-konferensen <strong>COP15<\/strong> \u2013 ett m\u00f6te som kommer att f\u00e5 avg\u00f6rande betydelse f\u00f6r den biologiska m\u00e5ngfalden p\u00e5 jorden.<br><br>Greenpeace kommer att n\u00e4rvara p\u00e5 COP15. Vi k\u00e4mpar f\u00f6r att f\u00e5 ett <strong>Parisavtal f\u00f6r biologisk m\u00e5ngfald<\/strong> som skyddar minst 30 % av land och hav till senast 2030. Vi har lyckats f\u00f6rut, nu k\u00e4mpar vi f\u00f6r att g\u00f6ra det igen.<\/p>\n\n<figure class=\"wp-block-image size-full is-resized\"><img loading=\"lazy\" decoding=\"async\" src=\"https:\/\/www.greenpeace.org\/static\/planet4-sweden-stateless\/2022\/04\/f9d5246e-fiskare.jpeg\" title=\"Sm\u00e5skaliga fiskare utanf\u00f6r v\u00e4stafrika med banners om att skydda haven.\" alt=\"\" class=\"wp-image-51564\" width=\"736\" height=\"490\" srcset=\"https:\/\/www.greenpeace.org\/static\/planet4-sweden-stateless\/2022\/04\/f9d5246e-fiskare.jpeg 1024w, https:\/\/www.greenpeace.org\/static\/planet4-sweden-stateless\/2022\/04\/f9d5246e-fiskare-300x200.jpeg 300w, https:\/\/www.greenpeace.org\/static\/planet4-sweden-stateless\/2022\/04\/f9d5246e-fiskare-768x512.jpeg 768w, https:\/\/www.greenpeace.org\/static\/planet4-sweden-stateless\/2022\/04\/f9d5246e-fiskare-510x340.jpeg 510w\" sizes=\"auto, (max-width: 736px) 100vw, 736px\" \/><figcaption class=\"wp-element-caption\">Lokala fiskare i f\u00e4rgglada traditionella b\u00e5tar med skyltar som visar budskap om att \u201cSkydda haven\u201d \u00a9 Pape Diatta Sarr \/ Greenpeace<\/figcaption><\/figure>\n\n<h2 class=\"wp-block-heading\"><strong>Vad \u00e4r konventionen om biologisk m\u00e5ngfald COP15?<\/strong><\/h2>\n\n<p>COP15 \u00e4r FN:s 15:e toppm\u00f6te om biologisk m\u00e5ngfald. Denna g\u00e5ng samlas v\u00e4rldens ledare i Kunming, Kina. Konferensen \u00e4r vanligtvis vartannat \u00e5r, men p\u00e5 grund av COVID-19 s\u00e5 har den flyttats fram fyra g\u00e5nger. Den senaste, COP14, h\u00f6lls 2018.<\/p>\n\n<p><strong>\u00c5rets konferens om biologisk m\u00e5ngfald \u00e4r den viktigaste hittills. <\/strong>Var tionde \u00e5r samlas v\u00e4rldens ledare f\u00f6r att s\u00e4tta ett ramverk f\u00f6r de kommande tio \u00e5ren, och det ska best\u00e4mmas under COP15 \u2013 vilket s\u00e4tter tonen f\u00f6r de viktiga \u00e5ren fram till 2030.<\/p>\n\n<p>Det h\u00e4r \u00e4r en viktig m\u00f6jlighet att f\u00e5 ett globalt skydd f\u00f6r vilda djur och biologisk m\u00e5ngfald. Och de beslut som tas kommer att f\u00e5 stor betydelse f\u00f6r allt liv p\u00e5 jorden, \u00e4ven oss m\u00e4nniskor.<\/p>\n\n<p><strong>Lite mer bakgrund:&nbsp;<\/strong><\/p>\n\n<ul class=\"wp-block-list\">\n<li>COP f\u00f6r biologisk m\u00e5ngfald (\u00c4ven kallad CBD) \u00e4r en konferens som ratificerats av 196 regeringar runt om i v\u00e4rlden.&nbsp;<\/li>\n\n\n\n<li>Dess m\u00e5l \u00e4r att uppr\u00e4tth\u00e5lla v\u00e4rldens ekologi.&nbsp;<\/li>\n\n\n\n<li>CBD uppstod samtidigt som FN:s klimatkonvention vid Rio Earth Summit 1992.<\/li>\n<\/ul>\n\n<h2 class=\"wp-block-heading\"><strong>Varf\u00f6r \u00e4r COP15 i Kunming viktigt?<\/strong><\/h2>\n\n<p>Den snabba f\u00f6rlusten av <a href=\"https:\/\/www.greenpeace.org\/sweden\/nyheter\/49699\/biologisk-mangfald\/\" target=\"_blank\" rel=\"noreferrer noopener\">biologisk m\u00e5ngfald<\/a>, \u00e4r tillsammans med klimatf\u00f6r\u00e4ndringarna, det st\u00f6rsta hotet mot allt levande p\u00e5 v\u00e5r planet. Idag \u00e4r bara <strong>15 % av v\u00e4rldens skogar <\/strong>intakta, och bara <strong>3 % av v\u00e4rldens hav<\/strong> \u00e4r fria fr\u00e5n trycket av m\u00e4nsklig exploatering.<\/p>\n\n<figure class=\"wp-block-image size-full\"><img loading=\"lazy\" decoding=\"async\" width=\"1024\" height=\"683\" src=\"https:\/\/www.greenpeace.org\/static\/planet4-sweden-stateless\/2022\/04\/4efa432f-gp0stsl7w_medium_res-1024x683-1.jpeg\" alt=\"\" class=\"wp-image-51565\" srcset=\"https:\/\/www.greenpeace.org\/static\/planet4-sweden-stateless\/2022\/04\/4efa432f-gp0stsl7w_medium_res-1024x683-1.jpeg 1024w, https:\/\/www.greenpeace.org\/static\/planet4-sweden-stateless\/2022\/04\/4efa432f-gp0stsl7w_medium_res-1024x683-1-300x200.jpeg 300w, https:\/\/www.greenpeace.org\/static\/planet4-sweden-stateless\/2022\/04\/4efa432f-gp0stsl7w_medium_res-1024x683-1-768x512.jpeg 768w, https:\/\/www.greenpeace.org\/static\/planet4-sweden-stateless\/2022\/04\/4efa432f-gp0stsl7w_medium_res-1024x683-1-510x340.jpeg 510w\" sizes=\"auto, (max-width: 1024px) 100vw, 1024px\" \/><figcaption class=\"wp-element-caption\">I Amazonas har sk\u00f6vlingen \u00f6kat med 64 % j\u00e4mf\u00f6rt med f\u00f6rra \u00e5ret, vilket motsvarar en sk\u00f6vlad yta lika stor som 15 Manhattan. \u00a9 Daniel Beltr\u00e1 \/ Greenpeace<\/figcaption><\/figure>\n\n<p>Forskare har j\u00e4mf\u00f6rt den snabba f\u00f6rlusten av biologisk m\u00e5ngfald med det historiska massutd\u00f6endet som utpl\u00e5nade dinosaurierna. Men den h\u00e4r g\u00e5ngen \u00e4r det inte en meteorit som orsakar massutd\u00f6endet, utan vi m\u00e4nniskor.<\/p>\n\n<p>Det har orsakats av v\u00e5r exploatering p\u00e5 land och i hav, f\u00f6roreningar och <a href=\"https:\/\/eco-act.com\/climate-change\/ipcc-ipbes-climate-change-biodiversity\/#:~:text=The%20IPCC%20and%20the%20IPBES%20clearly%20warn%20that%20reducing%20emissions,effective%20climate%20change%20mitigation%20options.\" target=\"_blank\" rel=\"noreferrer noopener\">klimatf\u00f6r\u00e4ndringar<\/a>. Nu hotas omkring <a href=\"https:\/\/ipbes.net\/news\/Media-Release-Global-Assessment\" target=\"_blank\" rel=\"noreferrer noopener\">en miljon<\/a> djur- och v\u00e4xtarters, vilket \u00e4r mer \u00e4n n\u00e5gon annan g\u00e5ng i m\u00e4nsklighetens historia.<\/p>\n\n<p>Om utvecklingen forts\u00e4tter s\u00e5 kommer det \u00f6ka risken f\u00f6r \u00e4nnu fler massutd\u00f6enden och p\u00e5verka ekosystemtj\u00e4nster som f\u00f6rser oss med vatten, livsmedel, medicin och skydd mot nya pandemier.<br><br><strong>COP15 i Kunming \u00e4r v\u00e5r b\u00e4sta chans<\/strong> att stoppa <a href=\"https:\/\/www.greenpeace.org\/sweden\/nyheter\/50147\/det-sjatte-massutdoendet\/\" target=\"_blank\" rel=\"noreferrer noopener\">massutd\u00f6ende<\/a> p\u00e5 en global skala, innan arter och ekosystem f\u00f6rsvinner bortom v\u00e5r kontroll.<\/p>\n\n<h2 class=\"wp-block-heading\"><strong>Vad beh\u00f6ver regeringar g\u00f6ra under COP15?<\/strong><\/h2>\n\n<p>COP15 \u00e4r en viktig m\u00f6jlighet f\u00f6r regeringar att forma en ny, h\u00e5llbar relation med naturen. F\u00f6r att lyckas beh\u00f6ver vi f\u00e5 igenom dessa m\u00e5l:<\/p>\n\n<ul class=\"wp-block-list\">\n<li>Ett globalt skydd<strong> <\/strong>f\u00f6r<strong> <\/strong>minst 30 % av land och hav till senast 2030<\/li>\n\n\n\n<li>Erk\u00e4nnande av urfolkens och lokalsamh\u00e4llens r\u00e4ttigheter, och g\u00f6ra det m\u00f6jligt f\u00f6r dem att vara beslutsfattare och en partner f\u00f6r skydd av biologisk m\u00e5ngfald och ekosystem.<\/li>\n\n\n\n<li>Tydliga planer f\u00f6r hur besluten ska finansieras och genomf\u00f6ras<\/li>\n<\/ul>\n\n<figure class=\"wp-block-image size-full\"><img loading=\"lazy\" decoding=\"async\" width=\"800\" height=\"533\" src=\"https:\/\/www.greenpeace.org\/static\/planet4-sweden-stateless\/2022\/04\/2816f868-gp1sx1o5_web_size_with_credit_line.jpg\" alt=\"\" class=\"wp-image-51566\" srcset=\"https:\/\/www.greenpeace.org\/static\/planet4-sweden-stateless\/2022\/04\/2816f868-gp1sx1o5_web_size_with_credit_line.jpg 800w, https:\/\/www.greenpeace.org\/static\/planet4-sweden-stateless\/2022\/04\/2816f868-gp1sx1o5_web_size_with_credit_line-300x200.jpg 300w, https:\/\/www.greenpeace.org\/static\/planet4-sweden-stateless\/2022\/04\/2816f868-gp1sx1o5_web_size_with_credit_line-768x512.jpg 768w, https:\/\/www.greenpeace.org\/static\/planet4-sweden-stateless\/2022\/04\/2816f868-gp1sx1o5_web_size_with_credit_line-510x340.jpg 510w\" sizes=\"auto, (max-width: 800px) 100vw, 800px\" \/><figcaption class=\"wp-element-caption\">Miljontals m\u00e4nniskor har runt om i v\u00e4rlden demonstrerat f\u00f6r att v\u00e4rldens ledare ska lyssna p\u00e5 forskare och agera d\u00e4refter.<\/figcaption><\/figure>\n\n<p>Ett skydd av 30 % av land och hav kommer att inneb\u00e4ra \u00f6kade r\u00e4ttigheter f\u00f6r urfolk och lokalsamh\u00e4llen. Men detta kommer inte att bli verklighet utan tydlig planer f\u00f6r finansiering<strong> <\/strong>och genomf\u00f6rande.<br><br>D\u00e4rf\u00f6r \u00e4r det viktigt att regeringarna g\u00e5r ifr\u00e5n COP15 i september med tydliga globala m\u00e5l f\u00f6r <strong>vart <\/strong>vi ska, och <strong>hur<\/strong> vi kommer dit.<\/p>\n\n<h2 class=\"wp-block-heading\"><strong>Vad g\u00f6r Greenpeace?<\/strong><\/h2>\n\n<p>Greenpeace kommer att n\u00e4rvara p\u00e5 konferensen eftersom att det \u00e4r viktigt att ha experter vid f\u00f6rhandlingsbordet. Vi kommer att observera, bidra och pressa ledarna att s\u00e4tta ett ambiti\u00f6st ramverk.<\/p>\n\n<p>Vi kr\u00e4ver ut\u00f6kade r\u00e4ttigheter f\u00f6r urfolk och lokalsamh\u00e4llen \u2013 vilket \u00e4ven inkluderar landr\u00e4ttigheter. Och vi kommer pressa v\u00e4rldens ledare f\u00f6r globalt skyddade omr\u00e5den som motsvarar minst 30 % av land och hav senast 2030, samt ligga p\u00e5 f\u00f6r tydliga planer om hur ett ambiti\u00f6st ramverk ska finansieras och genomf\u00f6ras.<\/p>\n\n<p>Greenpeace kommer delta p\u00e5 b\u00e5de COP15 och dess inf\u00f6r-m\u00f6ten eftersom detta \u00e4r en avg\u00f6rande m\u00f6jlighet, i en avg\u00f6rande tid, f\u00f6r att skydda och \u00e5terst\u00e4lla jordens natur.<\/p>\n\n<figure class=\"wp-block-image size-full\"><img loading=\"lazy\" decoding=\"async\" width=\"1024\" height=\"684\" src=\"https:\/\/www.greenpeace.org\/static\/planet4-sweden-stateless\/2022\/04\/c3415fa9-gp0stpayw-1024x684-1.jpeg\" alt=\"\" class=\"wp-image-51567\" srcset=\"https:\/\/www.greenpeace.org\/static\/planet4-sweden-stateless\/2022\/04\/c3415fa9-gp0stpayw-1024x684-1.jpeg 1024w, https:\/\/www.greenpeace.org\/static\/planet4-sweden-stateless\/2022\/04\/c3415fa9-gp0stpayw-1024x684-1-300x200.jpeg 300w, https:\/\/www.greenpeace.org\/static\/planet4-sweden-stateless\/2022\/04\/c3415fa9-gp0stpayw-1024x684-1-768x513.jpeg 768w, https:\/\/www.greenpeace.org\/static\/planet4-sweden-stateless\/2022\/04\/c3415fa9-gp0stpayw-1024x684-1-510x340.jpeg 510w\" sizes=\"auto, (max-width: 1024px) 100vw, 1024px\" \/><figcaption class=\"wp-element-caption\">N\u00e4r FN:s v\u00e4rldsskogskongress skulle b\u00f6rja i Durban, s\u00e5 uppmanade aktivister fr\u00e5n Greenpeace att delegaterna skulle agera f\u00f6r att skydda Kongob\u00e4ckenets regnskog. \u00a9 Mujahid Safodien \/ Greenpeace<\/figcaption><\/figure>\n\n<h2 class=\"wp-block-heading\"><strong>Vad h\u00e4nder nu?<\/strong><\/h2>\n\n<p>Det har hittills h\u00e5llits tre m\u00f6te av f\u00f6rhandlingar inf\u00f6r COP15, det senaste i mars 2022 som resulterade i fler fr\u00e5gor \u00e4n svar. N\u00e4r f\u00f6rhandlarna l\u00e4mnade m\u00f6tet s\u00e5 kunde de endast enas om att boka in ett fj\u00e4rde m\u00f6te som kommer att h\u00e5llas i Nairobi, Kenya.<\/p>\n\n<p>Vi hoppas att m\u00f6tet i Gen\u00e9ve lyckades \u00e5terskapa f\u00f6rtroendet mellan parterna, s\u00e5 att vi kan se p\u00e5litliga framsteg i Nairobi, vilket kommer att vara viktigt f\u00f6r att f\u00e5 igenom ett ambiti\u00f6st globalt ramverk under COP15 senare i h\u00f6st.<\/p>\n\n<figure class=\"wp-block-image size-full\"><a href=\"https:\/\/stod.greenpeace.org\/d\/manadsgivare\" target=\"_blank\" rel=\"noopener\"><img loading=\"lazy\" decoding=\"async\" width=\"800\" height=\"533\" src=\"https:\/\/www.greenpeace.org\/static\/planet4-sweden-stateless\/2022\/04\/cc859774-sko\u0308ldpadda.jpg\" alt=\"\" class=\"wp-image-51575\" srcset=\"https:\/\/www.greenpeace.org\/static\/planet4-sweden-stateless\/2022\/04\/cc859774-sko\u0308ldpadda.jpg 800w, https:\/\/www.greenpeace.org\/static\/planet4-sweden-stateless\/2022\/04\/cc859774-sko\u0308ldpadda-300x200.jpg 300w, https:\/\/www.greenpeace.org\/static\/planet4-sweden-stateless\/2022\/04\/cc859774-sko\u0308ldpadda-768x512.jpg 768w, https:\/\/www.greenpeace.org\/static\/planet4-sweden-stateless\/2022\/04\/cc859774-sko\u0308ldpadda-510x340.jpg 510w\" sizes=\"auto, (max-width: 800px) 100vw, 800px\" \/><\/a><figcaption class=\"wp-element-caption\">COP15 kan avg\u00f6ra \u00f6det f\u00f6r jordens biologiska m\u00e5ngfald \u2013 du kan st\u00f6tta Greenpeace arbete f\u00f6r naturen <strong>genom att bli m\u00e5nadsgivare.<\/strong><\/figcaption><\/figure>\n\n<h2 class=\"wp-block-heading\"><strong>St\u00f6d v\u00e5rt arbete \u2013 bli m\u00e5nadsgivare<\/strong><\/h2>\n\n<p>Vi m\u00e4nniskor har orsakat den snabba f\u00f6rlusten av biologisk m\u00e5ngfald som hotar allt liv p\u00e5 jorden, och riskerar att f\u00f6rv\u00e4rra klimatkrisen.<\/p>\n\n<p>Men \u2013 den biologiska m\u00e5ngfalden g\u00e5r att r\u00e4dda. Det g\u00e5r att stoppa sk\u00f6vlingen, det g\u00e5r att stoppa \u00f6verexploateringen av v\u00e5ra hav och det g\u00e5r att ge naturen en chans att \u00e5terh\u00e4mta sig.<\/p>\n\n<p>F\u00f6r att lyckas s\u00e5 beh\u00f6ver vi ett <strong>Parisavtal f\u00f6r<\/strong> <strong>biologisk m\u00e5ngfald<\/strong> som skyddar minst 30 % av land och hav till senast 2030.<\/p>\n\n<p>Under klimattoppm\u00f6tet COP15 i Frankrike s\u00e5 hade Greenpeace en nyckelroll. Genom kunskap och forskning s\u00e5 bidrog vi till att v\u00e4rldens ledare skrev p\u00e5 Parisavtalet \u2013 en global \u00f6verenskommelse om att bromsa den globala uppv\u00e4rmningen till 1,5 \u00b0C.<\/p>\n\n<p>Det var en otrolig framg\u00e5ng f\u00f6r klimatet, och nu k\u00e4mpar vi f\u00f6r att lyckas med att n\u00e5 lika stor framg\u00e5ng f\u00f6r biologisk m\u00e5ngfald. Vi g\u00f6r det genom forskning, genom att avsl\u00f6ja f\u00f6retag som beg\u00e5r milj\u00f6brott och genom aktioner som pressar v\u00e4rldens ledare till handling.<\/p>\n\n<p><strong>Nu vill vi be dig om hj\u00e4lp. <\/strong>Det \u00e4r ett stort jobb, och f\u00f6r att kunna vara en oberoende r\u00f6st f\u00f6r v\u00e5r planet s\u00e5 tar vi inte emot pengar fr\u00e5n f\u00f6retag. <strong>D\u00e4rf\u00f6r \u00e4r st\u00f6det fr\u00e5n engagerade medborgare som dig helt avg\u00f6rande<\/strong>.<\/p>\n\n<p>Vill du g\u00f6ra skillnad? Bli m\u00e5nadsgivare \u2013 tillsammans kan vi skapa en b\u00e4ttre och mer h\u00e5llbar v\u00e4rld f\u00f6r oss och framtida generationer.<\/p>\n\n<p>Tack f\u00f6r att du \u00e4r med oss.<\/p>\n\n<div class=\"wp-block-buttons is-content-justification-center is-layout-flex wp-container-core-buttons-is-layout-16018d1d wp-block-buttons-is-layout-flex\">\n<div class=\"wp-block-button is-style-cta\"><a class=\"wp-block-button__link wp-element-button\" href=\"https:\/\/stod.greenpeace.org\/d\/manadsgivare\" target=\"_blank\" rel=\"noreferrer noopener\">ST\u00d6D OSS<\/a><\/div>\n<\/div>\n","protected":false},"excerpt":{"rendered":"<p>I mars 2022 inleds FN-konferensen COP15 \u2013 ett m\u00f6te som kommer att f\u00e5 avg\u00f6rande betydelse f\u00f6r den biologiska m\u00e5ngfalden p\u00e5 jorden. Greenpeace kommer att n\u00e4rvara p\u00e5 COP15 och vi k\u00e4mpar f\u00f6r att f\u00e5 ett Parisavtal f\u00f6r biologisk m\u00e5ngfald.<\/p>\n","protected":false},"author":84,"featured_media":51564,"comment_status":"closed","ping_status":"closed","sticky":false,"template":"","format":"standard","meta":{"ep_exclude_from_search":false,"p4_og_title":"","p4_og_description":"","p4_og_image":"","p4_og_image_id":"","p4_seo_canonical_url":"","p4_campaign_name":"not set","p4_local_project":"not set","p4_basket_name":"not set","p4_department":"","footnotes":""},"categories":[2],"tags":[40,54],"p4-page-type":[16],"class_list":["post-51563","post","type-post","status-publish","format-standard","has-post-thumbnail","hentry","category-klimat","tag-biodiversitet","tag-parisavtalet","p4-page-type-artiklar"],"_links":{"self":[{"href":"https:\/\/www.greenpeace.org\/sweden\/wp-json\/wp\/v2\/posts\/51563","targetHints":{"allow":["GET"]}}],"collection":[{"href":"https:\/\/www.greenpeace.org\/sweden\/wp-json\/wp\/v2\/posts"}],"about":[{"href":"https:\/\/www.greenpeace.org\/sweden\/wp-json\/wp\/v2\/types\/post"}],"author":[{"embeddable":true,"href":"https:\/\/www.greenpeace.org\/sweden\/wp-json\/wp\/v2\/users\/84"}],"replies":[{"embeddable":true,"href":"https:\/\/www.greenpeace.org\/sweden\/wp-json\/wp\/v2\/comments?post=51563"}],"version-history":[{"count":8,"href":"https:\/\/www.greenpeace.org\/sweden\/wp-json\/wp\/v2\/posts\/51563\/revisions"}],"predecessor-version":[{"id":54406,"href":"https:\/\/www.greenpeace.org\/sweden\/wp-json\/wp\/v2\/posts\/51563\/revisions\/54406"}],"wp:featuredmedia":[{"embeddable":true,"href":"https:\/\/www.greenpeace.org\/sweden\/wp-json\/wp\/v2\/media\/51564"}],"wp:attachment":[{"href":"https:\/\/www.greenpeace.org\/sweden\/wp-json\/wp\/v2\/media?parent=51563"}],"wp:term":[{"taxonomy":"category","embeddable":true,"href":"https:\/\/www.greenpeace.org\/sweden\/wp-json\/wp\/v2\/categories?post=51563"},{"taxonomy":"post_tag","embeddable":true,"href":"https:\/\/www.greenpeace.org\/sweden\/wp-json\/wp\/v2\/tags?post=51563"},{"taxonomy":"p4-page-type","embeddable":true,"href":"https:\/\/www.greenpeace.org\/sweden\/wp-json\/wp\/v2\/p4-page-type?post=51563"}],"curies":[{"name":"wp","href":"https:\/\/api.w.org\/{rel}","templated":true}]}}