{"id":51789,"date":"2022-05-24T13:40:06","date_gmt":"2022-05-24T12:40:06","guid":{"rendered":"https:\/\/www.greenpeace.org\/sweden\/?p=51789"},"modified":"2023-02-17T10:40:06","modified_gmt":"2023-02-17T09:40:06","slug":"stockholm-50-vad-har-egentligen-hant-pa-50-ar","status":"publish","type":"post","link":"https:\/\/www.greenpeace.org\/sweden\/artiklar\/klimat\/stockholm-50-vad-har-egentligen-hant-pa-50-ar\/","title":{"rendered":"Stockholm +50 &#8211; Vad har egentligen h\u00e4nt p\u00e5 50 \u00e5r?"},"content":{"rendered":"\n<p><strong>F\u00f6r ganska exakt 50 \u00e5r sedan samlades v\u00e4rldens ledare p\u00e5 FNs f\u00f6rsta internationella konferens om m\u00e4nniskans milj\u00f6, \u00e4ven kallad Stockholmskonferensen 1972. Den 2-3 juni i \u00e5r samlas \u00e5terigen ledare fr\u00e5n hela v\u00e4rlden i Stockholm f\u00f6r att uppm\u00e4rksamma 50-\u00e5rsjubil\u00e9et av v\u00e4rldens f\u00f6rsta milj\u00f6- och klimatkonferens. De ska prata om tillst\u00e5ndet f\u00f6r klimatet och milj\u00f6n under temat <em>\u201cEn h\u00e4lsosam planet f\u00f6r allas v\u00e4lst\u00e5nd \u2013 V\u00e5rt ansvar, v\u00e5r m\u00f6jlighet\u201d.<\/em><\/strong><\/p>\n\n<figure class=\"wp-block-image size-large\"><img loading=\"lazy\" decoding=\"async\" width=\"1024\" height=\"753\" src=\"https:\/\/www.greenpeace.org\/static\/planet4-sweden-stateless\/2022\/05\/c8630e23-stockholm72-opening-1024x753.jpeg\" alt=\"\" class=\"wp-image-51791\" srcset=\"https:\/\/www.greenpeace.org\/static\/planet4-sweden-stateless\/2022\/05\/c8630e23-stockholm72-opening-1024x753.jpeg 1024w, https:\/\/www.greenpeace.org\/static\/planet4-sweden-stateless\/2022\/05\/c8630e23-stockholm72-opening-300x221.jpeg 300w, https:\/\/www.greenpeace.org\/static\/planet4-sweden-stateless\/2022\/05\/c8630e23-stockholm72-opening-768x565.jpeg 768w, https:\/\/www.greenpeace.org\/static\/planet4-sweden-stateless\/2022\/05\/c8630e23-stockholm72-opening-462x340.jpeg 462w, https:\/\/www.greenpeace.org\/static\/planet4-sweden-stateless\/2022\/05\/c8630e23-stockholm72-opening.jpeg 1280w\" sizes=\"auto, (max-width: 1024px) 100vw, 1024px\" \/><figcaption class=\"wp-element-caption\">(Photo Credit: UN Photo\/Yutaka Nagata)<\/figcaption><\/figure>\n\n<p><strong>Redan f\u00f6r 50 \u00e5r sedan<\/strong> v\u00e4cktes en global medvetenhet om vilken milj\u00f6kris vi f\u00f6rsatt planeten i. Radioaktiv str\u00e5lning, f\u00f6roreningar och massf\u00f6rst\u00f6relse av ekosystem \u00e4r n\u00e5gra exempel p\u00e5 vad man b\u00f6rjade se redan d\u00e5.<\/p>\n\n<p>M\u00e4nniskors oro n\u00e5dde \u00e4nda upp till FN:s generalf\u00f6rsamling och man ins\u00e5g att det fanns ett stort behov av ett internationellt samarbete i milj\u00f6fr\u00e5gor. P\u00e5 initiativ av den svenska delegationen sammankallades den f\u00f6rsta FN-konferensen om m\u00e4nsklig milj\u00f6.<\/p>\n\n<h3 class=\"wp-block-heading\">Only one earth<\/h3>\n\n<p>Den 5-16 juni 1972 m\u00f6ttes 114 globala ledare under parollen \u201cOnly one Earth\u201d i Stockholm f\u00f6r att komma \u00f6verens om grunderna f\u00f6r framtidens milj\u00f6arbete. Under konferensen etablerades grundl\u00e4ggande v\u00e4rderingar i det internationella milj\u00f6arbetet bland annat ett embryo till det som senare blev v\u00e5ra nationella milj\u00f6m\u00e5l, d\u00e4ribland m\u00e5let <a href=\"https:\/\/www.sverigesmiljomal.se\/miljomalen\/levande-skogar\/\" target=\"_blank\" rel=\"noreferrer noopener\">\u201cLevande Skogar\u201d<\/a>. Det viktigaste dokumentet fr\u00e5n Stockholms milj\u00f6konferens var den s\u00e5 kallade Stockholmsdeklarationen, med syfte att inspirera och v\u00e4gleda v\u00e4rldens folk i bevarandet och f\u00f6rb\u00e4ttringen av den m\u00e4nskliga milj\u00f6n.&nbsp;<\/p>\n\n<p>Konferensen s\u00e5gs som ikonisk inom den moderna milj\u00f6r\u00f6relsen och v\u00e4ckte ett stort folkligt intresse och medborgardeltagande. F\u00f6rutom globala ledare reste \u00e4ven aktivister fr\u00e5n hela v\u00e4rlden till Sverige och samlades, i en f\u00f6r milj\u00f6r\u00f6relsen aldrig tidigare sk\u00e5dad, global enighet och m\u00e5ngfald.<\/p>\n\n<h3 class=\"wp-block-heading\">Idag, 50 \u00e5r senare<\/h3>\n\n<p>Den 2-3 juni 2022 samlas \u00e5terigen ledare fr\u00e5n hela v\u00e4rlden i Stockholm f\u00f6r att fira 50-\u00e5rsjubil\u00e9et av v\u00e4rldens f\u00f6rsta milj\u00f6- och klimatkonferens och f\u00f6r att prata om klimatet under temat<em> \u201cEn h\u00e4lsosam planet f\u00f6r allas v\u00e4lst\u00e5nd \u2013 V\u00e5rt ansvar, v\u00e5r m\u00f6jlighet\u201d. <\/em>N\u00e4r Sveriges huvudstad nu s\u00e4tts p\u00e5 kartan \u00f6nskar man att det vore n\u00e5got att kunna stoltsera med.&nbsp;<\/p>\n\n<p><strong>Men vad har egentligen h\u00e4nt under dessa 50 \u00e5r? <\/strong>Tyv\u00e4rr inte s\u00e5 mycket vi kan vara stolta \u00f6ver.<\/p>\n\n<p>Vi forts\u00e4tter \u00f6verexploatera naturen och nu med \u00e4nnu h\u00f6gre intensitet. I Sverige har vi de senaste 33 \u00e5r avverkat en femtedel av all v\u00e5r skog och sedan 2015 har avverknings intensiteten till och med \u00f6kat. Vi har 60% mindre naturskog och vi f\u00f6rst\u00f6r marken genom markberedning. Tunga maskiner trycker ihop jorden och g\u00f6r den syrefattig och nya tr\u00e4d och v\u00e4xter kan inte tr\u00e4nga igenom med sina r\u00f6tter.&nbsp;<\/p>\n\n<p>P\u00e5 50 \u00e5r har vi uppn\u00e5tt ett skydd p\u00e5 4% av den produktiva skogsmarken. Enligt forskarna beh\u00f6ver minst 30% av v\u00e5ra ekosystem skyddas, ett m\u00e5l som \u00e4ven EU enats om att n\u00e5 till 2030. <strong>Om vi forts\u00e4tter i den h\u00e4r takten har vi uppn\u00e5tt det m\u00e5let om 375 \u00e5r. <\/strong><br><strong>Det \u00e4r tid vi inte har.&nbsp;<\/strong><\/p>\n\n<p>Utsl\u00e4ppen forts\u00e4tter ocks\u00e5 att fylla atmosf\u00e4ren med koldioxid, trots att effekterna av klimatf\u00f6r\u00e4ndringarna varit k\u00e4nda l\u00e4nge. Om de biogena utsl\u00e4ppen r\u00e4knas in s\u00e5 sl\u00e4ppte vi, inom Sveriges gr\u00e4nser, \u00e5r<a href=\"https:\/\/www.etc.se\/klimat-miljo\/vaexthusgasutslaeppen-stoerre-idag-aen-1990-bi5k0j8g\" target=\"_blank\" rel=\"noreferrer noopener\"> 2020 ut mer koldioxid till atmosf\u00e4ren \u00e4n 1990<\/a>.<\/p>\n\n<p><strong>I Stockholmsdeklarationen fr\u00e5n 1972 kan man l\u00e4sa f\u00f6ljande:<\/strong><br><em>\u201cEn punkt har n\u00e5tts i historien d\u00e5 vi m\u00e5ste forma v\u00e5ra handlingar \u00f6ver hela v\u00e4rlden med en mer f\u00f6rsiktig omsorg om deras milj\u00f6konsekvenser. Genom okunnighet eller likgiltighet kan vi g\u00f6ra massiv och o\u00e5terkallelig skada p\u00e5 den jordiska milj\u00f6n som v\u00e5rt liv och v\u00e5rt v\u00e4lbefinnande \u00e4r beroende av.\u201d<\/em><\/p>\n\n<p>Redan f\u00f6r 50 \u00e5r sedan visste vi allts\u00e5 att v\u00e5ra handlingar kunde skapa o\u00e5terkallelig skada p\u00e5 v\u00e5r milj\u00f6 \u2013 <strong>S\u00e5 varf\u00f6r har det inte h\u00e4nt mer sen dess?<\/strong><\/p>\n","protected":false},"excerpt":{"rendered":"<p>1972 h\u00f6ll FN sin f\u00f6rsta internationella konferens om m\u00e4nniskans milj\u00f6. Redan d\u00e5 visste vi att v\u00e5ra handlingar kunde skapa o\u00e5terkallelig skada p\u00e5 v\u00e5r milj\u00f6 \u2013 S\u00e5 varf\u00f6r har det inte h\u00e4nt mer sen dess?<\/p>\n","protected":false},"author":67,"featured_media":51791,"comment_status":"closed","ping_status":"open","sticky":false,"template":"","format":"standard","meta":{"ep_exclude_from_search":false,"p4_og_title":"","p4_og_description":"","p4_og_image":"","p4_og_image_id":"","p4_seo_canonical_url":"","p4_campaign_name":"not set","p4_local_project":"not set","p4_basket_name":"not set","p4_department":"","footnotes":""},"categories":[2],"tags":[23,53],"p4-page-type":[16],"class_list":["post-51789","post","type-post","status-publish","format-standard","has-post-thumbnail","hentry","category-klimat","tag-globaluppvarmning","tag-svenskpolitik","p4-page-type-artiklar"],"_links":{"self":[{"href":"https:\/\/www.greenpeace.org\/sweden\/wp-json\/wp\/v2\/posts\/51789","targetHints":{"allow":["GET"]}}],"collection":[{"href":"https:\/\/www.greenpeace.org\/sweden\/wp-json\/wp\/v2\/posts"}],"about":[{"href":"https:\/\/www.greenpeace.org\/sweden\/wp-json\/wp\/v2\/types\/post"}],"author":[{"embeddable":true,"href":"https:\/\/www.greenpeace.org\/sweden\/wp-json\/wp\/v2\/users\/67"}],"replies":[{"embeddable":true,"href":"https:\/\/www.greenpeace.org\/sweden\/wp-json\/wp\/v2\/comments?post=51789"}],"version-history":[{"count":7,"href":"https:\/\/www.greenpeace.org\/sweden\/wp-json\/wp\/v2\/posts\/51789\/revisions"}],"predecessor-version":[{"id":54447,"href":"https:\/\/www.greenpeace.org\/sweden\/wp-json\/wp\/v2\/posts\/51789\/revisions\/54447"}],"wp:featuredmedia":[{"embeddable":true,"href":"https:\/\/www.greenpeace.org\/sweden\/wp-json\/wp\/v2\/media\/51791"}],"wp:attachment":[{"href":"https:\/\/www.greenpeace.org\/sweden\/wp-json\/wp\/v2\/media?parent=51789"}],"wp:term":[{"taxonomy":"category","embeddable":true,"href":"https:\/\/www.greenpeace.org\/sweden\/wp-json\/wp\/v2\/categories?post=51789"},{"taxonomy":"post_tag","embeddable":true,"href":"https:\/\/www.greenpeace.org\/sweden\/wp-json\/wp\/v2\/tags?post=51789"},{"taxonomy":"p4-page-type","embeddable":true,"href":"https:\/\/www.greenpeace.org\/sweden\/wp-json\/wp\/v2\/p4-page-type?post=51789"}],"curies":[{"name":"wp","href":"https:\/\/api.w.org\/{rel}","templated":true}]}}