{"id":51943,"date":"2022-06-08T11:31:42","date_gmt":"2022-06-08T10:31:42","guid":{"rendered":"https:\/\/www.greenpeace.org\/sweden\/?p=51943"},"modified":"2025-04-09T17:47:46","modified_gmt":"2025-04-09T16:47:46","slug":"greenpeace-i-almedalen-2022","status":"publish","type":"post","link":"https:\/\/www.greenpeace.org\/sweden\/artiklar\/greenpeace\/greenpeace-i-almedalen-2022\/","title":{"rendered":"Greenpeace i Almedalen 2022"},"content":{"rendered":"\n<p>Flera av oss som jobbar p\u00e5 Greenpeace kommer vara i Almedalen i \u00e5r. V\u00e4lkommen att kontakta oss om du \u00e4r intresserad av att ha med oss p\u00e5 n\u00e5got.&nbsp;I m\u00e5n av tid deltar vi g\u00e4rna i paneler och seminarier etc. Nedan ser du vilka som kommer p\u00e5 plats samt n\u00e5gra av de \u00e4mnen som varje person \u00e4r speciellt kunnig inom och d\u00e4r vi kan bidra med intressanta perspektiv fr\u00e5n civilsamh\u00e4llet, milj\u00f6- och fredsr\u00f6relsen. <\/p>\n\n<p>Vi kommer \u00e4ven h\u00e5lla ett flertal samtalskv\u00e4llar om de systemomst\u00e4llningar som beh\u00f6vs f\u00f6r att m\u00f6ta klimat- och naturkriserna ombord segelb\u00e5ten Flykt i Visby hamn. \u00c4r du intresserad av djuplodande diskussioner om ekonomisk systemomst\u00e4llning, hur ett b\u00e4ttre samh\u00e4lle inom planet\u00e4ra och sociala gr\u00e4nser ser ut, tveka inte att h\u00f6r av dig. Vi \u00e4r \u00f6ppna f\u00f6r alla olika typer av samarbeten och gemensamt utforskande kring de stora fr\u00e5gorna.&nbsp;&nbsp;<\/p>\n\n<figure class=\"wp-block-image size-full is-resized is-style-rounded-180\"><img loading=\"lazy\" decoding=\"async\" src=\"https:\/\/www.greenpeace.org\/static\/planet4-sweden-stateless\/2022\/06\/88210975-220518_erikabjureby_290-600-px.jpg\" alt=\"\" class=\"wp-image-51956\" width=\"180\" height=\"180\"\/><\/figure>\n\n<p><strong>Erika Bjureby, Sverigechef<\/strong><br><strong>I Almedalen:<\/strong> S\u00f6ndag till torsdag<br><strong>Pratar g\u00e4rna om<\/strong>: Framtidens skogsbruk i Sverige, \u00f6vertron p\u00e5 biobr\u00e4nslen och deras fallgropar, hur vi i Europa kan sluta driva p\u00e5 regnskogssk\u00f6vlingen i Amazonas och Indonesien, fr\u00e5gor som r\u00f6r ursprungsbefolkningar och r\u00e4ttvisa samt Greenpeace och milj\u00f6r\u00f6relsens roll i klimatomst\u00e4llningen.<br><a href=\"mailto:erika.bjureby@greenpeace.org\">erika.bjureby@greenpeace.org<br><\/a>079-319 10 54<\/p>\n\n<figure class=\"wp-block-image size-full is-resized is-style-rounded-180\"><img loading=\"lazy\" decoding=\"async\" src=\"https:\/\/www.greenpeace.org\/static\/planet4-sweden-stateless\/2020\/11\/e7b64f24-isadora.wronski.png\" alt=\"\" class=\"wp-image-45245\" width=\"180\" height=\"180\" srcset=\"https:\/\/www.greenpeace.org\/static\/planet4-sweden-stateless\/2020\/11\/e7b64f24-isadora.wronski.png 728w, https:\/\/www.greenpeace.org\/static\/planet4-sweden-stateless\/2020\/11\/e7b64f24-isadora.wronski-300x300.png 300w, https:\/\/www.greenpeace.org\/static\/planet4-sweden-stateless\/2020\/11\/e7b64f24-isadora.wronski-150x150.png 150w, https:\/\/www.greenpeace.org\/static\/planet4-sweden-stateless\/2020\/11\/e7b64f24-isadora.wronski-340x340.png 340w\" sizes=\"auto, (max-width: 180px) 100vw, 180px\" \/><\/figure>\n\n<p><strong>Isadora Wronski, Senior strateg, systemomst\u00e4llning<\/strong><br><strong>I Almedalen:<\/strong> S\u00f6ndag till torsdag<br><strong>Pratar g\u00e4rna om<\/strong>: Systemomst\u00e4llning och <a href=\"https:\/\/www.greenpeace.org\/sweden\/bakgrund\/47432\/statsbudgeten-2022-en-mojlighet-till-visionart-politiskt-ledarskap\/\">hur ett samh\u00e4lle inom planet\u00e4ra och sociala gr\u00e4nserna kan se u<\/a>t, ekonomisk systemomst\u00e4llning, klimat, energi (energieffektivisering, f\u00f6rnybart, k\u00e4rnkraft, fossilenergi, bioenergi), biologisk m\u00e5ngfald, <a href=\"https:\/\/www.aktuellhallbarhet.se\/alla-nyheter\/debatt\/kriget-i-europa-kraver-att-vi-minskar-var-energi-och-resursanvandning\/\">kriget i Ukraina<\/a>, freds- och demokratifr\u00e5gor, civil olydnad, civilsamh\u00e4llets roll.<br><strong>Isadora kommer \u00e4ven att h\u00e5lla i samtalskv\u00e4llarna om systemomst\u00e4llning.<\/strong><br><a href=\"mailto:isadora.wronski@greenpeace.org\">isadora.wronski@greenpeace.org<\/a><br>070-301 25 34<\/p>\n\n<figure class=\"wp-block-image size-full\"><img loading=\"lazy\" decoding=\"async\" width=\"180\" height=\"180\" src=\"https:\/\/www.greenpeace.org\/static\/planet4-sweden-stateless\/2019\/11\/6abff218-rolf180x180_ny.png\" title=\"Rolf Lindahl\" alt=\"\" class=\"wp-image-4313\"\/><\/figure>\n\n<p><strong>Rolf Lindahl, Finans, banker och investeringar<\/strong><br><strong>I Almedalen:<\/strong> S\u00f6ndag till torsdag<br><strong>Pratar g\u00e4rna om:<\/strong> Vad banker och pensionsfonderna borde g\u00f6ra f\u00f6r att bidra till klimatomst\u00e4llningen, behovet av civil olydnad och varf\u00f6r k\u00e4rnkraft \u00e4r en falsk och irrelevant klimatl\u00f6sning.<br><a href=\"mailto:rolf.lindahl@greenpeace.org\">rolf.lindahl@greenpeace.org<\/a><br>070-397 58 70<\/p>\n\n<figure class=\"wp-block-image size-full is-resized\"><img loading=\"lazy\" decoding=\"async\" src=\"https:\/\/www.greenpeace.org\/static\/planet4-sweden-stateless\/2020\/07\/7c4beaf3-carl.schlyter-e1593682287997.png\" alt=\"\" class=\"wp-image-11829\" width=\"180\" height=\"180\"\/><\/figure>\n\n<p><strong>Carl Schlyter, Klimat och systemomst\u00e4llning<\/strong><br><strong>I Almedalen:<\/strong> S\u00f6ndag till torsdag<br><strong>Pratar g\u00e4rna om:<\/strong><br>Allt som handlar om <a href=\"https:\/\/www.greenpeace.org\/sweden\/agera\/greenpeace-podcast-systemskiftet\/\">st\u00f6rre systemskiften<\/a> f\u00f6r en b\u00e4ttre v\u00e4rld inom planetens gr\u00e4nser. Ekonomiska reformer f\u00f6r en ekonomi som leder r\u00e4tt, resilienta lokala samh\u00e4llen, om att s\u00e4tta resursperspektivet f\u00f6rst, samh\u00e4llelig cirkul\u00e4ret, tillr\u00e4cklighet och r\u00e4ttvisa i omst\u00e4llningen.<br><a href=\"mailto:carl.schlyter@greenpeace.org\">carl.schlyter@greenpeace.org<\/a><br>070-234 13 57<\/p>\n\n<figure class=\"wp-block-image size-full is-resized is-style-rounded-180\"><img loading=\"lazy\" decoding=\"async\" src=\"https:\/\/www.greenpeace.org\/static\/planet4-sweden-stateless\/2022\/06\/b3b1b536-220518_ludvigtillman_044-800px.jpg\" alt=\"\" class=\"wp-image-51953\" width=\"180\" height=\"180\"\/><\/figure>\n\n<p><strong>Ludvig Tillman, kommunikationsansvarig<\/strong><br><strong>I Almedalen:<\/strong> S\u00f6ndag till torsdag<br><strong>Pratar g\u00e4rna om: <\/strong>Civil olydnad och varf\u00f6r alla kan vara aktivister, hur klimatfr\u00e5gan aktualiserar m\u00e4nniskans f\u00f6rh\u00e5llande till naturen och varf\u00f6r vi beh\u00f6ver t\u00e4nka om h\u00e5llbarhetsbegreppet.<br><a href=\"mailto:ludvig.tillman@greenpeace.org\">ludvig.tillman@greenpeace.org<br><\/a>070-271 64 37<\/p>\n","protected":false},"excerpt":{"rendered":"<p>Greenpeace kommer vara p\u00e5 plats Almedalen i \u00e5r. Vi deltar g\u00e4rna i paneler och seminarier etc. H\u00e4r ser du vilka som kommer p\u00e5 plats samt n\u00e5gra av de \u00e4mnen som varje person \u00e4r speciellt kunnig inom.<\/p>\n","protected":false},"author":40,"featured_media":51949,"comment_status":"closed","ping_status":"closed","sticky":false,"template":"","format":"standard","meta":{"ep_exclude_from_search":false,"p4_og_title":"","p4_og_description":"","p4_og_image":"","p4_og_image_id":"","p4_seo_canonical_url":"","p4_campaign_name":"not set","p4_local_project":"not set","p4_basket_name":"not set","p4_department":"","footnotes":""},"categories":[1],"tags":[13],"p4-page-type":[16],"class_list":["post-51943","post","type-post","status-publish","format-standard","has-post-thumbnail","hentry","category-greenpeace","tag-omgreenpeace","p4-page-type-artiklar"],"_links":{"self":[{"href":"https:\/\/www.greenpeace.org\/sweden\/wp-json\/wp\/v2\/posts\/51943","targetHints":{"allow":["GET"]}}],"collection":[{"href":"https:\/\/www.greenpeace.org\/sweden\/wp-json\/wp\/v2\/posts"}],"about":[{"href":"https:\/\/www.greenpeace.org\/sweden\/wp-json\/wp\/v2\/types\/post"}],"author":[{"embeddable":true,"href":"https:\/\/www.greenpeace.org\/sweden\/wp-json\/wp\/v2\/users\/40"}],"replies":[{"embeddable":true,"href":"https:\/\/www.greenpeace.org\/sweden\/wp-json\/wp\/v2\/comments?post=51943"}],"version-history":[{"count":16,"href":"https:\/\/www.greenpeace.org\/sweden\/wp-json\/wp\/v2\/posts\/51943\/revisions"}],"predecessor-version":[{"id":62945,"href":"https:\/\/www.greenpeace.org\/sweden\/wp-json\/wp\/v2\/posts\/51943\/revisions\/62945"}],"wp:featuredmedia":[{"embeddable":true,"href":"https:\/\/www.greenpeace.org\/sweden\/wp-json\/wp\/v2\/media\/51949"}],"wp:attachment":[{"href":"https:\/\/www.greenpeace.org\/sweden\/wp-json\/wp\/v2\/media?parent=51943"}],"wp:term":[{"taxonomy":"category","embeddable":true,"href":"https:\/\/www.greenpeace.org\/sweden\/wp-json\/wp\/v2\/categories?post=51943"},{"taxonomy":"post_tag","embeddable":true,"href":"https:\/\/www.greenpeace.org\/sweden\/wp-json\/wp\/v2\/tags?post=51943"},{"taxonomy":"p4-page-type","embeddable":true,"href":"https:\/\/www.greenpeace.org\/sweden\/wp-json\/wp\/v2\/p4-page-type?post=51943"}],"curies":[{"name":"wp","href":"https:\/\/api.w.org\/{rel}","templated":true}]}}