{"id":52109,"date":"2022-06-21T14:22:26","date_gmt":"2022-06-21T13:22:26","guid":{"rendered":"https:\/\/www.greenpeace.org\/sweden\/?p=52109"},"modified":"2023-02-17T10:55:43","modified_gmt":"2023-02-17T09:55:43","slug":"greenpeace-pa-expedition-ska-visa-varfor-varlden-behover-amazonas","status":"publish","type":"post","link":"https:\/\/www.greenpeace.org\/sweden\/artiklar\/skog\/greenpeace-pa-expedition-ska-visa-varfor-varlden-behover-amazonas\/","title":{"rendered":"Greenpeace p\u00e5 expedition &#8211; ska visa varf\u00f6r v\u00e4rlden beh\u00f6ver Amazonas"},"content":{"rendered":"\n<figure class=\"wp-block-image size-full\"><img loading=\"lazy\" decoding=\"async\" width=\"800\" height=\"533\" src=\"https:\/\/www.greenpeace.org\/static\/planet4-sweden-stateless\/2022\/06\/25d1d5b2-gp1sxnvl_web_size.jpg\" alt=\"\" class=\"wp-image-52110\" srcset=\"https:\/\/www.greenpeace.org\/static\/planet4-sweden-stateless\/2022\/06\/25d1d5b2-gp1sxnvl_web_size.jpg 800w, https:\/\/www.greenpeace.org\/static\/planet4-sweden-stateless\/2022\/06\/25d1d5b2-gp1sxnvl_web_size-300x200.jpg 300w, https:\/\/www.greenpeace.org\/static\/planet4-sweden-stateless\/2022\/06\/25d1d5b2-gp1sxnvl_web_size-768x512.jpg 768w, https:\/\/www.greenpeace.org\/static\/planet4-sweden-stateless\/2022\/06\/25d1d5b2-gp1sxnvl_web_size-510x340.jpg 510w\" sizes=\"auto, (max-width: 800px) 100vw, 800px\" \/><\/figure>\n\n<h2 class=\"wp-block-heading\"><strong><em>En ur\u00e5ldrig men pulserande skog, hem \u00e5t fantastiska djur och ok\u00e4nda arter, som skyddas av en grupp hj\u00e4ltar som k\u00e4mpar f\u00f6r dess \u00f6verlevnad. Det \u00e4r som p\u00e5 film &#8211; men det p\u00e5g\u00e5r i verkligheten, just nu.<\/em><\/strong><\/h2>\n\n<p><\/p>\n\n<p>Ombord p\u00e5 b\u00e5ten Almirante Moreira VII finns en grupp forskare, journalister och Greenpeace-aktivister som just nu reser p\u00e5 Manicor\u00e9floden i riktning mot hj\u00e4rtat av Amazonas regnskog &#8211; en plats som fortfarande \u00e4r fredad mot m\u00e4nsklig girighet. B\u00e5ten f\u00e4rdas i s\u00f6dra Amazonas p\u00e5 en kaffef\u00e4rgad flod genom en levande, pulserande regnskog. V\u00e5r historia b\u00f6rjar h\u00e4r, d\u00e4r tusentals m\u00e4nniskor k\u00e4mpar f\u00f6r att staka ut en ny riktning f\u00f6r deras del av Amazonia. <strong>Expeditionen kommer att uppm\u00e4rksamma varf\u00f6r det \u00e4r viktigt att skydda hela Amazonasregionen, men ocks\u00e5 varf\u00f6r ett officiellt skydd av omr\u00e5det kring Manicor\u00e9floden \u00e4r n\u00f6dv\u00e4ndigt.<\/strong><\/p>\n\n<p>Manicor\u00e9floden \u00e4r en biflod till Madeira och har ger sitt namn \u00e5t samh\u00e4llet den flyter igenom. De senaste sju \u00e5ren har Manicor\u00e9 hamnat p\u00e5 femteplats i rankingen n\u00e4r det g\u00e4ller avskogade omr\u00e5den i Brasilien, och tusentals kvadratkilometer skog har f\u00f6rsvunnit h\u00e4r. Medan hundratals gigantiska gruvflottar breder ut sig p\u00e5 floderna och f\u00f6rorenar vatten och fiskar i norra Manicor\u00e9, p\u00e5g\u00e5r illegal avverkning l\u00e4ngre s\u00f6derut f\u00f6r att frig\u00f6ra mark f\u00f6r boskap.<\/p>\n\n<figure class=\"wp-block-image size-full\"><img loading=\"lazy\" decoding=\"async\" width=\"800\" height=\"534\" src=\"https:\/\/www.greenpeace.org\/static\/planet4-sweden-stateless\/2022\/06\/2f2f2945-gp1sxnqi_web_size.jpg\" alt=\"\" class=\"wp-image-52124\" srcset=\"https:\/\/www.greenpeace.org\/static\/planet4-sweden-stateless\/2022\/06\/2f2f2945-gp1sxnqi_web_size.jpg 800w, https:\/\/www.greenpeace.org\/static\/planet4-sweden-stateless\/2022\/06\/2f2f2945-gp1sxnqi_web_size-300x200.jpg 300w, https:\/\/www.greenpeace.org\/static\/planet4-sweden-stateless\/2022\/06\/2f2f2945-gp1sxnqi_web_size-768x513.jpg 768w, https:\/\/www.greenpeace.org\/static\/planet4-sweden-stateless\/2022\/06\/2f2f2945-gp1sxnqi_web_size-510x340.jpg 510w\" sizes=\"auto, (max-width: 800px) 100vw, 800px\" \/><figcaption class=\"wp-element-caption\">Manicor\u00e9floden i Amazonas, juni 2022. Foto: Valdemir Cunha \/ Greenpeace<\/figcaption><\/figure>\n\n<p>I Manicor\u00e9 \u00f6kar som sagt avskogningstakten. Greenpeace Expedition Manicor\u00e9 River&nbsp; kommer verka f\u00f6r att visa hur viktigt det \u00e4r att skydda den artrika skogen d\u00e4r det finns v\u00e4xter och djur som inte kan leva n\u00e5gon annanstans p\u00e5 planeten.&nbsp;<\/p>\n\n<p>Nedmonteringen av milj\u00f6politiken i Brasilien har banat v\u00e4g f\u00f6r de illegala mark\u00f6vertagarna och skogssk\u00f6vlarna p\u00e5 bekostnad av Amazonas och allas v\u00e5r framtid.<strong> <\/strong><strong>Regeringens politik har \u00e4ven <\/strong><strong>\u00f6kat v\u00e5ldet mot urfolk,traditionella samh\u00e4llen och mot milj\u00f6aktivister som har modet att st\u00e5 upp och f\u00f6rd\u00f6ma det som p\u00e5g\u00e5r med livet som insats. <\/strong><a href=\"https:\/\/www.greenpeace.org\/sweden\/nyheter\/52033\/greenpeace-kommentar-om-morden-pa-miljoforsvararna-i-amazonas\/\"><strong>Tidigare denna m\u00e5nad<\/strong><\/a><strong> n\u00e5ddes vi av de tragiska nyheterna om morden p\u00e5 den brasilianska urfolksexperten Bruno Pereira och den engelska journalisten Dom Phillips. <\/strong>Deras d\u00f6d \u00e4r de senaste i en serie attacker p\u00e5 urfolk och deras allierade.<\/p>\n\n<p>Forskningen har redan visat oss g\u00e5ng p\u00e5 g\u00e5ng att Amazonas ekosystem \u00e4r grundl\u00e4ggande f\u00f6r balansen mellan klimat, nederb\u00f6rd ochbiologisk m\u00e5ngfald. De flesta av oss vet redan detta och k\u00e4mpar f\u00f6r en h\u00e5llbar utveckling f\u00f6r regnskogen och de som har sina hem d\u00e4r. Men i slut\u00e4ndan har vi egentligen inte ens ett val mitt uppe i den kris f\u00f6r klimat och biologisk m\u00e5ngfald som blir allt mer akut i takt med att f\u00f6rst\u00f6relsen av Amazonas bara accelererar.<\/p>\n\n<figure class=\"wp-block-image size-full\"><img loading=\"lazy\" decoding=\"async\" width=\"800\" height=\"533\" src=\"https:\/\/www.greenpeace.org\/static\/planet4-sweden-stateless\/2022\/06\/4839150b-gp1sxnyp_web_size.jpg\" alt=\"\" class=\"wp-image-52125\" srcset=\"https:\/\/www.greenpeace.org\/static\/planet4-sweden-stateless\/2022\/06\/4839150b-gp1sxnyp_web_size.jpg 800w, https:\/\/www.greenpeace.org\/static\/planet4-sweden-stateless\/2022\/06\/4839150b-gp1sxnyp_web_size-300x200.jpg 300w, https:\/\/www.greenpeace.org\/static\/planet4-sweden-stateless\/2022\/06\/4839150b-gp1sxnyp_web_size-768x512.jpg 768w, https:\/\/www.greenpeace.org\/static\/planet4-sweden-stateless\/2022\/06\/4839150b-gp1sxnyp_web_size-510x340.jpg 510w\" sizes=\"auto, (max-width: 800px) 100vw, 800px\" \/><figcaption class=\"wp-element-caption\"> Forskare inom herpetologi unders\u00f6ker grodor, ormar och \u00f6dlor under expeditionen i Amazonas. Foto: Tuane Fernandes \/ Greenpeace<\/figcaption><\/figure>\n\n<p>I Manicor\u00e9floden har en grupp samh\u00e4llen k\u00e4mpat i 16 \u00e5r f\u00f6r att skapa Sustainable Development Reserve (RDS) som ska finnas f\u00f6r att skydda naturomr\u00e5den med stor biologisk m\u00e5ngfald samtidigt som man s\u00e4kerst\u00e4ller h\u00e5llbar utvinning av naturresurserna som hittas d\u00e4r.<\/p>\n\n<p><\/p>\n\n<p><strong>Det \u00e4r vad Amazonas beh\u00f6ver just nu, och vad vi alla beh\u00f6ver. Mer skydd av m\u00e4nniskor som \u00e4lskar och bryr sig om skogen.<\/strong> Vi befinner oss just nu i den delen av Netflix-filmen Don\u2019t look up d\u00e4r forskare g\u00e5r ut i TV f\u00f6r att varna omv\u00e4rlden f\u00f6r att katastrofen \u00e4r n\u00e4ra f\u00f6rest\u00e5ende i Amazonas och att vi m\u00e5ste agera snabbt. Och vi m\u00e5ste g\u00f6ra allt vi kan f\u00f6r att filmen f\u00e5r ett lyckligt slut.<\/p>\n\n<p><\/p>\n\n<figure class=\"wp-block-image size-full\"><img loading=\"lazy\" decoding=\"async\" width=\"800\" height=\"533\" src=\"https:\/\/www.greenpeace.org\/static\/planet4-sweden-stateless\/2022\/06\/c3dfd5bb-gp1sxnwm_web_size.jpg\" alt=\"\" class=\"wp-image-52126\" srcset=\"https:\/\/www.greenpeace.org\/static\/planet4-sweden-stateless\/2022\/06\/c3dfd5bb-gp1sxnwm_web_size.jpg 800w, https:\/\/www.greenpeace.org\/static\/planet4-sweden-stateless\/2022\/06\/c3dfd5bb-gp1sxnwm_web_size-300x200.jpg 300w, https:\/\/www.greenpeace.org\/static\/planet4-sweden-stateless\/2022\/06\/c3dfd5bb-gp1sxnwm_web_size-768x512.jpg 768w, https:\/\/www.greenpeace.org\/static\/planet4-sweden-stateless\/2022\/06\/c3dfd5bb-gp1sxnwm_web_size-510x340.jpg 510w\" sizes=\"auto, (max-width: 800px) 100vw, 800px\" \/><figcaption class=\"wp-element-caption\">Forskare fr\u00e5n National Institute for Research in the Amazon (INPA) bj\u00f6ds med p\u00e5 expeditionen av Greenpeace f\u00f6r att utf\u00f6ra en inventering av den biologiska m\u00e5ngfalden. Foto: Tuane Fernandes \/ Greenpeace<\/figcaption><\/figure>\n\n<p><strong>Med expeditionen vill vi visa v\u00e4rlden, men \u00e4ven det brasilianska folket, vad som st\u00e5r p\u00e5 spel. Vi kommer att dokumentera och synligg\u00f6ra f\u00f6rst\u00f6relsen som p\u00e5g\u00e5r h\u00e4r, och tillsammans med lokalsamh\u00e4llen ta fram l\u00f6sningar som tar h\u00e4nsyn till folket, klimatet och den biologiska m\u00e5ngfalden i Amazonas. <\/strong>Expeditionen \u00e4r ocks\u00e5 en plattform f\u00f6r att st\u00f6dja samarbetet med forskare fr\u00e5n National Institute for Research i Amazonas, INPA i deras studier av den rika, biologiska m\u00e5ngfalden i denna tidigare outforskade delen av Amazonas. Och genom att f\u00e4rdas p\u00e5 b\u00e5t kan vi och forskarna ta oss till avl\u00e4gsna platser f\u00f6r att bedriva viktig forskning om biologisk m\u00e5ngfald.&nbsp;<\/p>\n\n<p>Det \u00e4r s\u00e5 viktigt att vi inte tappar fokus p\u00e5 vad som p\u00e5g\u00e5r i Amazonas p\u00e5 grund av andra p\u00e5g\u00e5ende kriser v\u00e4rlden \u00f6ver. Amazonas regnskog \u00e4r en av v\u00e4rldens st\u00f6rsta k\u00e4llor till biologisk m\u00e5ngfald och fortfarande hem till s\u00e5 mycket liv.<strong> Vi ska g\u00f6ra allt vi kan f\u00f6r att visa v\u00e4rlden hur ett levande Amazonas, som inte pr\u00e4glas av sk\u00f6vling och br\u00e4nder, utan av artrikedom, ser ut.<\/strong><\/p>\n\n<p>Se bilderna fr\u00e5n expeditionen h\u00e4r: <a href=\"https:\/\/media.greenpeace.org\/CS.aspx?VP3=SearchResult&amp;ALID=27MDHUHZELYZ&amp;RW=1280&amp;RH=630#\/SearchResult&amp;ALID=27MDHUHZELYZ&amp;RW=1280&amp;RH=630&amp;VBID=27MDQ5O4YCYCY&amp;PN=1\" target=\"_blank\" rel=\"noreferrer noopener\">https:\/\/media.greenpeace.org\/CS.aspx?VP3=SearchResult&amp;ALID=27MDHUHZELYZ&amp;RW=1280&amp;RH=630#\/SearchResult&amp;ALID=27MDHUHZELYZ&amp;RW=1280&amp;RH=630&amp;VBID=27MDQ5O4YCYCY&amp;PN=1<\/a><\/p>\n\n<p><\/p>\n\n<p><\/p>\n","protected":false},"excerpt":{"rendered":"<p>Ombord p\u00e5 b\u00e5ten Almirante Moreira VII finns en grupp forskare, journalister och Greenpeace-aktivister som just nu reser p\u00e5 Manicor\u00e9floden i riktning mot hj\u00e4rtat av Amazonas regnskog &#8211; en plats som fortfarande \u00e4r fredad mot m\u00e4nsklig girighet. <\/p>\n","protected":false},"author":36,"featured_media":52110,"comment_status":"closed","ping_status":"closed","sticky":false,"template":"","format":"standard","meta":{"ep_exclude_from_search":false,"p4_og_title":"","p4_og_description":"","p4_og_image":"","p4_og_image_id":"","p4_seo_canonical_url":"","p4_campaign_name":"not set","p4_local_project":"not set","p4_basket_name":"not set","p4_department":"","footnotes":""},"categories":[22],"tags":[47,40],"p4-page-type":[16],"class_list":["post-52109","post","type-post","status-publish","format-standard","has-post-thumbnail","hentry","category-skog","tag-regnskog","tag-biodiversitet","p4-page-type-artiklar"],"_links":{"self":[{"href":"https:\/\/www.greenpeace.org\/sweden\/wp-json\/wp\/v2\/posts\/52109","targetHints":{"allow":["GET"]}}],"collection":[{"href":"https:\/\/www.greenpeace.org\/sweden\/wp-json\/wp\/v2\/posts"}],"about":[{"href":"https:\/\/www.greenpeace.org\/sweden\/wp-json\/wp\/v2\/types\/post"}],"author":[{"embeddable":true,"href":"https:\/\/www.greenpeace.org\/sweden\/wp-json\/wp\/v2\/users\/36"}],"replies":[{"embeddable":true,"href":"https:\/\/www.greenpeace.org\/sweden\/wp-json\/wp\/v2\/comments?post=52109"}],"version-history":[{"count":7,"href":"https:\/\/www.greenpeace.org\/sweden\/wp-json\/wp\/v2\/posts\/52109\/revisions"}],"predecessor-version":[{"id":54491,"href":"https:\/\/www.greenpeace.org\/sweden\/wp-json\/wp\/v2\/posts\/52109\/revisions\/54491"}],"wp:featuredmedia":[{"embeddable":true,"href":"https:\/\/www.greenpeace.org\/sweden\/wp-json\/wp\/v2\/media\/52110"}],"wp:attachment":[{"href":"https:\/\/www.greenpeace.org\/sweden\/wp-json\/wp\/v2\/media?parent=52109"}],"wp:term":[{"taxonomy":"category","embeddable":true,"href":"https:\/\/www.greenpeace.org\/sweden\/wp-json\/wp\/v2\/categories?post=52109"},{"taxonomy":"post_tag","embeddable":true,"href":"https:\/\/www.greenpeace.org\/sweden\/wp-json\/wp\/v2\/tags?post=52109"},{"taxonomy":"p4-page-type","embeddable":true,"href":"https:\/\/www.greenpeace.org\/sweden\/wp-json\/wp\/v2\/p4-page-type?post=52109"}],"curies":[{"name":"wp","href":"https:\/\/api.w.org\/{rel}","templated":true}]}}