{"id":52165,"date":"2022-06-28T12:41:15","date_gmt":"2022-06-28T11:41:15","guid":{"rendered":"https:\/\/www.greenpeace.org\/sweden\/?p=52165"},"modified":"2023-02-20T15:11:43","modified_gmt":"2023-02-20T14:11:43","slug":"greenpeace-krav-pa-sverige-for-att-skydda-haven","status":"publish","type":"post","link":"https:\/\/www.greenpeace.org\/sweden\/artiklar\/hav\/greenpeace-krav-pa-sverige-for-att-skydda-haven\/","title":{"rendered":"Greenpeace krav p\u00e5 Sverige f\u00f6r att skydda haven"},"content":{"rendered":"\n<figure class=\"wp-block-image size-large\"><img loading=\"lazy\" decoding=\"async\" width=\"1024\" height=\"678\" src=\"https:\/\/www.greenpeace.org\/static\/planet4-sweden-stateless\/2022\/06\/1499f3f0-gp015rx-1024x678.jpg\" title=\"Plate coral scene. Challenger Bay, Great Barrier Reef, Australia. \u00a9 Greenpeace \/ Roger Grace\" alt=\"Plate coral scene. Challenger Bay, Great Barrier Reef, Australia. \u00a9 Greenpeace \/ Roger Grace\" class=\"wp-image-52168\" srcset=\"https:\/\/www.greenpeace.org\/static\/planet4-sweden-stateless\/2022\/06\/1499f3f0-gp015rx-1024x678.jpg 1024w, https:\/\/www.greenpeace.org\/static\/planet4-sweden-stateless\/2022\/06\/1499f3f0-gp015rx-300x199.jpg 300w, https:\/\/www.greenpeace.org\/static\/planet4-sweden-stateless\/2022\/06\/1499f3f0-gp015rx-768x508.jpg 768w, https:\/\/www.greenpeace.org\/static\/planet4-sweden-stateless\/2022\/06\/1499f3f0-gp015rx-510x337.jpg 510w, https:\/\/www.greenpeace.org\/static\/planet4-sweden-stateless\/2022\/06\/1499f3f0-gp015rx.jpg 1200w\" sizes=\"auto, (max-width: 1024px) 100vw, 1024px\" \/><figcaption><div class=\"credit icon-left\"> \u00a9 Greenpeace \/ Roger Grace<\/div><\/figcaption><\/figure>\n\n<p><strong>I n\u00e4ra 20 \u00e5r har v\u00e4rldens ledare f\u00f6rhandlat fram och tillbaka om ett globalt avtal f\u00f6r att s\u00e4kerst\u00e4lla att havet f\u00f6rvaltas p\u00e5 ett h\u00e5llbart s\u00e4tt. 20 \u00e5r av prat. 20 \u00e5r av missade m\u00f6jligheter att r\u00e4dda v\u00e5ra hav, av vilka stora delar \u00e4r p\u00e5 randen till kollaps eller redan bortom r\u00e4ddning. <\/strong><\/p>\n\n<p><strong>I augusti i \u00e5r samlas v\u00e4rldens ledare \u00e5terigen p\u00e5 FN:s huvudkontor i New York f\u00f6r att under det tv\u00e5 veckor l\u00e5nga m\u00f6tet IGC5 f\u00f6rhandla<\/strong>, f\u00f6rhoppningsvis en sista g\u00e5ng, fram ett bindande avtal (ofta refererat till som <a href=\"https:\/\/www.un.org\/bbnj\/\">BBNJ &#8211; Marine Biodiversity Beyond National Jurisdiction<\/a>). Resultatet av m\u00f6tet m\u00e5ste bli ett globalt havsavtal, men det m\u00e5ste ocks\u00e5 vara ett avtal som \u00e4r tillr\u00e4ckligt starkt, ambiti\u00f6st och bindande att det faktiskt m\u00f6jligg\u00f6r f\u00f6r de marina ekosystemen att \u00e5terf\u00e5 balans och h\u00e4lsa. Ett papper med vackra ord och fullt av kryph\u00e5l \u00e4r inte det avtal vi beh\u00f6ver, och d\u00e4rf\u00f6r ser vi att den svenska delegationen m\u00e5ste tydligg\u00f6ra f\u00f6r EU kommissionen, som i stort representerar unionens l\u00e4nder p\u00e5 m\u00f6tet, <strong>att Sverige h\u00e5ller en stark och tydlig position f\u00f6r ett globalt avtal som h\u00e5ller m\u00e5ttet. <\/strong><\/p>\n\n<p><br><strong>Det inneb\u00e4r bland annat att:<\/strong><\/p>\n\n<ul class=\"wp-block-list\">\n<li>De marina skyddade omr\u00e5dena beh\u00f6ver skapa ett n\u00e4tverk \u00f6ver v\u00e5r bl\u00e5 planet. F\u00f6r att detta ska vara en m\u00f6jlighet beh\u00f6ver vi en global organisering av vilka omr\u00e5den som ska skyddas. <strong>Vad som kr\u00e4vs \u00e4r ett nytt FN-organ, med juridiskt mandat att skapa havsreservat.<\/strong> Dagens system med regionala organisationer har visat sig vara minst sagt otillr\u00e4ckligt.<\/li>\n\n\n\n<li><strong>Sverige beh\u00f6ver trycka p\u00e5 h\u00e5rt f\u00f6r att se till att denna f\u00f6rhandlingsomg\u00e5ng faktiskt leder till ett starkt havsavtal.<\/strong> Ska vi ha en chans att skydda 30 procent av haven till 2030 &#8211; vilket Sverige st\u00e4llt sig bakom &#8211; m\u00e5ste vi f\u00e5 ett havsavtal redan i \u00e5r. Nu \u00e4r det dags att g\u00e5 fr\u00e5n ord till handling!<\/li>\n\n\n\n<li><strong>Sverige m\u00e5ste s\u00e4kra sin position i f\u00f6rhandlingarna genom att skicka ministrar snarare \u00e4n tj\u00e4nstem\u00e4n till New York.<\/strong> Det \u00e4r symboliskt viktigt och visar p\u00e5 att Sverige l\u00e4gger stor vikt i f\u00f6rhandlingarna. Sverige borde skicka minst tv\u00e5 ministrar: utrikesminister Ann Linde och klimat-och milj\u00f6minister Annika Strandh\u00e4ll.<\/li>\n<\/ul>\n\n<p><strong>Tiden f\u00f6r haven rinner ut, medan vi st\u00e5r vid sidan om och tittar p\u00e5. Vill vi ha en chans att r\u00e4dda inte bara de marina ekosystemen men i f\u00f6rl\u00e4ngningen \u00e4ven oss sj\u00e4lva, m\u00e5ste vi s\u00e4tta press p\u00e5 v\u00e5ra ledare att agera nu!<\/strong><\/p>\n\t\t\t<section\n\t\t\tclass=\"boxout post-645 \"\n\t\t\t\n\t\t>\n\t\t\t<a\n\t\t\t\tdata-ga-category=\"Take Action Boxout\"\n\t\t\t\tdata-ga-action=\"Image\"\n\t\t\t\tdata-ga-label=\"n\/a\"\n\t\t\t\tclass=\"cover-card-overlay\"\n\t\t\t\thref=\"https:\/\/www.greenpeace.org\/sweden\/agera\/skyddahaven\/\" \n\t\t\t><\/a>\n\t\t\t\t\t\t\t<img\n\t\t\t\t\t\tsrc=\"https:\/\/www.greenpeace.org\/static\/planet4-sweden-stateless\/2025\/02\/38acdb55-900x300_split-ud-trawling.jpg\"\n\t\t\t\t\t\tsrcset=\"https:\/\/www.greenpeace.org\/static\/planet4-sweden-stateless\/2025\/02\/38acdb55-900x300_split-ud-trawling-300x100.jpg 300w, https:\/\/www.greenpeace.org\/static\/planet4-sweden-stateless\/2025\/02\/38acdb55-900x300_split-ud-trawling-768x256.jpg 768w, https:\/\/www.greenpeace.org\/static\/planet4-sweden-stateless\/2025\/02\/38acdb55-900x300_split-ud-trawling-510x170.jpg 510w, https:\/\/www.greenpeace.org\/static\/planet4-sweden-stateless\/2025\/02\/38acdb55-900x300_split-ud-trawling.jpg 900w\"\n\t\t\t\t\t\tsizes=\"(min-width: 1000px) 358px, (min-width: 780px) 313px, 88px\"\n\t\t\t\t\t\talt=\"\" title=\"\"\n\t\t\t\t\/>\n            \t\t\t<div class=\"boxout-content\">\n\t\t\t\t\t\t\t\t\t<a\n\t\t\t\t\t\tclass=\"boxout-heading medium\"\n\t\t\t\t\t\tdata-ga-category=\"Take Action Boxout\"\n\t\t\t\t\t\tdata-ga-action=\"Title\"\n\t\t\t\t\t\tdata-ga-label=\"n\/a\"\n\t\t\t\t\t\thref=\"https:\/\/www.greenpeace.org\/sweden\/agera\/skyddahaven\/\"\n\t\t\t\t\t\t\n\t\t\t\t\t>\n\t\t\t\t\t\tSkydda haven &#8211; ratificera avtalet, Maria!\n\t\t\t\t\t<\/a>\n\t\t\t\t\t\t\t\t\t\t\t\t\t<p class=\"boxout-excerpt\">Skriv under och kr\u00e4v med oss att v\u00e5r utrikesminister Maria Malmer Stenergard ser till att Sverige fullf\u00f6ljer sitt l\u00f6fte och godk\u00e4nner avtalet. Skydda haven, Maria! <\/p>\n\t\t\t\t                                    <a\n                        class=\"btn btn-primary\"\n                        data-ga-category=\"Take Action Boxout\"\n                        data-ga-action=\"Call to Action\"\n                        data-ga-label=\"n\/a\"\n                        href=\"https:\/\/www.greenpeace.org\/sweden\/agera\/skyddahaven\/\"\n                        \n                    >\n                        Engagera dig\n                    <\/a>\n                \t\t\t<\/div>\n\t\t\t\t\t<\/section>\n\t","protected":false},"excerpt":{"rendered":"<p>Inf\u00f6r det globala v\u00e4rldshavsm\u00f6tet IG5 i \u00e5r ser Greenpeace att Sverige h\u00e5ller en stark och tydlig position f\u00f6r ett globalt havsavtal. L\u00e4s v\u00e5ra krav!<\/p>\n","protected":false},"author":48,"featured_media":52168,"comment_status":"closed","ping_status":"closed","sticky":false,"template":"","format":"standard","meta":{"ep_exclude_from_search":false,"p4_og_title":"","p4_og_description":"","p4_og_image":"","p4_og_image_id":"","p4_seo_canonical_url":"","p4_campaign_name":"not set","p4_local_project":"not set","p4_basket_name":"not set","p4_department":"","footnotes":""},"categories":[3],"tags":[40,28,30,23,29,53],"p4-page-type":[16],"class_list":["post-52165","post","type-post","status-publish","format-standard","has-post-thumbnail","hentry","category-hav","tag-biodiversitet","tag-overfiske","tag-marinaskyddadeomraden","tag-globaluppvarmning","tag-plastihavet","tag-svenskpolitik","p4-page-type-artiklar"],"_links":{"self":[{"href":"https:\/\/www.greenpeace.org\/sweden\/wp-json\/wp\/v2\/posts\/52165","targetHints":{"allow":["GET"]}}],"collection":[{"href":"https:\/\/www.greenpeace.org\/sweden\/wp-json\/wp\/v2\/posts"}],"about":[{"href":"https:\/\/www.greenpeace.org\/sweden\/wp-json\/wp\/v2\/types\/post"}],"author":[{"embeddable":true,"href":"https:\/\/www.greenpeace.org\/sweden\/wp-json\/wp\/v2\/users\/48"}],"replies":[{"embeddable":true,"href":"https:\/\/www.greenpeace.org\/sweden\/wp-json\/wp\/v2\/comments?post=52165"}],"version-history":[{"count":9,"href":"https:\/\/www.greenpeace.org\/sweden\/wp-json\/wp\/v2\/posts\/52165\/revisions"}],"predecessor-version":[{"id":54775,"href":"https:\/\/www.greenpeace.org\/sweden\/wp-json\/wp\/v2\/posts\/52165\/revisions\/54775"}],"wp:featuredmedia":[{"embeddable":true,"href":"https:\/\/www.greenpeace.org\/sweden\/wp-json\/wp\/v2\/media\/52168"}],"wp:attachment":[{"href":"https:\/\/www.greenpeace.org\/sweden\/wp-json\/wp\/v2\/media?parent=52165"}],"wp:term":[{"taxonomy":"category","embeddable":true,"href":"https:\/\/www.greenpeace.org\/sweden\/wp-json\/wp\/v2\/categories?post=52165"},{"taxonomy":"post_tag","embeddable":true,"href":"https:\/\/www.greenpeace.org\/sweden\/wp-json\/wp\/v2\/tags?post=52165"},{"taxonomy":"p4-page-type","embeddable":true,"href":"https:\/\/www.greenpeace.org\/sweden\/wp-json\/wp\/v2\/p4-page-type?post=52165"}],"curies":[{"name":"wp","href":"https:\/\/api.w.org\/{rel}","templated":true}]}}