{"id":52179,"date":"2022-07-01T09:03:58","date_gmt":"2022-07-01T08:03:58","guid":{"rendered":"https:\/\/www.greenpeace.org\/sweden\/?p=52179"},"modified":"2023-02-17T10:54:28","modified_gmt":"2023-02-17T09:54:28","slug":"tva-glomda-ekosystem-i-sydamerika-du-borde-kanna-till","status":"publish","type":"post","link":"https:\/\/www.greenpeace.org\/sweden\/artiklar\/skog\/tva-glomda-ekosystem-i-sydamerika-du-borde-kanna-till\/","title":{"rendered":"Tv\u00e5 gl\u00f6mda ekosystem i Sydamerika du borde k\u00e4nna till"},"content":{"rendered":"\n<h3 class=\"wp-block-heading\"><strong>Amazonas \u00e4r v\u00e4rldens st\u00f6rsta tropiska regnskog, och kampen f\u00f6r att skydda Amazonas har f\u00f6rst\u00e5eligt nog f\u00e5tt omv\u00e4rldens blickar att riktas just hit. Men visste du, att \u00e4ven andra v\u00e4rdefulla ekosystem i Sydamerika just nu f\u00f6rsvinner i en lika alarmerande takt?<\/strong><\/h3>\n\n<figure class=\"wp-block-image size-full\"><img loading=\"lazy\" decoding=\"async\" width=\"842\" height=\"509\" src=\"https:\/\/www.greenpeace.org\/static\/planet4-sweden-stateless\/2022\/06\/fd32e098-screenshot-2022-06-28-at-15.32.52.png\" alt=\"\" class=\"wp-image-52182\" srcset=\"https:\/\/www.greenpeace.org\/static\/planet4-sweden-stateless\/2022\/06\/fd32e098-screenshot-2022-06-28-at-15.32.52.png 842w, https:\/\/www.greenpeace.org\/static\/planet4-sweden-stateless\/2022\/06\/fd32e098-screenshot-2022-06-28-at-15.32.52-300x181.png 300w, https:\/\/www.greenpeace.org\/static\/planet4-sweden-stateless\/2022\/06\/fd32e098-screenshot-2022-06-28-at-15.32.52-768x464.png 768w, https:\/\/www.greenpeace.org\/static\/planet4-sweden-stateless\/2022\/06\/fd32e098-screenshot-2022-06-28-at-15.32.52-510x308.png 510w\" sizes=\"auto, (max-width: 842px) 100vw, 842px\" \/><figcaption class=\"wp-element-caption\"><em>Har du n\u00e5gonsin h\u00f6rt talas om de fantastiska gr\u00e4smarkerna i Cerrado-omr\u00e5det, eller de frodiga v\u00e5tmarkerna i Pantanal?<\/em><\/figcaption><\/figure>\n\n<p><strong>Enorma boskapsrancher och plantager med monokulturer (d\u00e4r enbart en sorts gr\u00f6da planteras) \u00f6vertar just nu de unika naturomr\u00e5dena, i syfte att producera mer k\u00f6tt och soja till djurfoder, d\u00e4r en omfattande del exporteras till oss i Europa.<\/strong><\/p>\n\n<p>Precis som Amazonas, hittar man dessa fantastiska naturomr\u00e5den i hj\u00e4rtat av Sydamerika. Omr\u00e5den som inte bara \u00e4r oers\u00e4ttliga f\u00f6r m\u00e4nniskorna och djuren som lever d\u00e4r, utan \u00e4ven avg\u00f6rande f\u00f6r att bek\u00e4mpa den p\u00e5g\u00e5ende klimatkrisen.<\/p>\n\n<figure class=\"wp-block-image size-full\"><img loading=\"lazy\" decoding=\"async\" width=\"798\" height=\"531\" src=\"https:\/\/www.greenpeace.org\/static\/planet4-sweden-stateless\/2022\/06\/0444e799-screenshot-2022-06-27-at-12.03.28.png\" alt=\"\" class=\"wp-image-52181\" srcset=\"https:\/\/www.greenpeace.org\/static\/planet4-sweden-stateless\/2022\/06\/0444e799-screenshot-2022-06-27-at-12.03.28.png 798w, https:\/\/www.greenpeace.org\/static\/planet4-sweden-stateless\/2022\/06\/0444e799-screenshot-2022-06-27-at-12.03.28-300x200.png 300w, https:\/\/www.greenpeace.org\/static\/planet4-sweden-stateless\/2022\/06\/0444e799-screenshot-2022-06-27-at-12.03.28-768x511.png 768w, https:\/\/www.greenpeace.org\/static\/planet4-sweden-stateless\/2022\/06\/0444e799-screenshot-2022-06-27-at-12.03.28-510x340.png 510w\" sizes=\"auto, (max-width: 798px) 100vw, 798px\" \/><figcaption class=\"wp-element-caption\"><em>Jaguaren \u00e4r en av flera arter i Cerrado som hotas av jordbruksindustrins aggressiva expansion f\u00f6r att producera mer soja och majs till export.<\/em><\/figcaption><\/figure>\n\n<h3 class=\"wp-block-heading\"><strong>Cerrado: hem \u00e5t jaguaren<\/strong><\/h3>\n\n<p>Jaguaren, armadillon, rosenskedstorken, myrsloken och tapiren lever alla i Cerrado-omr\u00e5det, savannen med st\u00f6rst biologisk m\u00e5ngfald i hela v\u00e4rlden. Men, Cerrado \u00e4r i fara.<\/p>\n\n<figure class=\"wp-block-image size-full\"><img loading=\"lazy\" decoding=\"async\" width=\"1012\" height=\"634\" src=\"https:\/\/www.greenpeace.org\/static\/planet4-sweden-stateless\/2022\/06\/562f0034-screenshot-2022-06-27-at-12.03.57.png\" alt=\"\" class=\"wp-image-52183\" srcset=\"https:\/\/www.greenpeace.org\/static\/planet4-sweden-stateless\/2022\/06\/562f0034-screenshot-2022-06-27-at-12.03.57.png 1012w, https:\/\/www.greenpeace.org\/static\/planet4-sweden-stateless\/2022\/06\/562f0034-screenshot-2022-06-27-at-12.03.57-300x188.png 300w, https:\/\/www.greenpeace.org\/static\/planet4-sweden-stateless\/2022\/06\/562f0034-screenshot-2022-06-27-at-12.03.57-768x481.png 768w, https:\/\/www.greenpeace.org\/static\/planet4-sweden-stateless\/2022\/06\/562f0034-screenshot-2022-06-27-at-12.03.57-510x320.png 510w\" sizes=\"auto, (max-width: 1012px) 100vw, 1012px\" \/><figcaption class=\"wp-element-caption\"><em>Omr\u00e5det mellan Maranh\u00e3o, Tocantins, Piau\u00ed och Bahia, \u00e4ven k\u00e4nt som MATOPIBA i Brasilien, ses som flaggskeppet f\u00f6r brasiliansk jordbruksindustri, med en oerh\u00f6rt h\u00f6g produktion av soja och majs f\u00f6r export.<\/em><\/figcaption><\/figure>\n\n<h3 class=\"wp-block-heading\"><strong>Halva Cerrado \u00e4r \u00f6delagt<\/strong><\/h3>\n\n<p>F\u00f6r ett \u00e5rhundrade sedan var Cerrado lika stort som halva Europa; <a href=\"https:\/\/www.greenpeace.org\/sweden\/nyheter\/51642\/sojaodling-bidrar-till-skovlingen-av-amazonas\/\">idag \u00e4r n\u00e4stan h\u00e4lften av omr\u00e5det f\u00f6rst\u00f6rt<\/a>, mestadels f\u00f6r att g\u00f6ra plats \u00e5t enorma monokulturer med sojaf\u00e4lt och boskapsrancher. Varje dag forts\u00e4tter ov\u00e4rderlig natur att r\u00f6jas i takt med jordbruksindustrins obarmh\u00e4rtiga expansion. Visste du att n\u00e4stan h\u00e4lften av all Brasiliens sojaexport till Nederl\u00e4nderna kommer fr\u00e5n just den h\u00e4r regionen, och <a href=\"https:\/\/www.greenpeace.org\/sweden\/nyheter\/52001\/soja\/\">utan n\u00e5gon garanti att sojan inte \u00e4r kopplad till destruktiv naturf\u00f6rst\u00f6relse<\/a>?<\/p>\n\n<figure class=\"wp-block-image size-full\"><img loading=\"lazy\" decoding=\"async\" width=\"798\" height=\"531\" src=\"https:\/\/www.greenpeace.org\/static\/planet4-sweden-stateless\/2022\/06\/0acaa1e8-screenshot-2022-06-27-at-11.26.12.png\" alt=\"\" class=\"wp-image-52184\" srcset=\"https:\/\/www.greenpeace.org\/static\/planet4-sweden-stateless\/2022\/06\/0acaa1e8-screenshot-2022-06-27-at-11.26.12.png 798w, https:\/\/www.greenpeace.org\/static\/planet4-sweden-stateless\/2022\/06\/0acaa1e8-screenshot-2022-06-27-at-11.26.12-300x200.png 300w, https:\/\/www.greenpeace.org\/static\/planet4-sweden-stateless\/2022\/06\/0acaa1e8-screenshot-2022-06-27-at-11.26.12-768x511.png 768w, https:\/\/www.greenpeace.org\/static\/planet4-sweden-stateless\/2022\/06\/0acaa1e8-screenshot-2022-06-27-at-11.26.12-510x340.png 510w\" sizes=\"auto, (max-width: 798px) 100vw, 798px\" \/><figcaption class=\"wp-element-caption\"><em>Flygbild \u00f6ver v\u00e4rldens st\u00f6rsta tropiska v\u00e5tmark Pantanal, i Brasilien.<\/em><\/figcaption><\/figure>\n\n<h3 class=\"wp-block-heading\"><strong>Pantanal: en gigantisk vattenbass\u00e4ng<\/strong><\/h3>\n\n<p>Pantanal \u00e4r ett rekordh\u00e5llande naturomr\u00e5de d\u00e5 det utg\u00f6r v\u00e4rldens st\u00f6rsta tropiska v\u00e5tmark. Varje \u00e5r under regns\u00e4songen blir runt 80 procent av omr\u00e5det \u00f6versv\u00e4mmat. Man kan faktiskt s\u00e4ga att det \u00e4r som en stor vattenbass\u00e4ng, i mitten av den sydamerikanska kontinenten, som f\u00f6rser hela regionen med vatten.<\/p>\n\n<figure class=\"wp-block-image size-full\"><img loading=\"lazy\" decoding=\"async\" width=\"735\" height=\"450\" src=\"https:\/\/www.greenpeace.org\/static\/planet4-sweden-stateless\/2022\/06\/4df6c416-screenshot-2022-06-27-at-11.35.23.png\" alt=\"\" class=\"wp-image-52185\" srcset=\"https:\/\/www.greenpeace.org\/static\/planet4-sweden-stateless\/2022\/06\/4df6c416-screenshot-2022-06-27-at-11.35.23.png 735w, https:\/\/www.greenpeace.org\/static\/planet4-sweden-stateless\/2022\/06\/4df6c416-screenshot-2022-06-27-at-11.35.23-300x184.png 300w, https:\/\/www.greenpeace.org\/static\/planet4-sweden-stateless\/2022\/06\/4df6c416-screenshot-2022-06-27-at-11.35.23-510x312.png 510w\" sizes=\"auto, (max-width: 735px) 100vw, 735px\" \/><figcaption class=\"wp-element-caption\"><em>Under 2020 \u00f6delades 2,3 miljoner hektar av Pantanals v\u00e5tmarker i f\u00f6r\u00f6dande br\u00e4nder, som hade katastrofala konsekvenser f\u00f6r regionens djurliv.<\/em><\/figcaption><\/figure>\n\n<h3 class=\"wp-block-heading\"><strong>Ranch\u00e4gare inblandade i br\u00e4nderna<\/strong><\/h3>\n\n<p>Under 2020 h\u00e4rjade katastrofala br\u00e4nder i Pantanal, som <a href=\"https:\/\/www.greenpeace.org\/sweden\/bakgrund\/45026\/en-fjardedel-av-pantanal-har-brunnit-upp\/\">\u00f6delade mer \u00e4n en fj\u00e4rdedel <\/a>av den ov\u00e4rderliga v\u00e5tmarken. Den utdragna bristen p\u00e5 regn i regionen, troligtvis kopplad till klimatf\u00f6r\u00e4ndringar, tillsammans med en total brist p\u00e5 milj\u00f6skyddande policyer skapade en katastrof utan like, som hotade b\u00e5de m\u00e4nniskor och Pantanals rika biodiversitet. Ett flertal ranch\u00e4gare i omr\u00e5det uppt\u00e4cktes vara direkt delaktiga i de katastrofala br\u00e4nderna. <strong><a href=\"https:\/\/www.greenpeace.org\/sweden\/bakgrund\/46117\/ny-rapport-fran-greenpeace-branderna-i-pantanals-vatmark-kopplas-till-varldens-storsta-kottproducenter\/\">Och en unders\u00f6kning fr\u00e5n Greenpeace<\/a> avsl\u00f6jade<\/strong> att ett flertal av just dessa lokala boskapsb\u00f6nder f\u00f6rser Brasiliens st\u00f6rsta k\u00f6ttbolag, som JBS och Minerva, med k\u00f6tt som exporteras till oss i Europa.<\/p>\n\n<h3 class=\"wp-block-heading\"><strong>H\u00f6g tid f\u00f6r en ny EU-lag<\/strong><\/h3>\n\n<p>Olyckligt nog \u00e4r dessa fantastiska och \u00f6mt\u00e5liga naturomr\u00e5den, och m\u00e4nniskorna som lever d\u00e4r, f\u00f6rtryckta av den st\u00e4ndigt expanderande jordbruks- och mejeriindustrin. Och gissa vad? Den sojan, som massproduceras f\u00f6r djurf\u00f6da p\u00e5 sk\u00f6vlade marker i Pantanal, Cerrado och Amazonas s\u00e4ljs \u00e4ven i h\u00e4r, i Europa. Det \u00e4r dags att s\u00e4kerst\u00e4lla en stark EU-lag som inte bara skyddar skogar, utan ALLA dessa v\u00e4rdefulla naturomr\u00e5den fr\u00e5n att \u00f6del\u00e4ggas till f\u00f6rm\u00e5n f\u00f6r produkter som hamnar p\u00e5 hyllorna i v\u00e5ra europeiska matbutiker. Och nu har vi m\u00f6jlighet att p\u00e5verka s\u00e5 detta kan bli verklighet.&nbsp;<\/p>\n\n<h3 class=\"wp-block-heading\"><strong>S\u00e5 kan du vara med och <\/strong>g\u00f6ra skillnad<\/h3>\n\n<p><strong>V\u00e5r landsbygdsminister Anna-Caren S\u00e4therberg<\/strong> f\u00f6rhandlar just nu, p\u00e5 uppdrag av Sverige<strong>, <\/strong>tillsammans med andra europeiska ministrar, om en ny EU-lag som kan skydda dyrbara skogsomr\u00e5den och v\u00e4rdefulla ekosystem v\u00e4rlden \u00f6ver.<br><br><strong>Den h\u00e4r EU-lagen kan stoppa produkter <\/strong>kopplade till \u00f6del\u00e4ggelse av v\u00e4rdefull natur fr\u00e5n att hamna p\u00e5 varuhyllor i svenska butiker, och resten av Europa. Men lagf\u00f6rslaget, s\u00e5 som det \u00e4r utformat nu, \u00e4r fullt av kryph\u00e5l \u2013 <strong>hj\u00e4lp oss \u00e4ndra p\u00e5 det!<br><br><\/strong><a href=\"https:\/\/www.greenpeace.org\/sweden\/agera\/eu-lag-skogsskovling\/#skriv-under\" target=\"_blank\" rel=\"noreferrer noopener\">Skriv under nu \u2013 h\u00f6j din r\u00f6st med oss och tusentals v\u00e4rlden \u00f6ver.<\/a> Tillsammans st\u00e5r vi upp f\u00f6r v\u00e5r planets v\u00e4rdefulla naturomr\u00e5den, urfolk och biologisk m\u00e5ngfald.<\/p>\n\t\t\t<section\n\t\t\tclass=\"boxout post-50433  sticky-bottom-mobile collapse show\"\n\t\t\tid=\"action-card\"\n\t\t>\n\t\t\t<a\n\t\t\t\tdata-ga-category=\"Take Action Boxout\"\n\t\t\t\tdata-ga-action=\"Image\"\n\t\t\t\tdata-ga-label=\"n\/a\"\n\t\t\t\tclass=\"cover-card-overlay\"\n\t\t\t\thref=\"https:\/\/www.greenpeace.org\/sweden\/agera\/eu-lag-skogsskovling\/\" \n\t\t\t><\/a>\n\t\t\t\t\t\t\t<img\n\t\t\t\t\t\tsrc=\"https:\/\/www.greenpeace.org\/static\/planet4-sweden-stateless\/2022\/01\/e34d16fa-bannerimg-indo-braz.jpg\"\n\t\t\t\t\t\tsrcset=\"https:\/\/www.greenpeace.org\/static\/planet4-sweden-stateless\/2022\/01\/e34d16fa-bannerimg-indo-braz-300x120.jpg 300w, https:\/\/www.greenpeace.org\/static\/planet4-sweden-stateless\/2022\/01\/e34d16fa-bannerimg-indo-braz-768x307.jpg 768w, https:\/\/www.greenpeace.org\/static\/planet4-sweden-stateless\/2022\/01\/e34d16fa-bannerimg-indo-braz-510x204.jpg 510w, https:\/\/www.greenpeace.org\/static\/planet4-sweden-stateless\/2022\/01\/e34d16fa-bannerimg-indo-braz.jpg 1000w\"\n\t\t\t\t\t\tsizes=\"(min-width: 1000px) 358px, (min-width: 780px) 313px, 88px\"\n\t\t\t\t\t\talt=\"\" title=\"\"\n\t\t\t\t\/>\n            \t\t\t<div class=\"boxout-content\">\n\t\t\t\t\t\t\t\t\t<a\n\t\t\t\t\t\tclass=\"boxout-heading medium\"\n\t\t\t\t\t\tdata-ga-category=\"Take Action Boxout\"\n\t\t\t\t\t\tdata-ga-action=\"Title\"\n\t\t\t\t\t\tdata-ga-label=\"n\/a\"\n\t\t\t\t\t\thref=\"https:\/\/www.greenpeace.org\/sweden\/agera\/eu-lag-skogsskovling\/\"\n\t\t\t\t\t\t\n\t\t\t\t\t>\n\t\t\t\t\t\tS\u00e5 kan du stoppa naturf\u00f6rst\u00f6relse fr\u00e5n att hamna i din varukorg \u2013 och skydda v\u00e5r natur\n\t\t\t\t\t<\/a>\n\t\t\t\t\t\t\t\t\t\t\t\t\t<p class=\"boxout-excerpt\">Livsmedel i svenska butiker som kaffe, tandkr\u00e4m, papper, schampo och inte minst k\u00f6tt bidrar till att \u00f6del\u00e4gga \u00f6mt\u00e5liga ekosystem. SKRIV UNDER f\u00f6r en stark EU-lag som garanterar varor utan bismak av skogssk\u00f6vling och brott mot m\u00e4nskliga r\u00e4ttigheter.<\/p>\n\t\t\t\t                                    <a\n                        class=\"btn btn-primary\"\n                        data-ga-category=\"Take Action Boxout\"\n                        data-ga-action=\"Call to Action\"\n                        data-ga-label=\"n\/a\"\n                        href=\"https:\/\/www.greenpeace.org\/sweden\/agera\/eu-lag-skogsskovling\/\"\n                        \n                    >\n                        Engagera dig\n                    <\/a>\n                \t\t\t<\/div>\n\t\t\t\t\t\t\t<a\n\t\t\t\t\tclass=\"not-now\"\n\t\t\t\t\trole=\"button\"\n\t\t\t\t\tdata-bs-toggle=\"collapse\"\n\t\t\t\t\thref=\"#action-card\"\n\t\t\t\t><\/a>\n\t\t\t\t\t<\/section>\n\t","protected":false},"excerpt":{"rendered":"<p>Den p\u00e5g\u00e5ende kampen f\u00f6r att skydda Amazonas, v\u00e4rldens st\u00f6rsta tropiska regnskog, har f\u00f6rst\u00e5eligt nog f\u00e5tt omv\u00e4rldens blickar att riktas just hit. Men visste du, att \u00e4ven andra v\u00e4rdefulla ekosystem i Sydamerika just nu f\u00f6rsvinner i en lika alarmerande takt?<\/p>\n","protected":false},"author":34,"featured_media":52182,"comment_status":"closed","ping_status":"closed","sticky":false,"template":"","format":"standard","meta":{"ep_exclude_from_search":false,"p4_og_title":"","p4_og_description":"","p4_og_image":"","p4_og_image_id":"","p4_seo_canonical_url":"","p4_campaign_name":"not set","p4_local_project":"not set","p4_basket_name":"not set","p4_department":"","footnotes":""},"categories":[22],"tags":[47,40],"p4-page-type":[16],"class_list":["post-52179","post","type-post","status-publish","format-standard","has-post-thumbnail","hentry","category-skog","tag-regnskog","tag-biodiversitet","p4-page-type-artiklar"],"_links":{"self":[{"href":"https:\/\/www.greenpeace.org\/sweden\/wp-json\/wp\/v2\/posts\/52179","targetHints":{"allow":["GET"]}}],"collection":[{"href":"https:\/\/www.greenpeace.org\/sweden\/wp-json\/wp\/v2\/posts"}],"about":[{"href":"https:\/\/www.greenpeace.org\/sweden\/wp-json\/wp\/v2\/types\/post"}],"author":[{"embeddable":true,"href":"https:\/\/www.greenpeace.org\/sweden\/wp-json\/wp\/v2\/users\/34"}],"replies":[{"embeddable":true,"href":"https:\/\/www.greenpeace.org\/sweden\/wp-json\/wp\/v2\/comments?post=52179"}],"version-history":[{"count":6,"href":"https:\/\/www.greenpeace.org\/sweden\/wp-json\/wp\/v2\/posts\/52179\/revisions"}],"predecessor-version":[{"id":54487,"href":"https:\/\/www.greenpeace.org\/sweden\/wp-json\/wp\/v2\/posts\/52179\/revisions\/54487"}],"wp:featuredmedia":[{"embeddable":true,"href":"https:\/\/www.greenpeace.org\/sweden\/wp-json\/wp\/v2\/media\/52182"}],"wp:attachment":[{"href":"https:\/\/www.greenpeace.org\/sweden\/wp-json\/wp\/v2\/media?parent=52179"}],"wp:term":[{"taxonomy":"category","embeddable":true,"href":"https:\/\/www.greenpeace.org\/sweden\/wp-json\/wp\/v2\/categories?post=52179"},{"taxonomy":"post_tag","embeddable":true,"href":"https:\/\/www.greenpeace.org\/sweden\/wp-json\/wp\/v2\/tags?post=52179"},{"taxonomy":"p4-page-type","embeddable":true,"href":"https:\/\/www.greenpeace.org\/sweden\/wp-json\/wp\/v2\/p4-page-type?post=52179"}],"curies":[{"name":"wp","href":"https:\/\/api.w.org\/{rel}","templated":true}]}}