{"id":52259,"date":"2022-07-06T11:23:45","date_gmt":"2022-07-06T10:23:45","guid":{"rendered":"https:\/\/www.greenpeace.org\/sweden\/?p=52259"},"modified":"2023-02-24T16:31:32","modified_gmt":"2023-02-24T15:31:32","slug":"greenpeace-forbereder-stamning-for-greenwashing-av-fossilgas-och-karnkraft","status":"publish","type":"post","link":"https:\/\/www.greenpeace.org\/sweden\/pressmeddelanden\/klimat\/greenpeace-forbereder-stamning-for-greenwashing-av-fossilgas-och-karnkraft\/","title":{"rendered":"Greenpeace f\u00f6rbereder st\u00e4mning f\u00f6r greenwashing av fossilgas och k\u00e4rnkraft"},"content":{"rendered":"\n<p>Bryssel den 6 juli 2022:&nbsp;<\/p>\n\n<p><strong>Idag h\u00f6lls omr\u00f6stningen i Europaparlamentet om huruvida gas och k\u00e4rnenergi ska klassas som h\u00e5llbara investeringar inom den s\u00e5 kallade Taxonomin. Tyv\u00e4rr lyckades inte&nbsp;tillr\u00e4ckligt m\u00e5nga r\u00f6ster samlas f\u00f6r att blockera kommissionens kontroversiella f\u00f6rslag. Greenpeace inleder nu en process f\u00f6r att vidta r\u00e4ttsliga \u00e5tg\u00e4rder mot EU-kommissionen s\u00e5 att beslutet h\u00e4vs.<\/strong><\/p>\n\n<p>\u2013 Att klassa fossilgas och k\u00e4rnkraft som h\u00e5llbart \u00e4r som att licensiera greenwashing. Det \u00e4r ett milj\u00f6vidrigt beslut som riskerar att f\u00e5 f\u00f6r\u00f6dande konsekvenser f\u00f6r klimatet. Hela processen har politiserats av fossil- och k\u00e4nkraftsindustrin. Greenpeace f\u00f6rbereder nu r\u00e4ttsliga \u00e5tg\u00e4rder och f\u00f6rv\u00e4ntar oss att beslutet h\u00e4vs i domstol, s\u00e4ger <strong>Rolf Lindahl, kampanjledare p\u00e5 Greenpeace Sverige.<\/strong><\/p>\n\n<figure class=\"wp-block-image size-full\"><img loading=\"lazy\" decoding=\"async\" width=\"1019\" height=\"381\" src=\"https:\/\/www.greenpeace.org\/static\/planet4-sweden-stateless\/2022\/07\/efc77ad4-image-1024x681-1.png\" alt=\"\" class=\"wp-image-52271\" srcset=\"https:\/\/www.greenpeace.org\/static\/planet4-sweden-stateless\/2022\/07\/efc77ad4-image-1024x681-1.png 1019w, https:\/\/www.greenpeace.org\/static\/planet4-sweden-stateless\/2022\/07\/efc77ad4-image-1024x681-1-300x112.png 300w, https:\/\/www.greenpeace.org\/static\/planet4-sweden-stateless\/2022\/07\/efc77ad4-image-1024x681-1-768x287.png 768w, https:\/\/www.greenpeace.org\/static\/planet4-sweden-stateless\/2022\/07\/efc77ad4-image-1024x681-1-510x191.png 510w\" sizes=\"auto, (max-width: 1019px) 100vw, 1019px\" \/><\/figure>\n\n<p>Bland de svenska Europaparlamentarikerna gav de liberala och moderata ledam\u00f6terna besked redan i f\u00f6rv\u00e4g att de skulle r\u00f6sta i linje med EU-kommissionens f\u00f6rslag.<\/p>\n\n<p>\u2013 De moderata och libera ledam\u00f6terna har valt sida. De har valt att r\u00f6sta med Putin. Deras r\u00f6st \u00e4r en miljardg\u00e5va r\u00e4tt in i Putins krigskassa som riskerar att ytterligare l\u00e5sa fast Europa i beroende av rysk energi, s\u00e4ger Rolf Lindahl.<\/p>\n\n<p>Innan en r\u00e4tteg\u00e5ng kan \u00e4ga rum kommer Greenpeace att l\u00e4mna in en formell beg\u00e4ran om intern granskning till kommissionen. N\u00e4r detta \u00e4r klart och resultatet \u00e4r negativt kommer Greenpeace att l\u00e4mna in sin talan till EU-domstolen.<\/p>\n\n<p><strong>Kontakt:&nbsp;<\/strong><\/p>\n\n<p><strong>Rolf Lindahl, kampanjledare, Greenpeace Sverige:<\/strong><strong><br><\/strong><a href=\"mailto:rolf.linddahl@greenpeace.org\">rolf.linddahl@greenpeace.org<\/a>, 070-397 58 70 <strong>&nbsp;<\/strong><\/p>\n\n<p>Greenpeace \u00e4r ett oberoende globalt n\u00e4tverk som agerar f\u00f6r att f\u00f6r\u00e4ndra attityder och beteeneden, f\u00f6r att f\u00f6rsvara och bevara v\u00e5r milj\u00f6 och f\u00f6r fred. Vi accepterar inte donationer fr\u00e5n regeringar, EU, f\u00f6retag eller politiska partier. Greenpeace har \u00f6ver tre miljoner givare, och 26 oberoende nationella och regionala organisationer med kontor i mer \u00e4n 55 l\u00e4nder.<\/p>\n","protected":false},"excerpt":{"rendered":"<p>Idag h\u00f6lls omr\u00f6stningen i Europaparlamentet om huruvida gas och k\u00e4rnenergi ska klassas som h\u00e5llbara investeringar inom den s\u00e5 kallade Taxonomin.<\/p>\n","protected":false},"author":34,"featured_media":52266,"comment_status":"closed","ping_status":"closed","sticky":false,"template":"","format":"standard","meta":{"ep_exclude_from_search":false,"p4_og_title":"","p4_og_description":"","p4_og_image":"","p4_og_image_id":"","p4_seo_canonical_url":"","p4_campaign_name":"not set","p4_local_project":"not set","p4_basket_name":"not set","p4_department":"","footnotes":""},"categories":[45,2],"tags":[24,49,26,25],"p4-page-type":[14],"class_list":["post-52259","post","type-post","status-publish","format-standard","has-post-thumbnail","hentry","category-energi","category-klimat","tag-fossilenergi","tag-olja","tag-atomkraft","tag-hallbarenergi","p4-page-type-pressmeddelanden"],"_links":{"self":[{"href":"https:\/\/www.greenpeace.org\/sweden\/wp-json\/wp\/v2\/posts\/52259","targetHints":{"allow":["GET"]}}],"collection":[{"href":"https:\/\/www.greenpeace.org\/sweden\/wp-json\/wp\/v2\/posts"}],"about":[{"href":"https:\/\/www.greenpeace.org\/sweden\/wp-json\/wp\/v2\/types\/post"}],"author":[{"embeddable":true,"href":"https:\/\/www.greenpeace.org\/sweden\/wp-json\/wp\/v2\/users\/34"}],"replies":[{"embeddable":true,"href":"https:\/\/www.greenpeace.org\/sweden\/wp-json\/wp\/v2\/comments?post=52259"}],"version-history":[{"count":9,"href":"https:\/\/www.greenpeace.org\/sweden\/wp-json\/wp\/v2\/posts\/52259\/revisions"}],"predecessor-version":[{"id":52274,"href":"https:\/\/www.greenpeace.org\/sweden\/wp-json\/wp\/v2\/posts\/52259\/revisions\/52274"}],"wp:featuredmedia":[{"embeddable":true,"href":"https:\/\/www.greenpeace.org\/sweden\/wp-json\/wp\/v2\/media\/52266"}],"wp:attachment":[{"href":"https:\/\/www.greenpeace.org\/sweden\/wp-json\/wp\/v2\/media?parent=52259"}],"wp:term":[{"taxonomy":"category","embeddable":true,"href":"https:\/\/www.greenpeace.org\/sweden\/wp-json\/wp\/v2\/categories?post=52259"},{"taxonomy":"post_tag","embeddable":true,"href":"https:\/\/www.greenpeace.org\/sweden\/wp-json\/wp\/v2\/tags?post=52259"},{"taxonomy":"p4-page-type","embeddable":true,"href":"https:\/\/www.greenpeace.org\/sweden\/wp-json\/wp\/v2\/p4-page-type?post=52259"}],"curies":[{"name":"wp","href":"https:\/\/api.w.org\/{rel}","templated":true}]}}