{"id":52287,"date":"2022-07-11T10:13:17","date_gmt":"2022-07-11T09:13:17","guid":{"rendered":"https:\/\/www.greenpeace.org\/sweden\/?p=52287"},"modified":"2023-02-17T09:55:33","modified_gmt":"2023-02-17T08:55:33","slug":"avskogningsrekord-i-amazonas-forsta-halvaret-2022","status":"publish","type":"post","link":"https:\/\/www.greenpeace.org\/sweden\/artiklar\/skog\/avskogningsrekord-i-amazonas-forsta-halvaret-2022\/","title":{"rendered":"Avskogningsrekord i Amazonas f\u00f6rsta halv\u00e5ret 2022"},"content":{"rendered":"\n<figure class=\"wp-block-image size-large\"><img loading=\"lazy\" decoding=\"async\" width=\"1024\" height=\"677\" src=\"https:\/\/www.greenpeace.org\/static\/planet4-sweden-stateless\/2022\/07\/1793847d-amazonas_bra\u0308nder_greenpeace-1024x677.jpeg\" alt=\"\" class=\"wp-image-52288\" srcset=\"https:\/\/www.greenpeace.org\/static\/planet4-sweden-stateless\/2022\/07\/1793847d-amazonas_bra\u0308nder_greenpeace-1024x677.jpeg 1024w, https:\/\/www.greenpeace.org\/static\/planet4-sweden-stateless\/2022\/07\/1793847d-amazonas_bra\u0308nder_greenpeace-300x198.jpeg 300w, https:\/\/www.greenpeace.org\/static\/planet4-sweden-stateless\/2022\/07\/1793847d-amazonas_bra\u0308nder_greenpeace-768x508.jpeg 768w, https:\/\/www.greenpeace.org\/static\/planet4-sweden-stateless\/2022\/07\/1793847d-amazonas_bra\u0308nder_greenpeace-510x337.jpeg 510w, https:\/\/www.greenpeace.org\/static\/planet4-sweden-stateless\/2022\/07\/1793847d-amazonas_bra\u0308nder_greenpeace.jpeg 1200w\" sizes=\"auto, (max-width: 1024px) 100vw, 1024px\" \/><figcaption class=\"wp-element-caption\">Skogsbrand i Amazonas, Brasilien. Foto: Campbell Plowden \/ Greenpeace<\/figcaption><\/figure>\n\n<p>Avskogningen i brasilianska Amazonas sl\u00e5r nya rekord, under \u00e5rets sex f\u00f6rsta m\u00e5nader har en yta p\u00e5 n\u00e4stan 4 000 kvadratkilometer regnskog f\u00f6rsvunnit, enligt officiell data fr\u00e5n <a href=\"http:\/\/terrabrasilis.dpi.inpe.br\/app\/dashboard\/alerts\/legal\/amazon\/aggregated\/\">Brasiliens rymdforskningsinstitut, INPE<\/a>. Det \u00e4r en yta st\u00f6rre \u00e4n Blekinge, den h\u00f6gsta siffran som n\u00e5gonsin rapporterats f\u00f6r samma tidsperiod. F\u00f6rra veckan sl\u00e4ppte institutet \u00e4ven statistik som visade p\u00e5 ett rekordstort antal skogsbr\u00e4nder. Enbart i juni uppt\u00e4cktes \u00f6ver 2 600 br\u00e4nder i regnskogen, det h\u00f6gsta antalet som uppm\u00e4tts i Amazonas p\u00e5 15 \u00e5r.<\/p>\n\n<p><a href=\"https:\/\/www.greenpeace.org\/sweden\/nyheter\/51165\/odesaret-2022-for-amazonas-regnskogen-nara-kollaps\/\">Tidigare i \u00e5r publicerades en vetenskaplig studie<\/a><a href=\"https:\/\/www.nature.com\/articles\/s41558-022-01287-8\"> <\/a>som visade att Amazonas n\u00e4rmar sig en brytpunkt d\u00e5 regnskogen inte l\u00e4ngre kan \u00e5terh\u00e4mta sig. Den dystra prognosen \u00e4r att stora omr\u00e5den av regnskogen snart kommer att b\u00f6rja f\u00f6rvandlas till ett ekosystem som mer liknar torr savann, vilket har katastrofala konsekvenser f\u00f6r biologisk m\u00e5ngfald, det globala klimatet och skulle f\u00f6rv\u00e4rra och \u00f6ka frekvensen av extremv\u00e4der \u00f6ver hela v\u00e4rlden.<\/p>\n\n<p>\u200b\u200b&#8221;Denna eskalerande f\u00f6rst\u00f6relse \u00e4r ett resultat av den brasilianska regeringens politik som har uppmuntrat milj\u00f6brott s\u00e5v\u00e4l som v\u00e5ld mot urfolk&#8221; s\u00e4ger Romulo Batista, talesperson hos Greenpeace Brasilien. \u201cDet \u00e4r v\u00e4ldigt sv\u00e5rt att vara optimistisk de n\u00e4rmaste m\u00e5naderna f\u00f6r Amazonas\u201d.<\/p>\n\n<p><strong>Varf\u00f6r \u00f6kar avskogningen i Amazonas?<\/strong><\/p>\n\n<p>Det \u00e4r inte en tillf\u00e4llighet att avskogningen \u00f6kar och att br\u00e4nderna blir v\u00e4rre och v\u00e4rre. Brasiliens president Jair Bolsonaro och hans regering vill tj\u00e4na s\u00e5 mycket pengar som m\u00f6jligt p\u00e5 industriellt jordbruk, gruvdrift och avverkning i regnskogen.<a href=\"https:\/\/www.dn.se\/varlden\/varsta-branderna-pa-15-ar-i-amazonas\/\"> Forskare tror att \u00f6kningen<\/a> senaste halv\u00e5ret beror p\u00e5 att Bolsonaro riskerar att f\u00f6rlora valet i oktober, d\u00e4r han st\u00e4ller upp f\u00f6r att bli omvald f\u00f6r ytterligare fyra \u00e5r. Enligt den senaste opinionsunders\u00f6kningen leder hans rival, den f\u00f6re detta v\u00e4nsterpresidenten Lula da Silva, med hela 19 procent. Ett av Lula da Silvas vall\u00f6ften \u00e4r att st\u00e4rka skyddet av v\u00e4rldens st\u00f6rsta regnskog.<\/p>\n\n<p>\u2013 Attityden sk\u00f6vlarna b\u00e4r p\u00e5 \u00e4r att \u201dvi kommer g\u00f6ra allt f\u00f6r att avverka och br\u00e4nna nu\u201d, eftersom de vet att de inte kommer att straffas av Bolsonaros regering, s\u00e4ger Ane Alencar, chef f\u00f6r milj\u00f6institutet IPAM i Amazonas.<\/p>\n\n<p><strong>S\u00e5 h\u00e4r arbetar vi f\u00f6r att r\u00e4dda Amazonas<\/strong><\/p>\n\n<p>2022 \u00e4r ett \u00f6des\u00e5r f\u00f6r Amazonas och Greenpeace mobiliserar f\u00f6r h\u00f6stens presidentval i Brasilien. Vi m\u00e5ste g\u00f6ra allt vi kan f\u00f6r att skydda v\u00e4rldens st\u00f6rsta regnskog.<\/p>\n\n<p><a href=\"https:\/\/www.greenpeace.org\/sweden\/nyheter\/52109\/greenpeace-pa-expedition-ska-visa-varfor-varlden-behover-amazonas\/\">I juni reste en grupp forskare, journalister och Greenpeace-aktivister<\/a> till de outforskade delarna av Amazonas, p\u00e5 en b\u00e5texpedition som vi kallar \u201cThe Amazon we need&#8221;. Med expeditionen vill vi visa v\u00e4rlden, men \u00e4ven det brasilianska folket, vad som st\u00e5r p\u00e5 spel. Vi kommer att dokumentera och synligg\u00f6ra f\u00f6rst\u00f6relsen som p\u00e5g\u00e5r h\u00e4r, och tillsammans med lokalsamh\u00e4llen ta fram l\u00f6sningar som tar h\u00e4nsyn till folket, klimatet och den biologiska m\u00e5ngfalden i Amazonas.&nbsp;<\/p>\n\n<figure class=\"wp-block-image size-full\"><img loading=\"lazy\" decoding=\"async\" width=\"1024\" height=\"683\" src=\"https:\/\/www.greenpeace.org\/static\/planet4-sweden-stateless\/2022\/07\/b53e5037-amazonas_fa\u030agel_greenpeace.jpeg\" alt=\"\" class=\"wp-image-52289\" srcset=\"https:\/\/www.greenpeace.org\/static\/planet4-sweden-stateless\/2022\/07\/b53e5037-amazonas_fa\u030agel_greenpeace.jpeg 1024w, https:\/\/www.greenpeace.org\/static\/planet4-sweden-stateless\/2022\/07\/b53e5037-amazonas_fa\u030agel_greenpeace-300x200.jpeg 300w, https:\/\/www.greenpeace.org\/static\/planet4-sweden-stateless\/2022\/07\/b53e5037-amazonas_fa\u030agel_greenpeace-768x512.jpeg 768w, https:\/\/www.greenpeace.org\/static\/planet4-sweden-stateless\/2022\/07\/b53e5037-amazonas_fa\u030agel_greenpeace-510x340.jpeg 510w\" sizes=\"auto, (max-width: 1024px) 100vw, 1024px\" \/><figcaption class=\"wp-element-caption\">Forskare fr\u00e5n National Institute for Research in the Amazon (INPA) \u00e4r med p\u00e5 Greenpeace-expeditionen \u00abThe Amazon We Need\u00bb f\u00f6r att studera den biologiska m\u00e5ngfalden vid Manicor\u00e9floden. Foto: Tuane Fernandes \/ Greenpeace<\/figcaption><\/figure>\n\n<p><\/p>\n\n<p>F\u00f6rutom att visa det Amazonas vi \u00e4lskar och beh\u00f6ver, \u00e4r ett annat m\u00e5l med expeditionen att underbygga varf\u00f6r det m\u00e5ste uppr\u00e4ttas ett skyddsomr\u00e5de vid Manicor\u00e9-floden.<\/p>\n\n<p>Fram\u00f6ver ska vi:<\/p>\n\n<p>&#8211; Bjuda in reportrar, fotografer och influencers till v\u00e5rt center f\u00f6r forskning i Manaus och l\u00e5ta dem f\u00f6lja med medan vi \u00f6vervakar och analyserar br\u00e4nder och avskogning i Amazonas<\/p>\n\n<p>&#8211; Planera regelbundna flygningar f\u00f6r att dokumentera br\u00e4nder och avskogning<\/p>\n\n<p>&#8211; Publicera minst tre rapporter , bland annat om de stora konsekvenserna som industriellt jordbruk har f\u00f6r avskogningen i Amazonas<\/p>\n\n<p>&#8211; Jobba f\u00f6r att f\u00e5 igenom en stark skogslag i EU som ska f\u00f6rhindra import av varor som har bidragit till avskogning och brott mot m\u00e4nskliga r\u00e4ttigheter<\/p>\n\n<p>V\u00e5ra planer \u00e4r m\u00e5nga och ambiti\u00f6sa, men vi beh\u00f6ver fler engagerade privatpersoner som st\u00f6ttar oss d\u00e5 vi inte tar emot en enda krona fr\u00e5n f\u00f6retag eller myndigheter. <a href=\"https:\/\/stod.greenpeace.org\/d\/manadsgivare-skogen\">Bli m\u00e5nadsgivare idag<\/a> s\u00e5 \u00e4r du med och k\u00e4mpar tillsammans med oss p\u00e5 plats varje dag.<\/p>\n","protected":false},"excerpt":{"rendered":"<p>Avskogningen i brasilianska Amazonas sl\u00e5r nya rekord, under \u00e5rets sex f\u00f6rsta m\u00e5nader har en yta p\u00e5 n\u00e4stan 4 000 kvadratkilometer regnskog f\u00f6rsvunnit, enligt officiell data fr\u00e5n Brasiliens rymdforskningsinstutut, INPE. Det \u00e4r en yta st\u00f6rre \u00e4n Blekinge, den h\u00f6gsta siffran som n\u00e5gonsin rapporterats f\u00f6r samma tidsperiod. F\u00f6rra veckan sl\u00e4ppte \u00e4ven institutet statistik som visade p\u00e5 ett rekordstort antal skogsbr\u00e4nder. <\/p>\n","protected":false},"author":36,"featured_media":52288,"comment_status":"closed","ping_status":"closed","sticky":false,"template":"","format":"standard","meta":{"ep_exclude_from_search":false,"p4_og_title":"","p4_og_description":"","p4_og_image":"","p4_og_image_id":"","p4_seo_canonical_url":"","p4_campaign_name":"not set","p4_local_project":"not set","p4_basket_name":"not set","p4_department":"","footnotes":""},"categories":[22],"tags":[47],"p4-page-type":[16],"class_list":["post-52287","post","type-post","status-publish","format-standard","has-post-thumbnail","hentry","category-skog","tag-regnskog","p4-page-type-artiklar"],"_links":{"self":[{"href":"https:\/\/www.greenpeace.org\/sweden\/wp-json\/wp\/v2\/posts\/52287","targetHints":{"allow":["GET"]}}],"collection":[{"href":"https:\/\/www.greenpeace.org\/sweden\/wp-json\/wp\/v2\/posts"}],"about":[{"href":"https:\/\/www.greenpeace.org\/sweden\/wp-json\/wp\/v2\/types\/post"}],"author":[{"embeddable":true,"href":"https:\/\/www.greenpeace.org\/sweden\/wp-json\/wp\/v2\/users\/36"}],"replies":[{"embeddable":true,"href":"https:\/\/www.greenpeace.org\/sweden\/wp-json\/wp\/v2\/comments?post=52287"}],"version-history":[{"count":7,"href":"https:\/\/www.greenpeace.org\/sweden\/wp-json\/wp\/v2\/posts\/52287\/revisions"}],"predecessor-version":[{"id":54350,"href":"https:\/\/www.greenpeace.org\/sweden\/wp-json\/wp\/v2\/posts\/52287\/revisions\/54350"}],"wp:featuredmedia":[{"embeddable":true,"href":"https:\/\/www.greenpeace.org\/sweden\/wp-json\/wp\/v2\/media\/52288"}],"wp:attachment":[{"href":"https:\/\/www.greenpeace.org\/sweden\/wp-json\/wp\/v2\/media?parent=52287"}],"wp:term":[{"taxonomy":"category","embeddable":true,"href":"https:\/\/www.greenpeace.org\/sweden\/wp-json\/wp\/v2\/categories?post=52287"},{"taxonomy":"post_tag","embeddable":true,"href":"https:\/\/www.greenpeace.org\/sweden\/wp-json\/wp\/v2\/tags?post=52287"},{"taxonomy":"p4-page-type","embeddable":true,"href":"https:\/\/www.greenpeace.org\/sweden\/wp-json\/wp\/v2\/p4-page-type?post=52287"}],"curies":[{"name":"wp","href":"https:\/\/api.w.org\/{rel}","templated":true}]}}