{"id":52386,"date":"2022-07-28T14:47:14","date_gmt":"2022-07-28T13:47:14","guid":{"rendered":"https:\/\/www.greenpeace.org\/sweden\/?p=52386"},"modified":"2023-02-17T15:02:02","modified_gmt":"2023-02-17T14:02:02","slug":"greenpeace-konfiskerar-langrev-i-nordatlanten-och-befriar-hotad-blahaj","status":"publish","type":"post","link":"https:\/\/www.greenpeace.org\/sweden\/artiklar\/hav\/greenpeace-konfiskerar-langrev-i-nordatlanten-och-befriar-hotad-blahaj\/","title":{"rendered":"Greenpeace konfiskerar l\u00e5ngrev i Nordatlanten och befriar hotad bl\u00e5haj"},"content":{"rendered":"\n<figure class=\"wp-block-image size-full\"><img loading=\"lazy\" decoding=\"async\" width=\"800\" height=\"533\" src=\"https:\/\/www.greenpeace.org\/static\/planet4-sweden-stateless\/2022\/07\/8750f282-bla\u030ahaj_greenpeace_havsskydd.jpg\" alt=\"\" class=\"wp-image-52387\" srcset=\"https:\/\/www.greenpeace.org\/static\/planet4-sweden-stateless\/2022\/07\/8750f282-bla\u030ahaj_greenpeace_havsskydd.jpg 800w, https:\/\/www.greenpeace.org\/static\/planet4-sweden-stateless\/2022\/07\/8750f282-bla\u030ahaj_greenpeace_havsskydd-300x200.jpg 300w, https:\/\/www.greenpeace.org\/static\/planet4-sweden-stateless\/2022\/07\/8750f282-bla\u030ahaj_greenpeace_havsskydd-768x512.jpg 768w, https:\/\/www.greenpeace.org\/static\/planet4-sweden-stateless\/2022\/07\/8750f282-bla\u030ahaj_greenpeace_havsskydd-510x340.jpg 510w\" sizes=\"auto, (max-width: 800px) 100vw, 800px\" \/><figcaption class=\"wp-element-caption\"><em>Greenpeaceaktivister fr\u00e5n fartyget Arctic Sunrise frig\u00f6r en bl\u00e5haj fr\u00e5n ett l\u00e5ngrev, juli 2022. Foto: Pedro Armestre \/ Greenpeace.<\/em><\/figcaption><\/figure>\n\n<h3 class=\"wp-block-heading\"><strong><em>Greenpeaceaktivister ombord p\u00e5 fartyget Arctic Sunrise har konfiskerat fiskeutrustning fr\u00e5n tv\u00e5 europeiska industriella fiskeflottor i Nordatlanten. En av dem fiskade dessutom i ett marint havsreservat som ska vara skyddat fr\u00e5n industriellt fiske.&nbsp;<\/em><\/strong><\/h3>\n\n<p><strong>Aktivisterna konfiskerade ett 30,2 km l\u00e5ngrev med 286 krokar.<\/strong> L\u00e5ngrevsfiske \u00e4r en kritiserad fiskeform och utg\u00f6r ett globalt problem f\u00f6r sj\u00f6f\u00e5glar eftersom dessa fastnar i krokarna och drunknar n\u00e4r de f\u00f6rs\u00f6ker ta betesfisken. <strong>Under aktionen<\/strong><strong> befriades \u00e4ven en bl\u00e5haj (en n\u00e4ra hotad art), sju sv\u00e4rdfiskar och andra marina djur som hade f\u00e5ngats.<\/strong><\/p>\n\n<p>Maria Jos\u00e9 Caballera fr\u00e5n Greenpeace i Spanien \u00e4r ombord p\u00e5 Arctic Sunrise: \u201cVi kunde bara konfiskera en liten del av fiskeutrustningen men det vi hittade klarg\u00f6r hur destruktivt det industriella fisket verkligen \u00e4r. Vad \u00e4r po\u00e4ngen med att skydda ett omr\u00e5de om den h\u00e4r typen av milj\u00f6f\u00f6rst\u00f6relse fortfarande \u00e4r till\u00e5tet?&nbsp;<\/p>\n\n<p>Det industriella fisket i det marina havsreservatet i Nordatlanten, Milne Seamount Complex, belyser utmaningarna n\u00e4r det g\u00e4ller att skydda internationella vatten. L\u00e5ngrevsfiske \u00e4r lagligt h\u00e4r, men allt industriellt fiske av det h\u00e4r slaget p\u00e5verkar ekosystemen.<strong> Detta \u00e4r \u00e4nnu ett exempel p\u00e5 varf\u00f6r vi beh\u00f6ver ett globalt havsavtal f\u00f6r att skydda internationella vatten fr\u00e5n destruktivt, industriellt fiske.<\/strong><\/p>\n\n<p>De industriella fiskeflottorna fr\u00e5n Spanien fiskade efter hajar och sv\u00e4rdfiskar. L\u00e5ngrevsfiske har utvecklats till att g\u00f6ra bif\u00e5ngst av hajar l\u00f6nsamt. <strong>Fiskefartygen anv\u00e4nder l\u00e5ngrevar som kan vara upp till 100 kilometer l\u00e5nga, med tusentals krokar.<\/strong><\/p>\n\n<p>Maria Jos\u00e9 Caballero fr\u00e5n Greenpeace forts\u00e4tter:<\/p>\n\n<p>\u201cEU och dess medlemsl\u00e4nder d\u00e4ribland Spanien uppger sig vara f\u00f6rk\u00e4mpar f\u00f6r havsskydd, samtidigt som dess fiskefartyg orsakar enorm skada p\u00e5 haven. Det \u00e4r ett enda stort hyckleri.<strong> Vi beh\u00f6ver ett starkt globalt havsavtal som ska s\u00e4tta de r\u00e4ttsliga ramarna f\u00f6r att uppn\u00e5 ett skydd av v\u00e5ra hav.<\/strong><\/p>\n\n<p>Greenpeace k\u00e4mpar f\u00f6r att v\u00e4rldens beslutsfattare ska f\u00f6rhandla fram ett globalt havsavtal vid FN-f\u00f6rhandlingar i augusti. <strong>Om man inte kommer \u00f6verens om ett starkt avtal kommer det att bli om\u00f6jligt att leverera p\u00e5 kravet att 30 procent av v\u00e4rldens hav \u00e4r helt skyddade innan 2030. Forskare har klargjort att detta \u00e4r det minimum som kr\u00e4vs f\u00f6r att ge haven utrymme att \u00e5terh\u00e4mta sig.<\/strong><\/p>\n\n<p>Vill du se fler aktioner som denna fr\u00e5n v\u00e4rldens st\u00f6rsta oberoende milj\u00f6organisation?<a href=\"https:\/\/stod.greenpeace.org\/d\/manadsgivare-havet\"> <strong>Bli d\u00e5 en del av oss genom att st\u00f6tta oss med valfritt belopp varje m\u00e5nad om du inte redan g\u00f6r det.<\/strong><\/a> Vi tar inte emot pengar fr\u00e5n stater eller f\u00f6retag, vilket ger oss en oberoende r\u00f6st som endast talar f\u00f6r milj\u00f6ns intressen. D\u00e4rf\u00f6r \u00e4r det ekonomiska st\u00f6det fr\u00e5n m\u00e4nniskor som du avg\u00f6rande f\u00f6r att vi ska kunna forts\u00e4tta v\u00e5rt arbete!<\/p>\n","protected":false},"excerpt":{"rendered":"<p>Greenpeaceaktivister ombord p\u00e5 fartyget Arctic Sunrise har konfiskerat fiskeutrustning fr\u00e5n tv\u00e5 europeiska industriella fiskeflottor i Nordatlanten. En av dem fiskade dessutom i ett marint havsreservat som ska vara skyddat fr\u00e5n industriellt fiske.\u00a0Under aktionen befriades \u00e4ven en bl\u00e5haj &#8211; en n\u00e4ra hotad art.<\/p>\n","protected":false},"author":36,"featured_media":52387,"comment_status":"closed","ping_status":"closed","sticky":false,"template":"","format":"standard","meta":{"ep_exclude_from_search":false,"p4_og_title":"","p4_og_description":"","p4_og_image":"","p4_og_image_id":"","p4_seo_canonical_url":"","p4_campaign_name":"not set","p4_local_project":"not set","p4_basket_name":"not set","p4_department":"","footnotes":""},"categories":[3],"tags":[28,30],"p4-page-type":[16],"class_list":["post-52386","post","type-post","status-publish","format-standard","has-post-thumbnail","hentry","category-hav","tag-overfiske","tag-marinaskyddadeomraden","p4-page-type-artiklar"],"_links":{"self":[{"href":"https:\/\/www.greenpeace.org\/sweden\/wp-json\/wp\/v2\/posts\/52386","targetHints":{"allow":["GET"]}}],"collection":[{"href":"https:\/\/www.greenpeace.org\/sweden\/wp-json\/wp\/v2\/posts"}],"about":[{"href":"https:\/\/www.greenpeace.org\/sweden\/wp-json\/wp\/v2\/types\/post"}],"author":[{"embeddable":true,"href":"https:\/\/www.greenpeace.org\/sweden\/wp-json\/wp\/v2\/users\/36"}],"replies":[{"embeddable":true,"href":"https:\/\/www.greenpeace.org\/sweden\/wp-json\/wp\/v2\/comments?post=52386"}],"version-history":[{"count":2,"href":"https:\/\/www.greenpeace.org\/sweden\/wp-json\/wp\/v2\/posts\/52386\/revisions"}],"predecessor-version":[{"id":54615,"href":"https:\/\/www.greenpeace.org\/sweden\/wp-json\/wp\/v2\/posts\/52386\/revisions\/54615"}],"wp:featuredmedia":[{"embeddable":true,"href":"https:\/\/www.greenpeace.org\/sweden\/wp-json\/wp\/v2\/media\/52387"}],"wp:attachment":[{"href":"https:\/\/www.greenpeace.org\/sweden\/wp-json\/wp\/v2\/media?parent=52386"}],"wp:term":[{"taxonomy":"category","embeddable":true,"href":"https:\/\/www.greenpeace.org\/sweden\/wp-json\/wp\/v2\/categories?post=52386"},{"taxonomy":"post_tag","embeddable":true,"href":"https:\/\/www.greenpeace.org\/sweden\/wp-json\/wp\/v2\/tags?post=52386"},{"taxonomy":"p4-page-type","embeddable":true,"href":"https:\/\/www.greenpeace.org\/sweden\/wp-json\/wp\/v2\/p4-page-type?post=52386"}],"curies":[{"name":"wp","href":"https:\/\/api.w.org\/{rel}","templated":true}]}}