{"id":52437,"date":"2022-08-19T08:59:01","date_gmt":"2022-08-19T07:59:01","guid":{"rendered":"https:\/\/www.greenpeace.org\/sweden\/?p=52437"},"modified":"2023-02-20T14:51:56","modified_gmt":"2023-02-20T13:51:56","slug":"dn-debatt-svenska-politiker-sviker-nar-varlden-star-i-lagor","status":"publish","type":"post","link":"https:\/\/www.greenpeace.org\/sweden\/pressmeddelanden\/klimat\/dn-debatt-svenska-politiker-sviker-nar-varlden-star-i-lagor\/","title":{"rendered":"DN Debatt: Svenska politiker sviker n\u00e4r v\u00e4rlden st\u00e5r i l\u00e5gor"},"content":{"rendered":"\n<p><strong>Politikernas f\u00f6rslag om s\u00e4nkta bensinskatter och \u00e5terb\u00e4ring till stora el\u00adf\u00f6rbrukare inneb\u00e4r att den svenska klimatpolitiken f\u00f6rs bak\u00e5t i st\u00e4llet f\u00f6r fram\u00e5t. Nu m\u00e5ste resten av val\u00adr\u00f6relsen handla om att tala klarspr\u00e5k om vilka \u00ad\u00e5tg\u00e4rder som kr\u00e4vs som f\u00f6rbud mot fossila br\u00e4nslen och \u00f6kat skydd av skog, \u00adskriver f\u00f6retr\u00e4dare f\u00f6r elva klimat- och milj\u00f6organisationer.<\/strong><\/p>\n\n<figure class=\"wp-block-image size-full\"><img loading=\"lazy\" decoding=\"async\" width=\"915\" height=\"807\" src=\"https:\/\/www.greenpeace.org\/static\/planet4-sweden-stateless\/2022\/08\/a915b64a-dn-debatt.png\" alt=\"\" class=\"wp-image-52438\" srcset=\"https:\/\/www.greenpeace.org\/static\/planet4-sweden-stateless\/2022\/08\/a915b64a-dn-debatt.png 915w, https:\/\/www.greenpeace.org\/static\/planet4-sweden-stateless\/2022\/08\/a915b64a-dn-debatt-300x265.png 300w, https:\/\/www.greenpeace.org\/static\/planet4-sweden-stateless\/2022\/08\/a915b64a-dn-debatt-768x677.png 768w, https:\/\/www.greenpeace.org\/static\/planet4-sweden-stateless\/2022\/08\/a915b64a-dn-debatt-386x340.png 386w\" sizes=\"auto, (max-width: 915px) 100vw, 915px\" \/><\/figure>\n\n<p>I v\u00e5ras dog uttorkade f\u00e5glar av hettan i Indien. Nu i sommar har hundratals f\u00e5gelungar d\u00f6tt i Italien och Spanien p\u00e5 grund av \u00f6verhettning. \u00d6ver 100 miljoner m\u00e4nniskor i USA har inte kunnat g\u00e5 ut p\u00e5 grund av den extrema v\u00e4rmen under sommaren. S\u00f6dra Europa har drabbats av \u00e5terkommande extrema v\u00e4rmeb\u00f6ljor denna sommar med sk\u00f6rdebortfall, h\u00e4lsoproblem och omfattande skogsbr\u00e4nder. De h\u00f6ga temperaturerna leder ocks\u00e5 till uteblivna sk\u00f6rdar v\u00e4rlden \u00f6ver. FN&nbsp;<a href=\"https:\/\/www.un.org\/sg\/en\/content\/sg\/speeches\/2022-05-18\/secretary-generals-remarks-the-global-food-security-call-action-ministerial%C2%A0\">varnar f\u00f6r att omfattande sv\u00e4lt hotar<\/a>.<\/p>\n\n<p>Rysslands angrepp mot Ukraina har f\u00f6rv\u00e4rrat situationen eftersom Ukraina \u00e4r en stor export\u00f6r av viktiga gr\u00f6dor. Kriget har i ett slag satt den globala energi\u00adf\u00f6rs\u00f6rjningen i blickpunkten. Det framst\u00e5r allt tydligare att beroendet av fossila br\u00e4nslen \u00e4r ett hot mot v\u00e5r trygghet och f\u00f6rs\u00f6rjning.<\/p>\n\n<p>Energi och livsmedel \u00f6kar snabbt till rekordh\u00f6ga priser. Det visar tydligt de starka kopplingarna mellan s\u00e4kerhetskrisen, ekonomikrisen och den alltmer n\u00e4rvarande klimat- och milj\u00f6krisen.<\/p>\n\n<p><strong>Men hittills har<\/strong>&nbsp;v\u00e4ldigt lite av detta tagit plats i den svenska valr\u00f6relsen. Snarare tycks stora delar av den politiska sf\u00e4ren g\u00e5 \u00e5t motsatt h\u00e5ll. Granskningar gjorda av bland andra V\u00e4rldsnaturfonden WWF och Naturskyddsf\u00f6reningen visar att flera partier snarare s\u00e4nkt sina ambitioner i klimatpolitiken. Kortsiktiga beslut om s\u00e4nkta bensinskatter, \u00e5terb\u00e4ring till storf\u00f6rbrukare av el, storskaliga satsningar p\u00e5 nya motorv\u00e4gar f\u00f6r den svenska klimatpolitiken bak\u00e5t i st\u00e4llet f\u00f6r fram\u00e5t.<\/p>\n\n<p>\u00c4ven i EU-politiken agerar Sverige mer och mer som en bromskloss. Sverige motverkar EU-f\u00f6rslag om \u00f6kad kolinlagring och \u00f6kat skydd av skog, samt mots\u00e4tter sig planerna p\u00e5 att snabbare fasa ut gratis utsl\u00e4ppsr\u00e4tter som fortfarande finns kvar i EU:s system f\u00f6r handel med utsl\u00e4pp.<\/p>\n\n<p>Detta g\u00f6r oss, som representerar stora delar av den svenska klimat- och milj\u00f6r\u00f6relsen, djupt bekymrade \u00f6ver den p\u00e5g\u00e5ende valr\u00f6relsen. Klimat\u00adkrisen och hoten mot ekosystemen pausar inte fast\u00e4n det finns andra akuta och n\u00e4raliggande bekymmer att hantera. Tv\u00e4rtom. Ju l\u00e4ngre de kraftfulla \u00e5tg\u00e4rderna dr\u00f6jer, desto mer kostsamma och destruktiva kommer klimat- och milj\u00f6effekterna att bli.<\/p>\n\n<p><strong>Nuvarande h\u00e5llning<\/strong>&nbsp;fr\u00e5n flertalet partier invaggar v\u00e4ljarna i en falsk trygghet om att l\u00e4get \u00e4r under kontroll. Nyligen framstod det som att k\u00f6erna p\u00e5 Arlanda \u00e4r det st\u00f6rsta transportpolitiska bekymret i landet.<\/p>\n\n<p>Det \u00e4r oerh\u00f6rt viktigt att politiker nu, i denna valr\u00f6relse, talar klarspr\u00e5k om att vi befinner oss i en klimatkris som f\u00e5r mycket st\u00f6rre konsekvenser f\u00f6r hela v\u00e4rlden \u00e4n vad coronakrisen haft.<\/p>\n\n<p>F\u00f6ljande grundl\u00e4ggande \u00e5tg\u00e4rder m\u00e5ste genomf\u00f6ras f\u00f6r att Sverige ska ta sitt ansvar i klimatkrisen:<\/p>\n\n<p><strong>1.<\/strong><strong>Det beh\u00f6vs ett klimatpolitiskt ramverk som lever upp till Parisavtalet.<\/strong>&nbsp;Sveriges r\u00e5dande klimatpolitik med sikte p\u00e5 nettonollutsl\u00e4pp 2045 inneb\u00e4r att vi inte kommer att leva upp till Parisavtalet. Vi beh\u00f6ver n\u00e5 nollutsl\u00e4pp tidigare. D\u00e4rf\u00f6r beh\u00f6vs en nationell utsl\u00e4ppsbudget baserad p\u00e5 Paris\u00adavtalets 1,5-gradersm\u00e5l, som h\u00e5ller sig inom det utsl\u00e4ppsutrymme angivet av den globala koldioxidbudget som FN:s klimatpanel IPCC tagit fram.<\/p>\n\n<p><strong>2.<\/strong><strong>Det beh\u00f6vs en grundl\u00e4ggande omst\u00e4llning av hela transportsektorn.<\/strong>&nbsp;Ett flertal rapporter har visat att transporterna med bil, lastbil och flyg m\u00e5ste minska v\u00e4sentligt f\u00f6r att klimatm\u00e5len ska n\u00e5s. Det r\u00e4cker inte med br\u00e4nslebyte. En betydande del av s\u00e4rskilt den stadsn\u00e4ra persontrafiken beh\u00f6ver med olika styrmedel f\u00f6ras \u00f6ver fr\u00e5n biltrafik till g\u00e5ng, cykel och kollektivtrafik. Omfattande och tidiga satsningar kr\u00e4vs f\u00f6r j\u00e4rnv\u00e4gsn\u00e4tet inklusive stambanorna. Flyget m\u00e5ste minska kraftigt eftersom omst\u00e4llningen till el och h\u00e5llbara drivmedel inte kommer att ske tillr\u00e4ckligt snabbt. D\u00e4rut\u00f6ver m\u00e5ste flyget ta ansvar f\u00f6r hela sin klimatp\u00e5verkan.<\/p>\n\n<p><strong>3.<\/strong><strong>Industrin m\u00e5ste st\u00e4lla om till fossil\u00adfrihet<\/strong>&nbsp;<strong>genom fossilbr\u00e4nsle\u00adf\u00f6rbud och snabbare utfasning av gratis tilldelade utsl\u00e4ppsr\u00e4tter.<\/strong>&nbsp;Ett f\u00f6rbud mot att anv\u00e4nda fossila br\u00e4nslen b\u00f6r instiftas i lag under kommande mandat\u00adperiod och g\u00e4lla senast 2030. Svenska EU-parlamentariker, ministrar och riksdagsledam\u00f6ter b\u00f6r driva p\u00e5 inom EU f\u00f6r att EU:s handel med utsl\u00e4ppsr\u00e4tter (ETS) ska sk\u00e4rpas i flera olika delar. ETS-systemet m\u00e5ste vid sidan av l\u00e4ndernas \u00f6vriga \u00e5taganden om utsl\u00e4ppsminskningar uppn\u00e5 en minskning p\u00e5 minst 70 procent till 2030 j\u00e4mf\u00f6rt med 2005 f\u00f6r att vara i linje med 1,5-gradersm\u00e5let.<\/p>\n\n<p><strong>4.<\/strong><strong>Skyddet av v\u00e5ra skogar m\u00e5ste st\u00e4rkas f\u00f6r \u00f6kad kollagring och friska ekosystem.<\/strong>&nbsp;Klimatf\u00f6r\u00e4ndringarna utg\u00f6r ett hot mot den biologiska m\u00e5ngfalden, som i sin tur har en avg\u00f6rande betydelse f\u00f6r v\u00e5r f\u00f6rm\u00e5ga att klara klimatf\u00f6r\u00e4ndringarna. Levande skogar \u00e4r ocks\u00e5 vitala f\u00f6r m\u00e5nga m\u00e4nniskors kultur och f\u00f6rs\u00f6rjning, inte minst f\u00f6r renn\u00e4ringen i S\u00e1pmi. Att v\u00e4rna om kollagret i friska ekosystem som skogar \u00e4r ett av v\u00e5ra n\u00e4rmast st\u00e5ende medel f\u00f6r att bek\u00e4mpa en \u00f6kning av klimatf\u00f6r\u00e4ndrande v\u00e4xthusgaser i v\u00e5r atmosf\u00e4r. F\u00f6r att klara milj\u00f6m\u00e5len, s\u00e4kra v\u00e5ra ekosystem och mildra effekterna av klimatf\u00f6r\u00e4ndringarna m\u00e5ste Sverige skydda minst 30 procent av v\u00e5ra skogar p\u00e5 representativ landskapsniv\u00e5 och utveckla ett mer naturn\u00e4ra och h\u00e4nsynsfullt skogsbruk.<\/p>\n\n<p><strong>5.<\/strong><strong>Den folkliga delaktigheten och tillg\u00e5ngen till information om klimat och milj\u00f6 beh\u00f6ver fr\u00e4mjas.<\/strong>&nbsp;F\u00f6r att lyckas p\u00e5skynda klimatomst\u00e4llningen kr\u00e4vs att n\u00e4sta regering tar fram konkreta \u00e5tg\u00e4rder f\u00f6r folkbildning, utbildning och allm\u00e4nhetens medverkan \u2013 i enlighet med vad&nbsp;<a href=\"https:\/\/www.naturvardsverket.se\/om-oss\/regeringsuppdrag\/slutredovisade-regeringsuppdrag\/genomforande-av-parisavtalets-artikel-12\/\">Sverige \u00e5tagit sig genom artikel 12 i Parisavtalet<\/a>. Insatsen b\u00f6r bland annat involvera studief\u00f6rbund och folkh\u00f6gskolor, grund- och gymnasieskolor samt civilsamh\u00e4llet.<\/p>\n\n<p><strong>F\u00f6re valet i h\u00f6st<\/strong>&nbsp;beh\u00f6ver samtliga partier ge tydliga besked om var de st\u00e5r i dessa avg\u00f6rande fr\u00e5gor och visa v\u00e4ljarna att de \u00e4r beredda att ta det ansvar som v\u00e5r v\u00e4lf\u00e4rd, trygghet och f\u00f6rs\u00f6rjning beh\u00f6ver.<\/p>\n\n<p><strong>Tove Ahlstr\u00f6m<\/strong>, vd, Global utmaning<\/p>\n\n<p id=\"block-08be133e-9870-4c9c-a808-7bfd5382c430\"><strong>Erika Bjureby<\/strong>, Sverigechef, Greenpeace<\/p>\n\n<p><strong style=\"font-size: var(--text--x-large-and-up--font-size,1.25rem); color: initial; font-family: var(--body--font-family,&quot;Noto Serif&quot;,serif); text-align: var(--bs-body-text-align);\">Pia Bj\u00f6rstrand<\/strong><span style=\"font-size: var(--text--x-large-and-up--font-size,1.25rem); color: initial; font-family: var(--body--font-family,&quot;Noto Serif&quot;,serif); font-weight: var(--bs-body-font-weight); text-align: var(--bs-body-text-align);\">, talesperson, Klimat\u00adaktion<\/span><\/p>\n\n<p><strong>Pia Bj\u00f6rstrand<\/strong>, talesperson, Klimat\u00adaktion<\/p>\n\n<p><strong>Alexandra Davidsson<\/strong>, generalsekreterare, f\u00f6reningen Medveten konsumtion<\/p>\n\n<p><strong>Frida Berry Eklund<\/strong>, talesperson, V\u00e5ra barns klimat<\/p>\n\n<p><strong>Anna Jonsson och Gunnar Lind<\/strong>, medgrundare, tankesmedjan New \u00adWeather Sverige<\/p>\n\n<p><strong>Gustaf Lind<\/strong>, generalsekreterare, WWF Sverige<\/p>\n\n<p><strong>Johanna Sandahl<\/strong>, ordf\u00f6rande, Naturskyddsf\u00f6reningen<\/p>\n\n<p><strong>Maria Soxbo och Emma Sundh<\/strong>, medgrundare, Klimatklubben<\/p>\n\n<p><strong>Torbj\u00f6rn Vennstr\u00f6m<\/strong>, ordf\u00f6rande, Klimatriksdagen<\/p>\n\n<p><strong>Nastaran Zargari<\/strong>, Jordens v\u00e4nner<\/p>\n","protected":false},"excerpt":{"rendered":"<p>Elva klimat- och milj\u00f6organisationer: Nu m\u00e5ste resten av valr\u00f6relsen handla om f\u00f6rbud mot fossila br\u00e4nslen och \u00f6kat skydd av skog. <\/p>\n","protected":false},"author":34,"featured_media":52438,"comment_status":"closed","ping_status":"closed","sticky":false,"template":"","format":"standard","meta":{"ep_exclude_from_search":false,"p4_og_title":"","p4_og_description":"","p4_og_image":"","p4_og_image_id":"","p4_seo_canonical_url":"","p4_campaign_name":"not set","p4_local_project":"not set","p4_basket_name":"not set","p4_department":"","footnotes":""},"categories":[45,3,2,22],"tags":[40,24,23,25,31,53],"p4-page-type":[14],"class_list":["post-52437","post","type-post","status-publish","format-standard","has-post-thumbnail","hentry","category-energi","category-hav","category-klimat","category-skog","tag-biodiversitet","tag-fossilenergi","tag-globaluppvarmning","tag-hallbarenergi","tag-aktivism","tag-svenskpolitik","p4-page-type-pressmeddelanden"],"_links":{"self":[{"href":"https:\/\/www.greenpeace.org\/sweden\/wp-json\/wp\/v2\/posts\/52437","targetHints":{"allow":["GET"]}}],"collection":[{"href":"https:\/\/www.greenpeace.org\/sweden\/wp-json\/wp\/v2\/posts"}],"about":[{"href":"https:\/\/www.greenpeace.org\/sweden\/wp-json\/wp\/v2\/types\/post"}],"author":[{"embeddable":true,"href":"https:\/\/www.greenpeace.org\/sweden\/wp-json\/wp\/v2\/users\/34"}],"replies":[{"embeddable":true,"href":"https:\/\/www.greenpeace.org\/sweden\/wp-json\/wp\/v2\/comments?post=52437"}],"version-history":[{"count":3,"href":"https:\/\/www.greenpeace.org\/sweden\/wp-json\/wp\/v2\/posts\/52437\/revisions"}],"predecessor-version":[{"id":54721,"href":"https:\/\/www.greenpeace.org\/sweden\/wp-json\/wp\/v2\/posts\/52437\/revisions\/54721"}],"wp:featuredmedia":[{"embeddable":true,"href":"https:\/\/www.greenpeace.org\/sweden\/wp-json\/wp\/v2\/media\/52438"}],"wp:attachment":[{"href":"https:\/\/www.greenpeace.org\/sweden\/wp-json\/wp\/v2\/media?parent=52437"}],"wp:term":[{"taxonomy":"category","embeddable":true,"href":"https:\/\/www.greenpeace.org\/sweden\/wp-json\/wp\/v2\/categories?post=52437"},{"taxonomy":"post_tag","embeddable":true,"href":"https:\/\/www.greenpeace.org\/sweden\/wp-json\/wp\/v2\/tags?post=52437"},{"taxonomy":"p4-page-type","embeddable":true,"href":"https:\/\/www.greenpeace.org\/sweden\/wp-json\/wp\/v2\/p4-page-type?post=52437"}],"curies":[{"name":"wp","href":"https:\/\/api.w.org\/{rel}","templated":true}]}}