{"id":52478,"date":"2022-08-29T14:08:57","date_gmt":"2022-08-29T13:08:57","guid":{"rendered":"https:\/\/www.greenpeace.org\/sweden\/?p=52478"},"modified":"2023-02-17T10:55:25","modified_gmt":"2023-02-17T09:55:25","slug":"fn-forhandlingarna-for-ett-globalt-havsavtal-kollapsar-medan-haven-dor","status":"publish","type":"post","link":"https:\/\/www.greenpeace.org\/sweden\/pressmeddelanden\/hav\/fn-forhandlingarna-for-ett-globalt-havsavtal-kollapsar-medan-haven-dor\/","title":{"rendered":"FN-f\u00f6rhandlingarna f\u00f6r ett globalt havsavtal kollapsar medan haven d\u00f6r"},"content":{"rendered":"\n<p><strong>New York, 26 augusti 2022: <\/strong><\/p>\n\n<p><strong>V\u00e4rldens ledare har \u00e5terigen misslyckats med att enas om ett globalt havsavtal som kan r\u00e4dda v\u00e5ra d\u00f6ende hav och m\u00f6jligg\u00f6ra att 30 procent av v\u00e4rldshaven skyddas till 2030. Detta trots att betydande framsteg gjordes under m\u00f6tets sista 48 timmar.<\/strong><\/p>\n\n<figure class=\"wp-block-image size-full\"><img loading=\"lazy\" decoding=\"async\" width=\"828\" height=\"433\" src=\"https:\/\/www.greenpeace.org\/static\/planet4-sweden-stateless\/2022\/08\/b4b7948e-ocaen.jpg\" alt=\"\" class=\"wp-image-52479\" srcset=\"https:\/\/www.greenpeace.org\/static\/planet4-sweden-stateless\/2022\/08\/b4b7948e-ocaen.jpg 828w, https:\/\/www.greenpeace.org\/static\/planet4-sweden-stateless\/2022\/08\/b4b7948e-ocaen-300x157.jpg 300w, https:\/\/www.greenpeace.org\/static\/planet4-sweden-stateless\/2022\/08\/b4b7948e-ocaen-768x402.jpg 768w, https:\/\/www.greenpeace.org\/static\/planet4-sweden-stateless\/2022\/08\/b4b7948e-ocaen-510x267.jpg 510w\" sizes=\"auto, (max-width: 828px) 100vw, 828px\" \/><figcaption class=\"wp-element-caption\">Greenpeace aktivister inf\u00f6r f\u00f6rhandlingarna, Kattegatt aug-22. N\u00e4sta \u00e5r tar Sverige \u00f6ver ordf\u00f6randeklubban i EU och <a href=\"https:\/\/twitter.com\/AnnLinde\/status\/1563455473869012993\">Sveriges Utrikesminster Ann Linde<\/a> har uttalat att ett globalt avtal f\u00f6r att r\u00e4dda haven beh\u00f6vs mer \u00e4n n\u00e5gonsin. Sverige under kommande ordf\u00f6randeskap i EU ska  forts\u00e4tta att driva p\u00e5 f\u00f6r ett ambiti\u00f6st havsavtal om ett globalt f\u00f6rdrag.<\/figcaption><\/figure>\n\n<p>L\u00e4nderna som anslutit sig till den s\u00e5 kallade High Ambition Coallition lyckades inte driva p\u00e5 f\u00f6rhandlingarna och fastnade i detaljer kring exempelvis finansiering, vilket \u00e4ventyrade alla andra framsteg som gjordes under samtalsrundan. Det resulterade i att f\u00f6rhandlingarna inte hann avhandla alla fr\u00e5gor som beh\u00f6vdes f\u00f6r ett avtal. High Ambition Coallition och l\u00e4nder som USA har lovat ett avtal under 2022, vilket blir allt sv\u00e5rare att uppn\u00e5.<\/p>\n\n<p>&#8211; Haven uppr\u00e4tth\u00e5ller allt liv p\u00e5 jorden, men under de senaste tv\u00e5 veckorna har den sj\u00e4lvutn\u00e4mnda High Ambition Coalition inte visat tillr\u00e4ckligt med ambition eller br\u00e5dska f\u00f6rr\u00e4n de sista timmarna. Som ett resultat har de misslyckats med att leverera ett starkt globalt havsavtal. De lovade oss ett avtal 2022, men tiden b\u00f6rjar ta slut.&nbsp; Vi \u00e4r ledsna och besvikna, <strong>s\u00e4ger Laura Meller, global kampanjledare f\u00f6r Greenpeaces havskampanj.<\/strong><\/p>\n\n<p>F\u00f6rhandlingarna har nu avbrutits, vilket kr\u00e4ver ytterligare en runda. Tiden b\u00f6rjar rinna ut f\u00f6r att slutf\u00f6ra ett f\u00f6rdrag som kan leverera havsreservat f\u00f6r att&nbsp; skydda 30 procent av v\u00e4rldens hav till 2030. F\u00f6r att klara den tidsramen det m\u00e5ste vi skydda elva miljoner kvadratkilometer hav \u00e5rligen mellan nu och 2030 och d\u00e5 m\u00e5ste ett globalt havsavtal antas i \u00e5r, utan f\u00f6rseningar.<\/p>\n\n<p>&#8211; Vi har v\u00e4ntat i 18 \u00e5r p\u00e5 att v\u00e5ra ledare ska enas om ett globalt havsavtal som \u00e4r tillr\u00e4ckligt starkt f\u00f6r att v\u00e5ra hotade hav ska f\u00e5 en chans att \u00e5terh\u00e4mta sig. V\u00e4rldsledarnas of\u00f6rm\u00e5ga att fatta beslut i denna \u00f6desfr\u00e5ga \u00e4r ett fruktansv\u00e4rt misslyckande som fr\u00e4mst drabbar alla individer som lever i havet, de m\u00e4nniskor vars inkomst och n\u00e4ring beror p\u00e5 friska hav samt framtida generationer,<strong> s\u00e4ger Sandra Lamborn, ansvarig f\u00f6r havsfr\u00e5gor p\u00e5 Greenpeace.<\/strong><\/p>\n\n<p>Medan vissa grupper, som Stillahavs\u00f6arna och l\u00e4nder i&nbsp; Karibien, har drivit p\u00e5 h\u00e5rt f\u00f6r att f\u00e5 avtalet \u00f6ver m\u00e5llinjen s\u00e5 har l\u00e4nderna i globala Nord dagen innan f\u00f6rhandlingarna avslutadesf\u00f6rst b\u00f6rjat driva p\u00e5 f\u00f6r att n\u00e5 kompromisser i vissa nyckelfr\u00e5gor. En av de fr\u00e4msta bromsklossarna i f\u00f6rhandlingarna var Ryssland, som b\u00e5de v\u00e4grat att delta i f\u00f6rhandlingsprocessen och i f\u00f6rs\u00f6ken att n\u00e5 en kompromiss.<\/p>\n\n<p>Ett extrainsatt n\u00f6dm\u00f6te m\u00e5ste nu h\u00e5llas innan \u00e5rsskiftet f\u00f6r att avsluta f\u00f6rhandlingarna. Om det inte g\u00f6rs kommer det bli en \u00e4n st\u00f6rre utmaning att skydda 30 procent av v\u00e4rldens hav till 2030 &#8211; vilket enligt en enad forskark\u00e5r \u00e4r ett minimum f\u00f6r att haven ska ha en m\u00f6jlighet f\u00f6r \u00e5terh\u00e4mtning.<\/p>\n\n<p><strong>Kontakt<\/strong>:<\/p>\n\n<p><strong>Sandra Lamborn, ansvarig havsfr\u00e5gor, Greenpeace<br><\/strong>Mail: sandra.lamborn@greenpeace.org <br>Tel: 073 982 65 83<br><strong>Daniel Bengtsson, kommunikationschef , Greenpeace Norden <\/strong><br>Mail: daniel.bengtsson@greenpeace.org<br>Tel: 070 300 95 10<\/p>\n","protected":false},"excerpt":{"rendered":"<p>V\u00e4rldens ledare har \u00e5terigen misslyckats med att enas om ett globalt havsavtal som kan r\u00e4dda v\u00e5ra d\u00f6ende hav.<\/p>\n","protected":false},"author":90,"featured_media":52479,"comment_status":"closed","ping_status":"closed","sticky":false,"template":"","format":"standard","meta":{"ep_exclude_from_search":false,"p4_og_title":"","p4_og_description":"","p4_og_image":"","p4_og_image_id":"","p4_seo_canonical_url":"","p4_campaign_name":"not set","p4_local_project":"not set","p4_basket_name":"not set","p4_department":"","footnotes":""},"categories":[3],"tags":[30],"p4-page-type":[14],"class_list":["post-52478","post","type-post","status-publish","format-standard","has-post-thumbnail","hentry","category-hav","tag-marinaskyddadeomraden","p4-page-type-pressmeddelanden"],"_links":{"self":[{"href":"https:\/\/www.greenpeace.org\/sweden\/wp-json\/wp\/v2\/posts\/52478","targetHints":{"allow":["GET"]}}],"collection":[{"href":"https:\/\/www.greenpeace.org\/sweden\/wp-json\/wp\/v2\/posts"}],"about":[{"href":"https:\/\/www.greenpeace.org\/sweden\/wp-json\/wp\/v2\/types\/post"}],"author":[{"embeddable":true,"href":"https:\/\/www.greenpeace.org\/sweden\/wp-json\/wp\/v2\/users\/90"}],"replies":[{"embeddable":true,"href":"https:\/\/www.greenpeace.org\/sweden\/wp-json\/wp\/v2\/comments?post=52478"}],"version-history":[{"count":6,"href":"https:\/\/www.greenpeace.org\/sweden\/wp-json\/wp\/v2\/posts\/52478\/revisions"}],"predecessor-version":[{"id":54490,"href":"https:\/\/www.greenpeace.org\/sweden\/wp-json\/wp\/v2\/posts\/52478\/revisions\/54490"}],"wp:featuredmedia":[{"embeddable":true,"href":"https:\/\/www.greenpeace.org\/sweden\/wp-json\/wp\/v2\/media\/52479"}],"wp:attachment":[{"href":"https:\/\/www.greenpeace.org\/sweden\/wp-json\/wp\/v2\/media?parent=52478"}],"wp:term":[{"taxonomy":"category","embeddable":true,"href":"https:\/\/www.greenpeace.org\/sweden\/wp-json\/wp\/v2\/categories?post=52478"},{"taxonomy":"post_tag","embeddable":true,"href":"https:\/\/www.greenpeace.org\/sweden\/wp-json\/wp\/v2\/tags?post=52478"},{"taxonomy":"p4-page-type","embeddable":true,"href":"https:\/\/www.greenpeace.org\/sweden\/wp-json\/wp\/v2\/p4-page-type?post=52478"}],"curies":[{"name":"wp","href":"https:\/\/api.w.org\/{rel}","templated":true}]}}