{"id":52614,"date":"2022-09-12T16:07:04","date_gmt":"2022-09-12T15:07:04","guid":{"rendered":"https:\/\/www.greenpeace.org\/sweden\/?p=52614"},"modified":"2023-02-20T15:08:02","modified_gmt":"2023-02-20T14:08:02","slug":"sverige-behover-en-regering-som-tar-sitt-klimatansvar","status":"publish","type":"post","link":"https:\/\/www.greenpeace.org\/sweden\/pressmeddelanden\/klimat\/sverige-behover-en-regering-som-tar-sitt-klimatansvar\/","title":{"rendered":"Sverige beh\u00f6ver en regering som tar sitt klimatansvar"},"content":{"rendered":"\n<p>Greenpeace ser med oro p\u00e5 resultatet av g\u00e5rdagens val. Sverige beh\u00f6ver en ansvarsfull regering med en tydlig klimatpolitik. Inget av regeringsalternativen har idag en politik som lever upp till Parisavtalet eller leder till minskade utsl\u00e4pp. Och om Sverige f\u00e5r en bl\u00e5brun regering riskerar den svenska milj\u00f6- och klimatpolitiken att haverera helt.&nbsp;<\/p>\n\n<figure class=\"wp-block-image size-full\"><img loading=\"lazy\" decoding=\"async\" width=\"1200\" height=\"800\" src=\"https:\/\/www.greenpeace.org\/static\/planet4-sweden-stateless\/2022\/09\/0bacb5e5-gp_jana_eriksson_riksdagen-panic.webp\" alt=\"\" class=\"wp-image-52616\"\/><figcaption class=\"wp-element-caption\">Bild: Greenpeace Sverige<\/figcaption><\/figure>\n\n<ul class=\"wp-block-list\">\n<li>Inget av de fyra h\u00f6gerpartierna har en h\u00e5llbar klimatpolitik, majoritetspartiet \u00e4r mer eller mindre uttalat klimatf\u00f6rnekare, och tre av dem saknar i stort sett helt en klimat- och milj\u00f6politik, vilket antagligen kommer att avspeglas i deras gemensamma politik.&nbsp; De saknar \u00e5tg\u00e4rder f\u00f6r minska utsl\u00e4ppen och f\u00f6r att s\u00e4kerst\u00e4lla den biologiska m\u00e5ngfalden, i den grad att vi ser en risk f\u00f6r \u00f6kad utarmning<strong>, s\u00e4ger Erika Bjureby, Sverigechef Greenpeace. <\/strong>&nbsp;<\/li>\n<\/ul>\n\n<p>Vi kommer att f\u00e5 se en politik som fokuserar p\u00e5 falska l\u00f6sningar s\u00e5som k\u00e4rnkraft, CCS, och biobr\u00e4nslen och troligen \u00f6kade utsl\u00e4pp ist\u00e4llet f\u00f6r den snabba minskning som kr\u00e4vs. Alla 4 partierna anv\u00e4nder till exempel k\u00e4rnkraft som en urs\u00e4kt f\u00f6r att de i \u00f6vrigt saknar klimatpolitik. Det kommer f\u00e5 stora konsekvenser f\u00f6r Sveriges internationella ambition att driva p\u00e5 klimatpolitiken i EU och resten av v\u00e4rlden.<\/p>\n\n<p>Uttalanden och l\u00f6ften fr\u00e5n h\u00f6gerblocket&nbsp; indikerar ocks\u00e5 en f\u00f6rsvagning av m\u00e4nskliga r\u00e4ttigheter, d\u00e4ribland samernas urfolksr\u00e4tt och flyktingars r\u00e4ttigheter, samt milj\u00f6aktivisters och medborgares r\u00e4ttss\u00e4kerhet.<\/p>\n\n<p>De kommande decennierna kommer vi att bevittna en dramatisk f\u00f6r\u00e4ndring av v\u00e4rlden runt omkring oss. Om samh\u00e4llets makthavare v\u00e4ljer ett passivt f\u00f6rh\u00e5llningss\u00e4tt eller agerar f\u00f6r sent inf\u00f6r det planet\u00e4ra n\u00f6dl\u00e4ge forskarna larmar om, s\u00e5 kommer konsekvenserna att bli katastrofala f\u00f6r hela samh\u00e4llet.&nbsp;<\/p>\n\n<ul class=\"wp-block-list\">\n<li>&nbsp;Vi f\u00e5r se vad det slutliga valresultatet blir, men det lutar oavsett mot att det kommer&nbsp; beh\u00f6vas st\u00f6rre engagemang fr\u00e5n milj\u00f6r\u00f6relsen och enskilda medborgare.  Vi kommer aldrig till\u00e5ta att de h\u00e4r fr\u00e5gorna tystnar. Nu mer \u00e4n n\u00e5gonsin m\u00e5ste vi vara en stark r\u00f6st f\u00f6r klimatet, <strong>s\u00e4ger Erika Bjureby, Sverigechef f\u00f6r Greenpeace. &nbsp;<\/strong><\/li>\n<\/ul>\n","protected":false},"excerpt":{"rendered":"<p>Greenpeace ser med oro p\u00e5 resultatet av g\u00e5rdagens val. Sverige beh\u00f6ver en ansvarsfull regering med en tydlig klimatpolitik. Inget av regeringsalternativen har idag en politik som lever upp till Parisavtalet.<\/p>\n","protected":false},"author":34,"featured_media":52616,"comment_status":"closed","ping_status":"closed","sticky":false,"template":"","format":"standard","meta":{"ep_exclude_from_search":false,"p4_og_title":"","p4_og_description":"","p4_og_image":"","p4_og_image_id":"","p4_seo_canonical_url":"","p4_campaign_name":"not set","p4_local_project":"not set","p4_basket_name":"not set","p4_department":"","footnotes":""},"categories":[2],"tags":[53,54],"p4-page-type":[14],"class_list":["post-52614","post","type-post","status-publish","format-standard","has-post-thumbnail","hentry","category-klimat","tag-svenskpolitik","tag-parisavtalet","p4-page-type-pressmeddelanden"],"_links":{"self":[{"href":"https:\/\/www.greenpeace.org\/sweden\/wp-json\/wp\/v2\/posts\/52614","targetHints":{"allow":["GET"]}}],"collection":[{"href":"https:\/\/www.greenpeace.org\/sweden\/wp-json\/wp\/v2\/posts"}],"about":[{"href":"https:\/\/www.greenpeace.org\/sweden\/wp-json\/wp\/v2\/types\/post"}],"author":[{"embeddable":true,"href":"https:\/\/www.greenpeace.org\/sweden\/wp-json\/wp\/v2\/users\/34"}],"replies":[{"embeddable":true,"href":"https:\/\/www.greenpeace.org\/sweden\/wp-json\/wp\/v2\/comments?post=52614"}],"version-history":[{"count":6,"href":"https:\/\/www.greenpeace.org\/sweden\/wp-json\/wp\/v2\/posts\/52614\/revisions"}],"predecessor-version":[{"id":54765,"href":"https:\/\/www.greenpeace.org\/sweden\/wp-json\/wp\/v2\/posts\/52614\/revisions\/54765"}],"wp:featuredmedia":[{"embeddable":true,"href":"https:\/\/www.greenpeace.org\/sweden\/wp-json\/wp\/v2\/media\/52616"}],"wp:attachment":[{"href":"https:\/\/www.greenpeace.org\/sweden\/wp-json\/wp\/v2\/media?parent=52614"}],"wp:term":[{"taxonomy":"category","embeddable":true,"href":"https:\/\/www.greenpeace.org\/sweden\/wp-json\/wp\/v2\/categories?post=52614"},{"taxonomy":"post_tag","embeddable":true,"href":"https:\/\/www.greenpeace.org\/sweden\/wp-json\/wp\/v2\/tags?post=52614"},{"taxonomy":"p4-page-type","embeddable":true,"href":"https:\/\/www.greenpeace.org\/sweden\/wp-json\/wp\/v2\/p4-page-type?post=52614"}],"curies":[{"name":"wp","href":"https:\/\/api.w.org\/{rel}","templated":true}]}}