{"id":53024,"date":"2022-11-21T10:55:00","date_gmt":"2022-11-21T09:55:00","guid":{"rendered":"https:\/\/www.greenpeace.org\/sweden\/?p=53024"},"modified":"2023-02-17T10:58:40","modified_gmt":"2023-02-17T09:58:40","slug":"sverige-maste-ta-ansvar-for-havets-framtid","status":"publish","type":"post","link":"https:\/\/www.greenpeace.org\/sweden\/artiklar\/hav\/sverige-maste-ta-ansvar-for-havets-framtid\/","title":{"rendered":"Sverige m\u00e5ste ta ansvar f\u00f6r havets framtid!"},"content":{"rendered":"\n<figure class=\"wp-block-image aligncenter size-large is-resized\"><img loading=\"lazy\" decoding=\"async\" src=\"https:\/\/www.greenpeace.org\/static\/planet4-sweden-stateless\/2022\/11\/10a8a948-gp0sto55a-1024x683.jpg\" title=\"West African Fishery Discard.\" alt=\"West African Fishery Discard.\" class=\"wp-image-53028\" width=\"701\" height=\"466\" srcset=\"https:\/\/www.greenpeace.org\/static\/planet4-sweden-stateless\/2022\/11\/10a8a948-gp0sto55a-300x200.jpg 300w, https:\/\/www.greenpeace.org\/static\/planet4-sweden-stateless\/2022\/11\/10a8a948-gp0sto55a-768x512.jpg 768w, https:\/\/www.greenpeace.org\/static\/planet4-sweden-stateless\/2022\/11\/10a8a948-gp0sto55a-510x340.jpg 510w, https:\/\/www.greenpeace.org\/static\/planet4-sweden-stateless\/2022\/11\/10a8a948-gp0sto55a.jpg 1200w\" sizes=\"auto, (max-width: 701px) 100vw, 701px\" \/><\/figure>\n\n<p class=\"has-medium-font-size\"><strong>I dag (m\u00e5ndag 21\/11) \u00e4r det den internationella fiskedagen. Det \u00e4r en dag som nog g\u00e5r de flesta av oss f\u00f6rbi, men det \u00e4r \u00e4nd\u00e5 en dag v\u00e4l v\u00e4rd att uppm\u00e4rksamma! Idag vill vi ta tillf\u00e4llet i akt att p\u00e5minna om hur viktigt marina ekosystem i balans \u00e4r inte bara f\u00f6r havet, utan f\u00f6r alla oss som lever p\u00e5 planeten jorden. <\/strong><\/p>\n\n<div class=\"wp-block-columns is-layout-flex wp-container-core-columns-is-layout-9d6595d7 wp-block-columns-is-layout-flex\">\n<div class=\"wp-block-column is-layout-flow wp-block-column-is-layout-flow\" style=\"flex-basis:100%\"><\/div>\n<\/div>\n\n<p><strong>Tyv\u00e4rr \u00e4r vi idag l\u00e5ngt ifr\u00e5n hav i balans.&nbsp;<\/strong>En av huvudorsakerna bakom detta \u00e4r just fiske. Dagens industriella fiske kan b\u00e4st beskrivas som en t\u00e4vling i rovdrift, som systematiskt suger ut livet i havet och l\u00e4mnar efter sig upprivna havsbottnar och \u00f6de havslandskap.<\/p>\n\n<p><strong>L\u00e4get \u00e4r med andra ord illa <\/strong>f\u00f6r hav \u00f6ver hela v\u00e5r bl\u00e5 planet, men v\u00e4rst \u00e4r det \u00e4nd\u00e5 p\u00e5 det \u00f6ppna havet. Det utg\u00f6r en majoritet av havet och \u00e4r de omr\u00e5den som ligger utanf\u00f6r l\u00e4nders territoriella gr\u00e4ns. D\u00e4r r\u00e5der full lagl\u00f6shet. D\u00e4r f\u00e4rdas monstertr\u00e5lare i skytteltrafik medan de dammsuger haven p\u00e5 liv och l\u00e4mnar sm\u00e5skaliga kustfiskare med tomma n\u00e4t. Detta har lett till att <strong>90 procent av v\u00e4rldens fiskbest\u00e5nd nu antingen \u00e4r utfiskade eller fiskas maximalt.<\/strong>&nbsp;<\/p>\n\n<p><\/p>\n\n<figure class=\"wp-block-image aligncenter size-full is-resized\"><img loading=\"lazy\" decoding=\"async\" src=\"https:\/\/www.greenpeace.org\/static\/planet4-sweden-stateless\/2022\/11\/77314d10-image.png\" alt=\"\" class=\"wp-image-53061\" width=\"426\" height=\"283\" srcset=\"https:\/\/www.greenpeace.org\/static\/planet4-sweden-stateless\/2022\/11\/77314d10-image.png 1024w, https:\/\/www.greenpeace.org\/static\/planet4-sweden-stateless\/2022\/11\/77314d10-image-300x200.png 300w, https:\/\/www.greenpeace.org\/static\/planet4-sweden-stateless\/2022\/11\/77314d10-image-768x511.png 768w, https:\/\/www.greenpeace.org\/static\/planet4-sweden-stateless\/2022\/11\/77314d10-image-510x340.png 510w\" sizes=\"auto, (max-width: 426px) 100vw, 426px\" \/><\/figure>\n\n<p><\/p>\n\n<p><strong>Sverige \u00e4r inget undantag<\/strong>. P\u00e5 v\u00e4stkusten har de stora rovfiskarna i stort sett helt f\u00f6rsvunnit. I \u00d6stersj\u00f6n har torsken kollapsat och sillen och str\u00f6mmingen ser ut att g\u00e5 samma \u00f6de till m\u00f6tes. <strong>Trots larmrapporter om kollapsade best\u00e5nd \u00f6kade EU fiskekvoterna f\u00f6r 2023 p\u00e5 bland annat sill i centrala \u00d6stersj\u00f6n med 14 procent, <\/strong>ett f\u00f6rslag som majoriteten av riksdagspartierna st\u00e4llde sig positiva till. Verklighetsfr\u00e5nv\u00e4nt men knappast f\u00f6rv\u00e5nande, d\u00e5 det har blivit snarare regel \u00e4n undantag att EU:s fiskekvoter g\u00e5r p\u00e5 tv\u00e4rs med vetenskapens rekommendationer.&nbsp;<\/p>\n\n<p><strong>P\u00e5 pappret \u00e4r tio procent av Sveriges hav \u00e4r skyddat<\/strong>, men verkligheten ser annorlunda ut. Exempelvis \u00e4r det fortsatt fritt att bottentr\u00e5la i dessa omr\u00e5den, ofta helt utan tillst\u00e5ndspr\u00f6vning, vilket i sig \u00e4r ett brott mot milj\u00f6lagstiftningen b\u00e5de i Sverige och i EU.&nbsp;Det finns flera s\u00e4tt att hejda denna destruktiva utveckling. Fiskbest\u00e5nden kan skyddas b\u00e5de av s\u00e4nkta fiskekvoter men \u00e4n mer effektivt genom instiftandet av marina reservat. Forskare \u00e4r eniga om att f\u00f6r att havet ska ha en m\u00f6jlighet att \u00e5terh\u00e4mta sig m\u00e5ste minst <strong>30 procent av haven omvandlas till skyddade omr\u00e5den till 2030.<\/strong> Detta m\u00e5l har Sverige st\u00e4llt sig bakom. Nu g\u00e4ller det att v\u00e5r regering st\u00e5r fast vid och g\u00f6r verklighet av beslutet. Idag \u00e4r knappa tv\u00e5 procent av det \u00f6ppna havet skyddat.&nbsp;<\/p>\n\n<p><\/p>\n\n<figure class=\"wp-block-image aligncenter size-full is-resized\"><img loading=\"lazy\" decoding=\"async\" src=\"https:\/\/www.greenpeace.org\/static\/planet4-sweden-stateless\/2022\/04\/f2104328-gp1suxj8_web_size_with_credit_line.jpg\" title=\"Haj f\u00e5ngad i n\u00e4t i Indiska oceanen\" alt=\"\" class=\"wp-image-51538\" width=\"428\" height=\"285\" srcset=\"https:\/\/www.greenpeace.org\/static\/planet4-sweden-stateless\/2022\/04\/f2104328-gp1suxj8_web_size_with_credit_line.jpg 800w, https:\/\/www.greenpeace.org\/static\/planet4-sweden-stateless\/2022\/04\/f2104328-gp1suxj8_web_size_with_credit_line-300x200.jpg 300w, https:\/\/www.greenpeace.org\/static\/planet4-sweden-stateless\/2022\/04\/f2104328-gp1suxj8_web_size_with_credit_line-768x512.jpg 768w, https:\/\/www.greenpeace.org\/static\/planet4-sweden-stateless\/2022\/04\/f2104328-gp1suxj8_web_size_with_credit_line-510x340.jpg 510w\" sizes=\"auto, (max-width: 428px) 100vw, 428px\" \/><\/figure>\n\n<p><\/p>\n\n<p><strong>S\u00e5 vad kan du g\u00f6ra?<\/strong> Tills vi har policys p\u00e5 plats som skyddar de marina ekosystemen, och m\u00e4nniskorna som \u00e4r beroende av dem f\u00f6r sin \u00f6verlevnad, kan vi f\u00f6rs\u00f6ka minska hur mycket fisk och skaldjur vi \u00e4ter. N\u00e4r vi v\u00e4l v\u00e4ljer att \u00e4ta det \u00e4r det viktigt att vi v\u00e4nder oss till lokala, sm\u00e5skaliga och h\u00e5llbara fiskerier. Vi kan ocks\u00e5 pressa v\u00e5ra politiker genom att kr\u00e4va att de inte urholkar Sveriges position och h\u00e5ller l\u00f6ftet om att vid n\u00e4sta FN f\u00f6rhandling <strong><a href=\"https:\/\/www.greenpeace.org\/sweden\/agera\/skyddahaven\/skydda-haven\/\">ge v\u00e4rlden ett starkt globalt havsavtal,<\/a><\/strong> som kommer inneb\u00e4ra en ljusare framtid f\u00f6r livet i havet och alla som \u00e4r beroende av det. <\/p>\n\n<p><\/p>\n\n<p><strong>I mitten av februari samlas v\u00e4rldens l\u00e4nder <\/strong>f\u00f6r att efter decennier av f\u00f6rhandlingar slutf\u00f6ra ett globalt havsavtal. Det blir dagar som kommer kommer spela en avg\u00f6rande roll f\u00f6r v\u00e5r bl\u00e5 planets framtid, f\u00f6r allas v\u00e5r framtid. <\/p>\n\n<p><\/p>\n\n<figure class=\"wp-block-image aligncenter size-large is-resized\"><img loading=\"lazy\" decoding=\"async\" src=\"https:\/\/www.greenpeace.org\/static\/planet4-sweden-stateless\/2022\/11\/fe52e200-gp01wpp-1024x614.jpg\" title=\"Greenpeace Divers in the Pacific Ocean.\" alt=\"Greenpeace Divers in the Pacific Ocean.\" class=\"wp-image-53065\" width=\"428\" height=\"256\" srcset=\"https:\/\/www.greenpeace.org\/static\/planet4-sweden-stateless\/2022\/11\/fe52e200-gp01wpp-1024x614.jpg 1024w, https:\/\/www.greenpeace.org\/static\/planet4-sweden-stateless\/2022\/11\/fe52e200-gp01wpp-300x180.jpg 300w, https:\/\/www.greenpeace.org\/static\/planet4-sweden-stateless\/2022\/11\/fe52e200-gp01wpp-768x460.jpg 768w, https:\/\/www.greenpeace.org\/static\/planet4-sweden-stateless\/2022\/11\/fe52e200-gp01wpp-510x306.jpg 510w, https:\/\/www.greenpeace.org\/static\/planet4-sweden-stateless\/2022\/11\/fe52e200-gp01wpp.jpg 1200w\" sizes=\"auto, (max-width: 428px) 100vw, 428px\" \/><\/figure>\n\n<p><\/p>\n\n<p style=\"font-size:22px\"><strong>F\u00f6r att kunna f\u00f6ra denna avg\u00f6rande FN-process i hamn och v\u00e4nda utarmningen av livet i haven beh\u00f6ver Sveriges regering s\u00e4kerst\u00e4lla f\u00f6ljande:&nbsp;<\/strong><\/p>\n\n<p><\/p>\n\n<p><\/p>\n\n<p class=\"has-medium-font-size\"><strong>Internationellt<\/strong>:<\/p>\n\n<ul class=\"wp-block-list\">\n<li><strong>Svenska regeringen m\u00e5ste h\u00e5lla en stark position och pusha EU fram\u00e5t i f\u00f6rhandlingarna f\u00f6r ett globalt havsavtal<\/strong><\/li>\n\n\n\n<li><strong>Utrikesminister Tobias Billgren m\u00e5ste sj\u00e4lv leda den svenska delegationen i New York. Det \u00e4r av yttersta vikt att Sverige visar att man tar f\u00f6rhandlingarna p\u00e5 allvar genom att man kommer till f\u00f6rhandlingarna v\u00e4l f\u00f6rberedd och med stark representation<\/strong><\/li>\n<\/ul>\n\n<p class=\"has-medium-font-size\"><strong>Nationellt<\/strong>:<\/p>\n\n<ul class=\"wp-block-list\">\n<li><strong>Sverige m\u00e5ste ta sitt ansvar \u00e4ven p\u00e5 nationellt plan. Reglera nyttjandet av de befintliga marina reservaten s\u00e5 de f\u00e5r ett skydd v\u00e4rt namnet<\/strong><\/li>\n\n\n\n<li><strong>Flytta ut tr\u00e5lgr\u00e4nsen permanent till 12 sj\u00f6mil utanf\u00f6r den svenska kusten&nbsp;<\/strong><\/li>\n\n\n\n<li><strong>P\u00e5 sikt m\u00e5ste bottentr\u00e5lning som fiskemetod fasas ut helt<\/strong><\/li>\n<\/ul>\n\n<p><\/p>\n\n<figure class=\"wp-block-image aligncenter size-large is-resized\"><img loading=\"lazy\" decoding=\"async\" src=\"https:\/\/www.greenpeace.org\/static\/planet4-sweden-stateless\/2022\/11\/11a29d10-gp1sza4a-1024x684.jpg\" title=\"UN Oceans Negotiations IGC5 Rally.\" alt=\"UN Oceans Negotiations IGC5 Rally.\" class=\"wp-image-53066\" width=\"758\" height=\"504\" srcset=\"https:\/\/www.greenpeace.org\/static\/planet4-sweden-stateless\/2022\/11\/11a29d10-gp1sza4a-300x200.jpg 300w, https:\/\/www.greenpeace.org\/static\/planet4-sweden-stateless\/2022\/11\/11a29d10-gp1sza4a-510x340.jpg 510w\" sizes=\"auto, (max-width: 758px) 100vw, 758px\" \/><\/figure>\n\n<p><\/p>\n\n<p><\/p>\n\n<p><\/p>\n\n<p><\/p>\n\n<p><\/p>\n\n<p><\/p>\n\n<p><\/p>\n\n<p><\/p>\n\n<h2 class=\"has-text-align-center wp-block-heading\" style=\"font-size:28px\"><strong><sup><mark class=\"has-inline-color has-green-800-color\">G\u00f6r som \u00f6ver fem miljoner andra v\u00e4rlden \u00f6ver, s\u00e4tt press p\u00e5 v\u00e5ra politiker och <a href=\"https:\/\/www.greenpeace.org\/sweden\/agera\/skyddahaven\/skydda-haven\/\">skriv p\u00e5 f\u00f6r ett starkt globalt havsavtal!<\/a><\/mark><\/sup><\/strong><\/h2>\n","protected":false},"excerpt":{"rendered":"<p>M\u00e5ndag 21\/11 \u00e4r internationella fiskeridagen. V\u00e5ra hav \u00e4r starkt hotade och en av huvudorsakerna bakom detta \u00e4r just fiske.<\/p>\n","protected":false},"author":48,"featured_media":53028,"comment_status":"closed","ping_status":"closed","sticky":false,"template":"","format":"standard","meta":{"ep_exclude_from_search":false,"p4_og_title":"","p4_og_description":"","p4_og_image":"","p4_og_image_id":"","p4_seo_canonical_url":"","p4_campaign_name":"not set","p4_local_project":"not set","p4_basket_name":"not set","p4_department":"","footnotes":""},"categories":[3],"tags":[28,30,53],"p4-page-type":[16],"class_list":["post-53024","post","type-post","status-publish","format-standard","has-post-thumbnail","hentry","category-hav","tag-overfiske","tag-marinaskyddadeomraden","tag-svenskpolitik","p4-page-type-artiklar"],"_links":{"self":[{"href":"https:\/\/www.greenpeace.org\/sweden\/wp-json\/wp\/v2\/posts\/53024","targetHints":{"allow":["GET"]}}],"collection":[{"href":"https:\/\/www.greenpeace.org\/sweden\/wp-json\/wp\/v2\/posts"}],"about":[{"href":"https:\/\/www.greenpeace.org\/sweden\/wp-json\/wp\/v2\/types\/post"}],"author":[{"embeddable":true,"href":"https:\/\/www.greenpeace.org\/sweden\/wp-json\/wp\/v2\/users\/48"}],"replies":[{"embeddable":true,"href":"https:\/\/www.greenpeace.org\/sweden\/wp-json\/wp\/v2\/comments?post=53024"}],"version-history":[{"count":20,"href":"https:\/\/www.greenpeace.org\/sweden\/wp-json\/wp\/v2\/posts\/53024\/revisions"}],"predecessor-version":[{"id":54500,"href":"https:\/\/www.greenpeace.org\/sweden\/wp-json\/wp\/v2\/posts\/53024\/revisions\/54500"}],"wp:featuredmedia":[{"embeddable":true,"href":"https:\/\/www.greenpeace.org\/sweden\/wp-json\/wp\/v2\/media\/53028"}],"wp:attachment":[{"href":"https:\/\/www.greenpeace.org\/sweden\/wp-json\/wp\/v2\/media?parent=53024"}],"wp:term":[{"taxonomy":"category","embeddable":true,"href":"https:\/\/www.greenpeace.org\/sweden\/wp-json\/wp\/v2\/categories?post=53024"},{"taxonomy":"post_tag","embeddable":true,"href":"https:\/\/www.greenpeace.org\/sweden\/wp-json\/wp\/v2\/tags?post=53024"},{"taxonomy":"p4-page-type","embeddable":true,"href":"https:\/\/www.greenpeace.org\/sweden\/wp-json\/wp\/v2\/p4-page-type?post=53024"}],"curies":[{"name":"wp","href":"https:\/\/api.w.org\/{rel}","templated":true}]}}