{"id":53087,"date":"2022-11-21T13:55:17","date_gmt":"2022-11-21T12:55:17","guid":{"rendered":"https:\/\/www.greenpeace.org\/sweden\/?p=53087"},"modified":"2023-10-27T13:53:20","modified_gmt":"2023-10-27T12:53:20","slug":"circular-monday-cirkulara-kladtips","status":"publish","type":"post","link":"https:\/\/www.greenpeace.org\/sweden\/artiklar\/greenpeace\/circular-monday-cirkulara-kladtips\/","title":{"rendered":"Circular Monday &#8211; cirkul\u00e4ra kl\u00e4dtips fr\u00e5n A Sustainable Closet"},"content":{"rendered":"\n<p><strong>Snart \u00e4r det Black Friday &#8211; dagen d\u00e5 f\u00f6retag tar fram sina mest aggressiva s\u00e4ljkampanjer f\u00f6r att f\u00e5 oss att k\u00f6pa saker vi egentligen inte beh\u00f6ver. <\/strong>Tillsammans med <a href=\"https:\/\/www.asustainablecloset.com\/\">A Sustainable Closet<\/a> som jobbar med h\u00e5llbart mode vill vi d\u00e4rf\u00f6r belysa kl\u00e4dindustrins p\u00e5verkan p\u00e5 klimatet. Fast fashion-industrin spelar en nyckelroll i detta vilket vi b\u00e5de vill belysa, men ocks\u00e5 ge alternativ till &#8211; hur du kan bli mer cirkulent, snarare \u00e4n konsument. Idag, m\u00e5ndagen innan Black Friday infaller Circular Monday, ett mot-innitiativ f\u00f6r att uppmana till mer cirkul\u00e4rt t\u00e4nk: reparera det du har, byt saker, l\u00e5na av varandra med mera. Tillsammans med A Sustainable Closet pratar vi om <a href=\"https:\/\/www.asustainablecloset.com\/home\/black-friday-what-you-need-to-know-about-the-fashion-industry-before-buying\">problemet med modeindustrin<\/a>, l\u00f6sningarna och ger inspiration till hur du kan bli mer av en cirkulent. <\/p>\n\n<figure class=\"wp-block-image size-full\"><img loading=\"lazy\" decoding=\"async\" width=\"800\" height=\"533\" src=\"https:\/\/www.greenpeace.org\/static\/planet4-sweden-stateless\/2022\/11\/2af2a9f1-gp1swme3_web_size_with_credit_line.jpg\" title=\"Circular Monday - ett alternativ till Black Friday\" alt=\"Circular Monday - ett alternativ till Black Friday\" class=\"wp-image-53089\" srcset=\"https:\/\/www.greenpeace.org\/static\/planet4-sweden-stateless\/2022\/11\/2af2a9f1-gp1swme3_web_size_with_credit_line.jpg 800w, https:\/\/www.greenpeace.org\/static\/planet4-sweden-stateless\/2022\/11\/2af2a9f1-gp1swme3_web_size_with_credit_line-300x200.jpg 300w, https:\/\/www.greenpeace.org\/static\/planet4-sweden-stateless\/2022\/11\/2af2a9f1-gp1swme3_web_size_with_credit_line-768x512.jpg 768w, https:\/\/www.greenpeace.org\/static\/planet4-sweden-stateless\/2022\/11\/2af2a9f1-gp1swme3_web_size_with_credit_line-510x340.jpg 510w\" sizes=\"auto, (max-width: 800px) 100vw, 800px\" \/><figcaption class=\"wp-element-caption\">Innan Black Friday infaller circular Monday &#8211; dagen vi blir b\u00e4ttre cirkulenter snarare \u00e4n konsumenter. <\/figcaption><\/figure>\n\n<h2 class=\"wp-block-heading\">H\u00e5llbar konsumtion<\/h2>\n\n<p>Du kanske har h\u00f6rt uttrycket \u201cVote with your wallet\u201d? Det inneb\u00e4r att vad vi v\u00e4ljer att l\u00e4gga v\u00e5ra pengar p\u00e5 formar den v\u00e4rld vi lever i. Naturligtvis kan vi som konsumenter inte l\u00f6sa klimatkrisen, men \u00e4r vi tillr\u00e4ckligt m\u00e5nga individer som tar vissa k\u00f6pbeslut kan vi v\u00e4nda trender. <a rel=\"noreferrer noopener\" href=\"https:\/\/jordbruksverket.se\/mat-och-drycker\/hallbar-produktion-och-konsumtion-av-mat\/konsumtion-av-kott\" target=\"_blank\">Visste du till exempel att Sverige hade sin \u201ck\u00f6tt-peak\u201d \u00e5r 2017?<\/a> Vi \u00e4r allts\u00e5 ett av de f\u00e5 l\u00e4nder i v\u00e4rlden d\u00e4r k\u00f6ttkonsumtionen har g\u00e5tt ned sedan 2016 och det \u00e4r mycket tack vare att fler har valt vego p\u00e5 tallriken. <\/p>\n\n<p>N\u00e4r det g\u00e4ller textilier <a href=\"https:\/\/www.asustainablecloset.com\/home\/black-friday-what-you-need-to-know-about-the-fashion-industry-before-buying\" target=\"_blank\" rel=\"noreferrer noopener\">s\u00e5 k\u00f6per vi i Sverige genomsnitt 13.7 kg nya textilier per person, d\u00e4r endast 0.8% \u00e4r second hand. Vi donerar 3.8 kg men mer \u00e4n 7 kg hamnar i soporna.<\/a> H\u00e4r g\u00f6r individuella handlingar skillnad.<\/p>\n\n<h3 class=\"wp-block-heading\"><strong>A Sustainable Closet ger 5 tips om hur du blir en b\u00e4ttre cirkulent!<\/strong><\/h3>\n\n<ul class=\"has-medium-font-size wp-block-list\">\n<li> <strong>Second hand i f\u00f6rsta hand<\/strong>. Innan du k\u00f6per n\u00e5got, unders\u00f6k om du kan hitta det du beh\u00f6ver p\u00e5 second hand. Det finns en hel del butiker online och appar som du kan ladda ned. Du m\u00e5ste inte g\u00e5 till en butik n\u00e4ra dig. Second hand-butikerna blir \u00e4ven b\u00e4ttre och b\u00e4ttre p\u00e5 att nischa sig och skapa ett utbud utefter vad du \u00e4r ute efter. Visste du till exempel att det finns en second hand-butik i Stockholm f\u00f6r bara friluftskl\u00e4der?<\/li>\n\n\n\n<li><strong>Hyr vid speciella tillf\u00e4llen eller perioder<\/strong>. Kanske \u00e4r det dags f\u00f6r examensfest, br\u00f6llop eller bal? Eller vill du ha n\u00e5got speciellt p\u00e5 den d\u00e4r julfesten? Varf\u00f6r inte hyra en kostym, kl\u00e4nning eller andra annorlunda plagg du kanske inte beh\u00f6ver i vardagen? Desto mer vi delar p\u00e5 plaggen och desto mindre tid de bara h\u00e4nger i garderoben desto b\u00e4ttre. Visste du \u00e4ven att det finns hyrtj\u00e4nster online f\u00f6r barnkl\u00e4der och andra prylar s\u00e5som barnvagn? Du m\u00e5ste inte k\u00f6pa alltid nytt under sm\u00e5barns\u00e5ren, det g\u00e5r \u00e4ven att hyra.<\/li>\n\n\n\n<li><strong>L\u00e4r dig sy och laga det du kan<\/strong>. Kanske \u00e4r det dags f\u00f6r den d\u00e4r sykursen? Eller varf\u00f6r inte fr\u00e5ga om en workshop p\u00e5 jobbet? Eller vill du starta en studiecirkel med fokus p\u00e5 att lappa och laga? Det g\u00e5r att hitta m\u00e5nga kreativa s\u00e4tt att f\u00f6rl\u00e4nga livsl\u00e4ngden p\u00e5 de plagg vi har och mycket information finns gratis online. Men att arbeta i grupp kan \u00e4ven vara ett roligt s\u00e4tt att umg\u00e5s med varandra. Att st\u00f6tta en skomakare eller skr\u00e4ddare \u00e4r heller inte helt fel. Just nu finns det till och med sneakers-tv\u00e4ttar i vissa st\u00e4der. Det blir definitivt billigare i l\u00e4ngden att underh\u00e5lla kl\u00e4der och skor ist\u00e4llet f\u00f6r k\u00f6pa nytt. <\/li>\n<\/ul>\n\n<ul class=\"has-medium-font-size wp-block-list\">\n<li><strong>Ordna en kl\u00e4dbytardag!<\/strong> Varf\u00f6r inte l\u00e5ta dina v\u00e4nner ta med sig kl\u00e4der de inte anv\u00e4nder n\u00e4sta g\u00e5ng du bjuder p\u00e5 kalas eller middag? L\u00e5t kl\u00e4dcirkulationen komma in i vardagen p\u00e5 andra s\u00e4tt &#8211; kanske ta med dig de d\u00e4r vantarna eller m\u00f6ssan du inte anv\u00e4nder n\u00e4sta g\u00e5ng du tr\u00e4ffar en v\u00e4n p\u00e5 fika? Att fr\u00e5ga om kl\u00e4dbytardag p\u00e5 jobbet eller d\u00e4r du studerar kan \u00e4ven vara ett bra s\u00e4tt att lyfta efterfr\u00e5gan p\u00e5 cirkul\u00e4ra aktiviteter.<\/li>\n<\/ul>\n\n<ul class=\"has-medium-font-size wp-block-list\">\n<li><strong>Lyft det cirkul\u00e4ra alternativet till f\u00f6retagen!<\/strong> N\u00e4sta g\u00e5ng du ska handla n\u00e5got eller bes\u00f6ker de f\u00f6retag du brukar handla hos, fr\u00e5ga om det inte g\u00e5r att hyra plaggen ist\u00e4llet? Eller s\u00e4lja de plagg du har hemma som \u00e4r fr\u00e5n dom? Visa f\u00f6retagen att du vill cirkulera och att du g\u00e4rna g\u00f6r det via dom om det finns m\u00f6jlighet. Visa att du ser framtiden som cirkul\u00e4r, \u00e4ven den framtida<\/li>\n<\/ul>\n\n<p><br><em>Text av Sophie Gripenberg fr\u00e5n A Sustainable Closet<\/em><\/p>\n","protected":false},"excerpt":{"rendered":"<p>Tillsammans med A sustainable closet som jobbar med h\u00e5llbart mode vill Greenpeace prata om problemen med modeindustrin men ocks\u00e5 l\u00f6sningarna och ge inspiration till hur du blir mer av en cirkulent, snarare \u00e4n konsument. <\/p>\n","protected":false},"author":69,"featured_media":53089,"comment_status":"closed","ping_status":"closed","sticky":false,"template":"","format":"standard","meta":{"ep_exclude_from_search":false,"p4_og_title":"Circular Monday - cirkul\u00e4ra kl\u00e4dtips fr\u00e5n A sustainable closet","p4_og_description":"Tillsammans med A sustainable closet som jobbar med h\u00e5llbart mode vill Greenpeace prata om problemen med modeindustrin men ocks\u00e5 l\u00f6sningarna och ge inspiration till hur du blir mer av en cirkulent, snarare \u00e4n konsument. ","p4_og_image":"","p4_og_image_id":"","p4_seo_canonical_url":"","p4_campaign_name":"not set","p4_local_project":"not set","p4_basket_name":"not set","p4_department":"","footnotes":""},"categories":[1],"tags":[8,59],"p4-page-type":[16],"class_list":["post-53087","post","type-post","status-publish","format-standard","has-post-thumbnail","hentry","category-greenpeace","tag-livsstil","tag-tips","p4-page-type-artiklar"],"_links":{"self":[{"href":"https:\/\/www.greenpeace.org\/sweden\/wp-json\/wp\/v2\/posts\/53087","targetHints":{"allow":["GET"]}}],"collection":[{"href":"https:\/\/www.greenpeace.org\/sweden\/wp-json\/wp\/v2\/posts"}],"about":[{"href":"https:\/\/www.greenpeace.org\/sweden\/wp-json\/wp\/v2\/types\/post"}],"author":[{"embeddable":true,"href":"https:\/\/www.greenpeace.org\/sweden\/wp-json\/wp\/v2\/users\/69"}],"replies":[{"embeddable":true,"href":"https:\/\/www.greenpeace.org\/sweden\/wp-json\/wp\/v2\/comments?post=53087"}],"version-history":[{"count":8,"href":"https:\/\/www.greenpeace.org\/sweden\/wp-json\/wp\/v2\/posts\/53087\/revisions"}],"predecessor-version":[{"id":58262,"href":"https:\/\/www.greenpeace.org\/sweden\/wp-json\/wp\/v2\/posts\/53087\/revisions\/58262"}],"wp:featuredmedia":[{"embeddable":true,"href":"https:\/\/www.greenpeace.org\/sweden\/wp-json\/wp\/v2\/media\/53089"}],"wp:attachment":[{"href":"https:\/\/www.greenpeace.org\/sweden\/wp-json\/wp\/v2\/media?parent=53087"}],"wp:term":[{"taxonomy":"category","embeddable":true,"href":"https:\/\/www.greenpeace.org\/sweden\/wp-json\/wp\/v2\/categories?post=53087"},{"taxonomy":"post_tag","embeddable":true,"href":"https:\/\/www.greenpeace.org\/sweden\/wp-json\/wp\/v2\/tags?post=53087"},{"taxonomy":"p4-page-type","embeddable":true,"href":"https:\/\/www.greenpeace.org\/sweden\/wp-json\/wp\/v2\/p4-page-type?post=53087"}],"curies":[{"name":"wp","href":"https:\/\/api.w.org\/{rel}","templated":true}]}}