{"id":5309,"date":"2020-01-23T10:20:52","date_gmt":"2020-01-23T09:20:52","guid":{"rendered":"https:\/\/www.greenpeace.org\/sweden\/?p=5309"},"modified":"2024-08-22T13:26:45","modified_gmt":"2024-08-22T12:26:45","slug":"greenpeace-kolfargade-protest-utanfor-australiens-ambassad","status":"publish","type":"post","link":"https:\/\/www.greenpeace.org\/sweden\/pressmeddelanden\/klimat\/greenpeace-kolfargade-protest-utanfor-australiens-ambassad\/","title":{"rendered":"Greenpeace kolf\u00e4rgade protest utanf\u00f6r Australiens ambassad"},"content":{"rendered":"\n<div class=\"wp-block-image caption-style-blue-overlay caption-alignment-center\"><figure class=\"aligncenter size-large\"><img loading=\"lazy\" decoding=\"async\" width=\"683\" height=\"1024\" src=\"https:\/\/www.greenpeace.org\/static\/planet4-sweden-stateless\/2020\/01\/a7d7bce6-protest_australia.jpeg\" alt=\"\" class=\"wp-image-5312\"\/><figcaption>Volont\u00e4ren Lotta st\u00e5r utanf\u00f6r Australiens ambassad med budskapet &#8217;No Coal&#8217; p\u00e5 h\u00e4nderna.<br> Fotograf: Agnes Maltesdotter<\/figcaption><\/figure><\/div>\n\n<h2 class=\"wp-block-heading\">Under torsdagsmorgonen genomf\u00f6rde Greenpeace en protestaktion utanf\u00f6r den Australiensiska ambassaden i Stockholm. Aktivisterna var kl\u00e4dda i svart, som vid en begravning, f\u00f6r att s\u00f6rja f\u00f6rlusten av alla de m\u00e4nniskor och djur som d\u00f6tt till f\u00f6ljd av br\u00e4nderna i Australien. P\u00e5 aktivisternas handflator fanns texten \u201cCoal kills\u201d, ett budskap som syftar till att klarg\u00f6ra sambandet mellan Australiens stora kolexport och de f\u00f6r\u00f6dande konsekvenserna den f\u00e5r.<\/h2>\n\n<p>\u2013 Br\u00e4nderna i Australien \u00e4r inte bara en klimat- och milj\u00f6kris, utan \u00e4ven en humanit\u00e4r kris. 30 personer har hittills d\u00f6tt i br\u00e4nderna som b\u00f6rjade i september och fortfarande p\u00e5g\u00e5r. Enorma m\u00e4ngder koldioxid har tillf\u00f6rts atmosf\u00e4ren och \u00f6ver en miljard djur strukit med. Det som nu sker i Australien \u00e4r en katastrof orsakad av bristen p\u00e5 politisk handlingsf\u00f6rm\u00e5ga. Krisen vittnar om den ekologiska kollaps vi st\u00e5r inf\u00f6r om inte alla investeringar i fossil energi omedelbart upph\u00f6r, <strong>s\u00e4ger Greenpeace tillf\u00f6rordnade Sverigechef, Isadora Wronski.<\/strong><\/p>\n\n<p>Konstn\u00e4ren Amalia Wahlstr\u00f6m bidrog med <a href=\"https:\/\/www.greenpeace.org\/static\/planet4-sweden-stateless\/2020\/01\/b4cd3f97-australiaactonclimate_greenpeace_amalia_wahlstrom-scaled.jpeg\">ett konstverk<\/a>, f\u00f6rest\u00e4llande \u201cModer Natur\u201d som kramar en koala medan omgivningen st\u00e5r i l\u00e5gor. \u201cProtect our mother, she\u2019s the only one we\u2019ve got\u201d lyder budskapet p\u00e5 m\u00e5lningen. Konstverket l\u00e4mnades \u00f6ver till en representant p\u00e5 den Australiensiska ambassaden efter manifestationen. .<\/p>\n\n<p>\u2013 Forskningen \u00e4r glasklar, extremv\u00e4der, mer omfattande br\u00e4nder, \u00f6versv\u00e4mningar, torka och uppv\u00e4rmda hav orsakas av v\u00e5ra investeringar i fossil energi. Vi ser det v\u00e4rlden \u00f6ver och det kommer drabba oss \u00e4ven i Sverige d\u00e4r vi exempelvis kan v\u00e4nta oss mer <a href=\"https:\/\/www.nat-hazards-earth-syst-sci-discuss.net\/nhess-2019-206\/\">frekventa skogsbr\u00e4nder<\/a>, s\u00e4ger Isadora Wronski.<\/p>\n\n<div class=\"wp-block-image caption-style-blue-overlay caption-alignment-center\"><figure class=\"aligncenter size-large\"><img loading=\"lazy\" decoding=\"async\" width=\"683\" height=\"663\" src=\"https:\/\/www.greenpeace.org\/static\/planet4-sweden-stateless\/2020\/01\/56de2155-demo_processed_cropped.jpg\" alt=\"\" class=\"wp-image-5314\"\/><\/figure><\/div>\n\n<p>Liknande protester sker idag v\u00e4rlden \u00f6ver utanf\u00f6r Australiens ambassader i Kanada, Nya Zeeland, Japan, Ryssland, Polen, Tjeckien, Nederl\u00e4nderna, Finland, Norge, Danmark och Belgien.<\/p>\n\n<p>\u2013 Trots att v\u00e4rldens ledare skrivit under Parisavtalet och f\u00f6rbundit sig att minska utsl\u00e4ppen s\u00e5 investeras det fortfarande tusentals miljarder i fossil energi vilket eldar p\u00e5 klimatkrisen. Australien \u00e4r v\u00e4rldens st\u00f6rsta export\u00f6r av kol. Men i ett l\u00e4ge d\u00e5 landet st\u00e5r i l\u00e5gor, s\u00e5 v\u00e4grar fortfarande Scott Morrissons regering att backa fr\u00e5n den f\u00f6r\u00f6dande kolexporten. Vi \u00e4r h\u00e4r idag f\u00f6r att kr\u00e4va att Australiens regering klipper banden med kolindustrin, avslutar Isadora Wronski.<\/p>\n\n<p><\/p>\n\n<p><strong>\u00d6vrigt<\/strong><br>Nypublicerade bilder p\u00e5 de brandrabbade samh\u00e4llena i Australien finns tillg\u00e4ngliga <a href=\"https:\/\/media.greenpeace.org\/shoot\/27MZIFJ8BPM6K\">h\u00e4r.<\/a>&nbsp;<br>Globala demonstrationsbilder (uppdateras under dagen), samt generella bilder finns tillg\u00e4ngliga<a href=\"https:\/\/media.greenpeace.org\/collection\/27MZIFJ8B632Q#\/SearchResult&amp;ALID=27MZIFJ8B632Q&amp;VBID=27MZVNH7ZXE9\"> h\u00e4r.&nbsp;<\/a><br>Pressbild p\u00e5 Isadora Wronski g\u00e5r att finna <a href=\"http:\/\/www.greenpeace.org\/archive-sweden\/Global\/sweden\/greenpeace\/images\/2015\/medarbetare\/high-res\/isadora_DSC2739.jpg\">h\u00e4r.<\/a><\/p>\n\n<p><\/p>\n\n<p><strong>Kontaktpersoner<\/strong><br>Fanny J\u00f6nsson, kommunikationsansvarig Greenpeace i Sverige,&nbsp;<br><a href=\"mailto:fanny.jonsson@greenpeace.org\">fanny.jonsson@greenpeace.org<\/a>, +46 70 283 30 36<br>Martin Zavan, Media Advisor Greenpeace Australia Pacific, <br><a href=\"mailto:martin.zavan@greenpeace.org\">martin.zavan@greenpeace.org<\/a>, +61 (0) 424 295 422<br>Greenpeace International Press Desk: <a href=\"mailto:pressdesk.int@greenpeace.org\">pressdesk.int@greenpeace.org<\/a>, +31 (0) 20 718 2470 (available 24 hours)<\/p>\n\n<p><\/p>\n\n<p><\/p>\n\n<p><br><\/p>\n\n<p><\/p>\n\t\t\t<section\n\t\t\tclass=\"boxout post-32 \"\n\t\t\t\n\t\t>\n\t\t\t<a\n\t\t\t\tdata-ga-category=\"Take Action Boxout\"\n\t\t\t\tdata-ga-action=\"Image\"\n\t\t\t\tdata-ga-label=\"n\/a\"\n\t\t\t\tclass=\"cover-card-overlay\"\n\t\t\t\thref=\"https:\/\/www.greenpeace.org\/sweden\/agera\/bli-volontar\/\" \n\t\t\t><\/a>\n\t\t\t\t\t\t\t<img\n\t\t\t\t\t\tsrc=\"https:\/\/www.greenpeace.org\/static\/planet4-sweden-stateless\/2019\/01\/6320498f-283ff8a8-gp0strd90-1024x683.jpg\"\n\t\t\t\t\t\tsrcset=\"https:\/\/www.greenpeace.org\/static\/planet4-sweden-stateless\/2019\/01\/6320498f-283ff8a8-gp0strd90-300x200.jpg 300w, https:\/\/www.greenpeace.org\/static\/planet4-sweden-stateless\/2019\/01\/6320498f-283ff8a8-gp0strd90-768x512.jpg 768w, https:\/\/www.greenpeace.org\/static\/planet4-sweden-stateless\/2019\/01\/6320498f-283ff8a8-gp0strd90-1024x683.jpg 1024w, https:\/\/www.greenpeace.org\/static\/planet4-sweden-stateless\/2019\/01\/6320498f-283ff8a8-gp0strd90-510x340.jpg 510w, https:\/\/www.greenpeace.org\/static\/planet4-sweden-stateless\/2019\/01\/6320498f-283ff8a8-gp0strd90.jpg 1200w\"\n\t\t\t\t\t\tsizes=\"(min-width: 1000px) 358px, (min-width: 780px) 313px, 88px\"\n\t\t\t\t\t\talt=\"\" title=\"\"\n\t\t\t\t\/>\n            \t\t\t<div class=\"boxout-content\">\n\t\t\t\t\t\t\t\t\t<a\n\t\t\t\t\t\tclass=\"boxout-heading medium\"\n\t\t\t\t\t\tdata-ga-category=\"Take Action Boxout\"\n\t\t\t\t\t\tdata-ga-action=\"Title\"\n\t\t\t\t\t\tdata-ga-label=\"n\/a\"\n\t\t\t\t\t\thref=\"https:\/\/www.greenpeace.org\/sweden\/agera\/bli-volontar\/\"\n\t\t\t\t\t\t\n\t\t\t\t\t>\n\t\t\t\t\t\tBli volont\u00e4r\n\t\t\t\t\t<\/a>\n\t\t\t\t\t\t\t\t\t\t\t\t\t<p class=\"boxout-excerpt\">Vill du vara med och g\u00f6ra skillnad? N\u00e4r du \u00e4r volont\u00e4r hos oss kan du syssla med allt fr\u00e5n att fixa banderoller, aktioner och demonstrationer till kampanjarbete. Vi erbjuder \u00e4ven en rad tr\u00e4ningar f\u00f6r att du som volont\u00e4r ska v\u00e4xa och med oss.<\/p>\n\t\t\t\t                                    <a\n                        class=\"btn btn-primary\"\n                        data-ga-category=\"Take Action Boxout\"\n                        data-ga-action=\"Call to Action\"\n                        data-ga-label=\"n\/a\"\n                        href=\"https:\/\/www.greenpeace.org\/sweden\/agera\/bli-volontar\/\"\n                        \n                    >\n                        Engagera dig\n                    <\/a>\n                \t\t\t<\/div>\n\t\t\t\t\t<\/section>\n\t","protected":false},"excerpt":{"rendered":"<p>23\/1, Australiens ambassad, Stockholm Under torsdagsmorgonen genomf\u00f6rde Greenpeace en protestaktion utanf\u00f6r den Australiensiska ambassaden i Stockholm. Aktivisterna var kl\u00e4dda i svart, som vid en begravning, f\u00f6r att s\u00f6rja f\u00f6rlusten av&hellip;<\/p>\n","protected":false},"author":34,"featured_media":5316,"comment_status":"closed","ping_status":"open","sticky":false,"template":"","format":"standard","meta":{"ep_exclude_from_search":false,"p4_og_title":"","p4_og_description":"","p4_og_image":"","p4_og_image_id":"","p4_seo_canonical_url":"","p4_campaign_name":"not set","p4_local_project":"not set","p4_basket_name":"not set","p4_department":"","footnotes":""},"categories":[2],"tags":[23,40,31,24,54],"p4-page-type":[14],"class_list":["post-5309","post","type-post","status-publish","format-standard","has-post-thumbnail","hentry","category-klimat","tag-globaluppvarmning","tag-biodiversitet","tag-aktivism","tag-fossilenergi","tag-parisavtalet","p4-page-type-pressmeddelanden"],"_links":{"self":[{"href":"https:\/\/www.greenpeace.org\/sweden\/wp-json\/wp\/v2\/posts\/5309","targetHints":{"allow":["GET"]}}],"collection":[{"href":"https:\/\/www.greenpeace.org\/sweden\/wp-json\/wp\/v2\/posts"}],"about":[{"href":"https:\/\/www.greenpeace.org\/sweden\/wp-json\/wp\/v2\/types\/post"}],"author":[{"embeddable":true,"href":"https:\/\/www.greenpeace.org\/sweden\/wp-json\/wp\/v2\/users\/34"}],"replies":[{"embeddable":true,"href":"https:\/\/www.greenpeace.org\/sweden\/wp-json\/wp\/v2\/comments?post=5309"}],"version-history":[{"count":7,"href":"https:\/\/www.greenpeace.org\/sweden\/wp-json\/wp\/v2\/posts\/5309\/revisions"}],"predecessor-version":[{"id":49818,"href":"https:\/\/www.greenpeace.org\/sweden\/wp-json\/wp\/v2\/posts\/5309\/revisions\/49818"}],"wp:featuredmedia":[{"embeddable":true,"href":"https:\/\/www.greenpeace.org\/sweden\/wp-json\/wp\/v2\/media\/5316"}],"wp:attachment":[{"href":"https:\/\/www.greenpeace.org\/sweden\/wp-json\/wp\/v2\/media?parent=5309"}],"wp:term":[{"taxonomy":"category","embeddable":true,"href":"https:\/\/www.greenpeace.org\/sweden\/wp-json\/wp\/v2\/categories?post=5309"},{"taxonomy":"post_tag","embeddable":true,"href":"https:\/\/www.greenpeace.org\/sweden\/wp-json\/wp\/v2\/tags?post=5309"},{"taxonomy":"p4-page-type","embeddable":true,"href":"https:\/\/www.greenpeace.org\/sweden\/wp-json\/wp\/v2\/p4-page-type?post=5309"}],"curies":[{"name":"wp","href":"https:\/\/api.w.org\/{rel}","templated":true}]}}